{"id":9162,"date":"2025-12-18T20:14:55","date_gmt":"2025-12-18T19:14:55","guid":{"rendered":"https:\/\/blog.phzh.ch\/schreibzentrum\/?p=9162"},"modified":"2025-12-19T06:01:19","modified_gmt":"2025-12-19T05:01:19","slug":"poetry-am-jahresendanlass-der-ph-zuerich-18-12-202","status":"publish","type":"post","link":"https:\/\/blog.phzh.ch\/schreibzentrum\/2025\/12\/poetry-am-jahresendanlass-der-ph-zuerich-18-12-202\/","title":{"rendered":"Poetry am Jahresendanlass der PH Z\u00fcrich, 18.12.2025"},"content":{"rendered":"\n<p> Peter Kaiser (ehemaliger Tutor des Schreibzentrums) und Nadia Gsell (Studentin der PH Z\u00fcrich) pr\u00e4sentierten ihre eindr\u00fccklichen Texte zum Thema &#8222;Was uns bleibt&#8220;.<\/p>\n\n\n\n<figure class=\"wp-block-image size-large\"><img loading=\"lazy\" decoding=\"async\" width=\"1024\" height=\"461\" src=\"https:\/\/blog.phzh.ch\/schreibzentrum\/files\/2025\/12\/2025-12-18-17.51.36-Kopie-1024x461.jpg\" alt=\"\" class=\"wp-image-9171\" srcset=\"https:\/\/blog.phzh.ch\/schreibzentrum\/files\/2025\/12\/2025-12-18-17.51.36-Kopie-1024x461.jpg 1024w, https:\/\/blog.phzh.ch\/schreibzentrum\/files\/2025\/12\/2025-12-18-17.51.36-Kopie-300x135.jpg 300w, https:\/\/blog.phzh.ch\/schreibzentrum\/files\/2025\/12\/2025-12-18-17.51.36-Kopie-150x68.jpg 150w, https:\/\/blog.phzh.ch\/schreibzentrum\/files\/2025\/12\/2025-12-18-17.51.36-Kopie-768x346.jpg 768w, https:\/\/blog.phzh.ch\/schreibzentrum\/files\/2025\/12\/2025-12-18-17.51.36-Kopie-1536x691.jpg 1536w, https:\/\/blog.phzh.ch\/schreibzentrum\/files\/2025\/12\/2025-12-18-17.51.36-Kopie-2048x922.jpg 2048w\" sizes=\"auto, (max-width: 1024px) 100vw, 1024px\" \/><\/figure>\n\n\n\n<figure class=\"wp-block-image size-large\"><img decoding=\"async\" src=\"https:\/\/blog.phzh.ch\/schreibzentrum\/files\/2025\/12\/2025-12-18-17.51.36-Kopie-1-1024x461.jpg\" alt=\"\" class=\"wp-image-9168\"\/><\/figure>\n\n\n\n<p>Alex Rickert &#8211; Leiter des Schreibzentrums &#8211; lud im Anschluss alle Teilnehmenden ein, sich am <a href=\"https:\/\/blog.phzh.ch\/schreibzentrum\/2025\/11\/schreibwettbewerb-2026-ph-goes-poetry-feiert-jubilaeum\/\">Schweibwettbewerb des Schreibzentrums 2026<\/a> zum Thema &#8222;Ausser mir und nebenan&#8220; zu beteiligen.<\/p>\n\n\n\n<figure class=\"wp-block-image size-large\"><img loading=\"lazy\" decoding=\"async\" width=\"1024\" height=\"1020\" src=\"https:\/\/blog.phzh.ch\/schreibzentrum\/files\/2025\/12\/2025-12-18-18.03.30-Kopie-1024x1020.jpg\" alt=\"\" class=\"wp-image-9165\" srcset=\"https:\/\/blog.phzh.ch\/schreibzentrum\/files\/2025\/12\/2025-12-18-18.03.30-Kopie-1024x1020.jpg 1024w, https:\/\/blog.phzh.ch\/schreibzentrum\/files\/2025\/12\/2025-12-18-18.03.30-Kopie-300x300.jpg 300w, https:\/\/blog.phzh.ch\/schreibzentrum\/files\/2025\/12\/2025-12-18-18.03.30-Kopie-150x150.jpg 150w, https:\/\/blog.phzh.ch\/schreibzentrum\/files\/2025\/12\/2025-12-18-18.03.30-Kopie-768x765.jpg 768w, https:\/\/blog.phzh.ch\/schreibzentrum\/files\/2025\/12\/2025-12-18-18.03.30-Kopie-1536x1530.jpg 1536w, https:\/\/blog.phzh.ch\/schreibzentrum\/files\/2025\/12\/2025-12-18-18.03.30-Kopie.jpg 1807w\" sizes=\"auto, (max-width: 1024px) 100vw, 1024px\" \/><\/figure>\n","protected":false},"excerpt":{"rendered":"<p>Peter Kaiser (ehemaliger Tutor des Schreibzentrums) und Nadia Gsell (Studentin der PH Z\u00fcrich) pr\u00e4sentierten ihre eindr\u00fccklichen Texte zum Thema &#8222;Was uns bleibt&#8220;. Alex Rickert &#8211; Leiter des Schreibzentrums &#8211; lud im Anschluss alle Teilnehmenden ein, sich am Schweibwettbewerb des Schreibzentrums 2026 zum Thema &#8222;Ausser mir und nebenan&#8220; zu beteiligen.<\/p>\n","protected":false},"author":171,"featured_media":9165,"comment_status":"open","ping_status":"closed","sticky":false,"template":"","format":"standard","meta":{"footnotes":""},"categories":[39],"tags":[],"class_list":["post-9162","post","type-post","status-publish","format-standard","has-post-thumbnail","hentry","category-allgemein"],"yoast_head":"<!-- This site is optimized with the Yoast SEO plugin v26.8 - https:\/\/yoast.com\/product\/yoast-seo-wordpress\/ -->\n<title>Poetry am Jahresendanlass der PH Z\u00fcrich, 18.12.2025 - Das SchreibBLOGzentrum<\/title>\n<meta name=\"robots\" content=\"index, follow, max-snippet:-1, max-image-preview:large, max-video-preview:-1\" \/>\n<link rel=\"canonical\" href=\"https:\/\/blog.phzh.ch\/schreibzentrum\/2025\/12\/poetry-am-jahresendanlass-der-ph-zuerich-18-12-202\/\" \/>\n<meta property=\"og:locale\" content=\"de_DE\" \/>\n<meta property=\"og:type\" content=\"article\" \/>\n<meta property=\"og:title\" content=\"Poetry am Jahresendanlass der PH Z\u00fcrich, 18.12.2025 - Das SchreibBLOGzentrum\" \/>\n<meta property=\"og:description\" content=\"Peter Kaiser (ehemaliger Tutor des Schreibzentrums) und Nadia Gsell (Studentin der PH Z\u00fcrich) pr\u00e4sentierten ihre eindr\u00fccklichen Texte zum Thema &#8222;Was uns bleibt&#8220;. Alex Rickert &#8211; Leiter des Schreibzentrums &#8211; lud im Anschluss alle Teilnehmenden ein, sich am Schweibwettbewerb des Schreibzentrums 2026 zum Thema &#8222;Ausser mir und nebenan&#8220; zu beteiligen.\" \/>\n<meta property=\"og:url\" content=\"https:\/\/blog.phzh.ch\/schreibzentrum\/2025\/12\/poetry-am-jahresendanlass-der-ph-zuerich-18-12-202\/\" \/>\n<meta property=\"og:site_name\" content=\"Das SchreibBLOGzentrum\" \/>\n<meta property=\"article:published_time\" content=\"2025-12-18T19:14:55+00:00\" \/>\n<meta property=\"article:modified_time\" content=\"2025-12-19T05:01:19+00:00\" \/>\n<meta property=\"og:image\" content=\"https:\/\/blog.phzh.ch\/schreibzentrum\/files\/2025\/12\/2025-12-18-18.03.30-Kopie.jpg\" \/>\n\t<meta property=\"og:image:width\" content=\"1807\" \/>\n\t<meta property=\"og:image:height\" content=\"1800\" \/>\n\t<meta property=\"og:image:type\" content=\"image\/jpeg\" \/>\n<meta name=\"author\" content=\"Peter Holzwarth\" \/>\n<meta name=\"twitter:card\" content=\"summary_large_image\" \/>\n<meta name=\"twitter:label1\" content=\"Verfasst von\" \/>\n\t<meta name=\"twitter:data1\" content=\"Peter Holzwarth\" \/>\n\t<meta name=\"twitter:label2\" content=\"Gesch\u00e4tzte Lesezeit\" \/>\n\t<meta name=\"twitter:data2\" content=\"2\u00a0Minuten\" \/>\n<script type=\"application\/ld+json\" class=\"yoast-schema-graph\">{\"@context\":\"https:\/\/schema.org\",\"@graph\":[{\"@type\":\"Article\",\"@id\":\"https:\/\/blog.phzh.ch\/schreibzentrum\/2025\/12\/poetry-am-jahresendanlass-der-ph-zuerich-18-12-202\/#article\",\"isPartOf\":{\"@id\":\"https:\/\/blog.phzh.ch\/schreibzentrum\/2025\/12\/poetry-am-jahresendanlass-der-ph-zuerich-18-12-202\/\"},\"author\":{\"name\":\"Peter Holzwarth\",\"@id\":\"https:\/\/blog.phzh.ch\/schreibzentrum\/#\/schema\/person\/4e534155896c45ab0b3ab0aeeb9e1d6f\"},\"headline\":\"Poetry am Jahresendanlass der PH Z\u00fcrich, 18.12.2025\",\"datePublished\":\"2025-12-18T19:14:55+00:00\",\"dateModified\":\"2025-12-19T05:01:19+00:00\",\"mainEntityOfPage\":{\"@id\":\"https:\/\/blog.phzh.ch\/schreibzentrum\/2025\/12\/poetry-am-jahresendanlass-der-ph-zuerich-18-12-202\/\"},\"wordCount\":58,\"commentCount\":0,\"image\":{\"@id\":\"https:\/\/blog.phzh.ch\/schreibzentrum\/2025\/12\/poetry-am-jahresendanlass-der-ph-zuerich-18-12-202\/#primaryimage\"},\"thumbnailUrl\":\"https:\/\/blog.phzh.ch\/schreibzentrum\/files\/2025\/12\/2025-12-18-18.03.30-Kopie.jpg\",\"inLanguage\":\"de\",\"potentialAction\":[{\"@type\":\"CommentAction\",\"name\":\"Comment\",\"target\":[\"https:\/\/blog.phzh.ch\/schreibzentrum\/2025\/12\/poetry-am-jahresendanlass-der-ph-zuerich-18-12-202\/#respond\"]}]},{\"@type\":\"WebPage\",\"@id\":\"https:\/\/blog.phzh.ch\/schreibzentrum\/2025\/12\/poetry-am-jahresendanlass-der-ph-zuerich-18-12-202\/\",\"url\":\"https:\/\/blog.phzh.ch\/schreibzentrum\/2025\/12\/poetry-am-jahresendanlass-der-ph-zuerich-18-12-202\/\",\"name\":\"Poetry am Jahresendanlass der PH Z\u00fcrich, 18.12.2025 - Das SchreibBLOGzentrum\",\"isPartOf\":{\"@id\":\"https:\/\/blog.phzh.ch\/schreibzentrum\/#website\"},\"primaryImageOfPage\":{\"@id\":\"https:\/\/blog.phzh.ch\/schreibzentrum\/2025\/12\/poetry-am-jahresendanlass-der-ph-zuerich-18-12-202\/#primaryimage\"},\"image\":{\"@id\":\"https:\/\/blog.phzh.ch\/schreibzentrum\/2025\/12\/poetry-am-jahresendanlass-der-ph-zuerich-18-12-202\/#primaryimage\"},\"thumbnailUrl\":\"https:\/\/blog.phzh.ch\/schreibzentrum\/files\/2025\/12\/2025-12-18-18.03.30-Kopie.jpg\",\"datePublished\":\"2025-12-18T19:14:55+00:00\",\"dateModified\":\"2025-12-19T05:01:19+00:00\",\"author\":{\"@id\":\"https:\/\/blog.phzh.ch\/schreibzentrum\/#\/schema\/person\/4e534155896c45ab0b3ab0aeeb9e1d6f\"},\"breadcrumb\":{\"@id\":\"https:\/\/blog.phzh.ch\/schreibzentrum\/2025\/12\/poetry-am-jahresendanlass-der-ph-zuerich-18-12-202\/#breadcrumb\"},\"inLanguage\":\"de\",\"potentialAction\":[{\"@type\":\"ReadAction\",\"target\":[\"https:\/\/blog.phzh.ch\/schreibzentrum\/2025\/12\/poetry-am-jahresendanlass-der-ph-zuerich-18-12-202\/\"]}]},{\"@type\":\"ImageObject\",\"inLanguage\":\"de\",\"@id\":\"https:\/\/blog.phzh.ch\/schreibzentrum\/2025\/12\/poetry-am-jahresendanlass-der-ph-zuerich-18-12-202\/#primaryimage\",\"url\":\"https:\/\/blog.phzh.ch\/schreibzentrum\/files\/2025\/12\/2025-12-18-18.03.30-Kopie.jpg\",\"contentUrl\":\"https:\/\/blog.phzh.ch\/schreibzentrum\/files\/2025\/12\/2025-12-18-18.03.30-Kopie.jpg\",\"width\":1807,\"height\":1800},{\"@type\":\"BreadcrumbList\",\"@id\":\"https:\/\/blog.phzh.ch\/schreibzentrum\/2025\/12\/poetry-am-jahresendanlass-der-ph-zuerich-18-12-202\/#breadcrumb\",\"itemListElement\":[{\"@type\":\"ListItem\",\"position\":1,\"name\":\"Start\",\"item\":\"https:\/\/blog.phzh.ch\/schreibzentrum\/\"},{\"@type\":\"ListItem\",\"position\":2,\"name\":\"Poetry am Jahresendanlass der PH Z\u00fcrich, 18.12.2025\"}]},{\"@type\":\"WebSite\",\"@id\":\"https:\/\/blog.phzh.ch\/schreibzentrum\/#website\",\"url\":\"https:\/\/blog.phzh.ch\/schreibzentrum\/\",\"name\":\"Das SchreibBLOGzentrum\",\"description\":\"Texte und Events\",\"potentialAction\":[{\"@type\":\"SearchAction\",\"target\":{\"@type\":\"EntryPoint\",\"urlTemplate\":\"https:\/\/blog.phzh.ch\/schreibzentrum\/?s={search_term_string}\"},\"query-input\":{\"@type\":\"PropertyValueSpecification\",\"valueRequired\":true,\"valueName\":\"search_term_string\"}}],\"inLanguage\":\"de\"},{\"@type\":\"Person\",\"@id\":\"https:\/\/blog.phzh.ch\/schreibzentrum\/#\/schema\/person\/4e534155896c45ab0b3ab0aeeb9e1d6f\",\"name\":\"Peter Holzwarth\",\"image\":{\"@type\":\"ImageObject\",\"inLanguage\":\"de\",\"@id\":\"https:\/\/blog.phzh.ch\/schreibzentrum\/#\/schema\/person\/image\/\",\"url\":\"https:\/\/secure.gravatar.com\/avatar\/9fc20f97ee42bd90386fa8cbd19db523?s=96&d=mm&r=g\",\"contentUrl\":\"https:\/\/secure.gravatar.com\/avatar\/9fc20f97ee42bd90386fa8cbd19db523?s=96&d=mm&r=g\",\"caption\":\"Peter Holzwarth\"},\"url\":\"https:\/\/blog.phzh.ch\/schreibzentrum\/author\/peterholzwarth\/\"}]}<\/script>\n<!-- \/ Yoast SEO plugin. -->","yoast_head_json":{"title":"Poetry am Jahresendanlass der PH Z\u00fcrich, 18.12.2025 - Das SchreibBLOGzentrum","robots":{"index":"index","follow":"follow","max-snippet":"max-snippet:-1","max-image-preview":"max-image-preview:large","max-video-preview":"max-video-preview:-1"},"canonical":"https:\/\/blog.phzh.ch\/schreibzentrum\/2025\/12\/poetry-am-jahresendanlass-der-ph-zuerich-18-12-202\/","og_locale":"de_DE","og_type":"article","og_title":"Poetry am Jahresendanlass der PH Z\u00fcrich, 18.12.2025 - Das SchreibBLOGzentrum","og_description":"Peter Kaiser (ehemaliger Tutor des Schreibzentrums) und Nadia Gsell (Studentin der PH Z\u00fcrich) pr\u00e4sentierten ihre eindr\u00fccklichen Texte zum Thema &#8222;Was uns bleibt&#8220;. Alex Rickert &#8211; Leiter des Schreibzentrums &#8211; lud im Anschluss alle Teilnehmenden ein, sich am Schweibwettbewerb des Schreibzentrums 2026 zum Thema &#8222;Ausser mir und nebenan&#8220; zu beteiligen.","og_url":"https:\/\/blog.phzh.ch\/schreibzentrum\/2025\/12\/poetry-am-jahresendanlass-der-ph-zuerich-18-12-202\/","og_site_name":"Das SchreibBLOGzentrum","article_published_time":"2025-12-18T19:14:55+00:00","article_modified_time":"2025-12-19T05:01:19+00:00","og_image":[{"width":1807,"height":1800,"url":"https:\/\/blog.phzh.ch\/schreibzentrum\/files\/2025\/12\/2025-12-18-18.03.30-Kopie.jpg","type":"image\/jpeg"}],"author":"Peter Holzwarth","twitter_card":"summary_large_image","twitter_misc":{"Verfasst von":"Peter Holzwarth","Gesch\u00e4tzte Lesezeit":"2\u00a0Minuten"},"schema":{"@context":"https:\/\/schema.org","@graph":[{"@type":"Article","@id":"https:\/\/blog.phzh.ch\/schreibzentrum\/2025\/12\/poetry-am-jahresendanlass-der-ph-zuerich-18-12-202\/#article","isPartOf":{"@id":"https:\/\/blog.phzh.ch\/schreibzentrum\/2025\/12\/poetry-am-jahresendanlass-der-ph-zuerich-18-12-202\/"},"author":{"name":"Peter Holzwarth","@id":"https:\/\/blog.phzh.ch\/schreibzentrum\/#\/schema\/person\/4e534155896c45ab0b3ab0aeeb9e1d6f"},"headline":"Poetry am Jahresendanlass der PH Z\u00fcrich, 18.12.2025","datePublished":"2025-12-18T19:14:55+00:00","dateModified":"2025-12-19T05:01:19+00:00","mainEntityOfPage":{"@id":"https:\/\/blog.phzh.ch\/schreibzentrum\/2025\/12\/poetry-am-jahresendanlass-der-ph-zuerich-18-12-202\/"},"wordCount":58,"commentCount":0,"image":{"@id":"https:\/\/blog.phzh.ch\/schreibzentrum\/2025\/12\/poetry-am-jahresendanlass-der-ph-zuerich-18-12-202\/#primaryimage"},"thumbnailUrl":"https:\/\/blog.phzh.ch\/schreibzentrum\/files\/2025\/12\/2025-12-18-18.03.30-Kopie.jpg","inLanguage":"de","potentialAction":[{"@type":"CommentAction","name":"Comment","target":["https:\/\/blog.phzh.ch\/schreibzentrum\/2025\/12\/poetry-am-jahresendanlass-der-ph-zuerich-18-12-202\/#respond"]}]},{"@type":"WebPage","@id":"https:\/\/blog.phzh.ch\/schreibzentrum\/2025\/12\/poetry-am-jahresendanlass-der-ph-zuerich-18-12-202\/","url":"https:\/\/blog.phzh.ch\/schreibzentrum\/2025\/12\/poetry-am-jahresendanlass-der-ph-zuerich-18-12-202\/","name":"Poetry am Jahresendanlass der PH Z\u00fcrich, 18.12.2025 - Das SchreibBLOGzentrum","isPartOf":{"@id":"https:\/\/blog.phzh.ch\/schreibzentrum\/#website"},"primaryImageOfPage":{"@id":"https:\/\/blog.phzh.ch\/schreibzentrum\/2025\/12\/poetry-am-jahresendanlass-der-ph-zuerich-18-12-202\/#primaryimage"},"image":{"@id":"https:\/\/blog.phzh.ch\/schreibzentrum\/2025\/12\/poetry-am-jahresendanlass-der-ph-zuerich-18-12-202\/#primaryimage"},"thumbnailUrl":"https:\/\/blog.phzh.ch\/schreibzentrum\/files\/2025\/12\/2025-12-18-18.03.30-Kopie.jpg","datePublished":"2025-12-18T19:14:55+00:00","dateModified":"2025-12-19T05:01:19+00:00","author":{"@id":"https:\/\/blog.phzh.ch\/schreibzentrum\/#\/schema\/person\/4e534155896c45ab0b3ab0aeeb9e1d6f"},"breadcrumb":{"@id":"https:\/\/blog.phzh.ch\/schreibzentrum\/2025\/12\/poetry-am-jahresendanlass-der-ph-zuerich-18-12-202\/#breadcrumb"},"inLanguage":"de","potentialAction":[{"@type":"ReadAction","target":["https:\/\/blog.phzh.ch\/schreibzentrum\/2025\/12\/poetry-am-jahresendanlass-der-ph-zuerich-18-12-202\/"]}]},{"@type":"ImageObject","inLanguage":"de","@id":"https:\/\/blog.phzh.ch\/schreibzentrum\/2025\/12\/poetry-am-jahresendanlass-der-ph-zuerich-18-12-202\/#primaryimage","url":"https:\/\/blog.phzh.ch\/schreibzentrum\/files\/2025\/12\/2025-12-18-18.03.30-Kopie.jpg","contentUrl":"https:\/\/blog.phzh.ch\/schreibzentrum\/files\/2025\/12\/2025-12-18-18.03.30-Kopie.jpg","width":1807,"height":1800},{"@type":"BreadcrumbList","@id":"https:\/\/blog.phzh.ch\/schreibzentrum\/2025\/12\/poetry-am-jahresendanlass-der-ph-zuerich-18-12-202\/#breadcrumb","itemListElement":[{"@type":"ListItem","position":1,"name":"Start","item":"https:\/\/blog.phzh.ch\/schreibzentrum\/"},{"@type":"ListItem","position":2,"name":"Poetry am Jahresendanlass der PH Z\u00fcrich, 18.12.2025"}]},{"@type":"WebSite","@id":"https:\/\/blog.phzh.ch\/schreibzentrum\/#website","url":"https:\/\/blog.phzh.ch\/schreibzentrum\/","name":"Das SchreibBLOGzentrum","description":"Texte und Events","potentialAction":[{"@type":"SearchAction","target":{"@type":"EntryPoint","urlTemplate":"https:\/\/blog.phzh.ch\/schreibzentrum\/?s={search_term_string}"},"query-input":{"@type":"PropertyValueSpecification","valueRequired":true,"valueName":"search_term_string"}}],"inLanguage":"de"},{"@type":"Person","@id":"https:\/\/blog.phzh.ch\/schreibzentrum\/#\/schema\/person\/4e534155896c45ab0b3ab0aeeb9e1d6f","name":"Peter Holzwarth","image":{"@type":"ImageObject","inLanguage":"de","@id":"https:\/\/blog.phzh.ch\/schreibzentrum\/#\/schema\/person\/image\/","url":"https:\/\/secure.gravatar.com\/avatar\/9fc20f97ee42bd90386fa8cbd19db523?s=96&d=mm&r=g","contentUrl":"https:\/\/secure.gravatar.com\/avatar\/9fc20f97ee42bd90386fa8cbd19db523?s=96&d=mm&r=g","caption":"Peter Holzwarth"},"url":"https:\/\/blog.phzh.ch\/schreibzentrum\/author\/peterholzwarth\/"}]}},"_links":{"self":[{"href":"https:\/\/blog.phzh.ch\/schreibzentrum\/wp-json\/wp\/v2\/posts\/9162","targetHints":{"allow":["GET"]}}],"collection":[{"href":"https:\/\/blog.phzh.ch\/schreibzentrum\/wp-json\/wp\/v2\/posts"}],"about":[{"href":"https:\/\/blog.phzh.ch\/schreibzentrum\/wp-json\/wp\/v2\/types\/post"}],"author":[{"embeddable":true,"href":"https:\/\/blog.phzh.ch\/schreibzentrum\/wp-json\/wp\/v2\/users\/171"}],"replies":[{"embeddable":true,"href":"https:\/\/blog.phzh.ch\/schreibzentrum\/wp-json\/wp\/v2\/comments?post=9162"}],"version-history":[{"count":5,"href":"https:\/\/blog.phzh.ch\/schreibzentrum\/wp-json\/wp\/v2\/posts\/9162\/revisions"}],"predecessor-version":[{"id":9172,"href":"https:\/\/blog.phzh.ch\/schreibzentrum\/wp-json\/wp\/v2\/posts\/9162\/revisions\/9172"}],"wp:featuredmedia":[{"embeddable":true,"href":"https:\/\/blog.phzh.ch\/schreibzentrum\/wp-json\/wp\/v2\/media\/9165"}],"wp:attachment":[{"href":"https:\/\/blog.phzh.ch\/schreibzentrum\/wp-json\/wp\/v2\/media?parent=9162"}],"wp:term":[{"taxonomy":"category","embeddable":true,"href":"https:\/\/blog.phzh.ch\/schreibzentrum\/wp-json\/wp\/v2\/categories?post=9162"},{"taxonomy":"post_tag","embeddable":true,"href":"https:\/\/blog.phzh.ch\/schreibzentrum\/wp-json\/wp\/v2\/tags?post=9162"}],"curies":[{"name":"wp","href":"https:\/\/api.w.org\/{rel}","templated":true}]}}