{"id":9035,"date":"2025-11-24T08:00:00","date_gmt":"2025-11-24T07:00:00","guid":{"rendered":"https:\/\/blog.phzh.ch\/schreibzentrum\/?p=9035"},"modified":"2025-12-19T06:18:27","modified_gmt":"2025-12-19T05:18:27","slug":"florian-inhauser-journalist-srf-tagesschau-zu-gast-an-der-paedagogischen-hochschule-zuerich","status":"publish","type":"post","link":"https:\/\/blog.phzh.ch\/schreibzentrum\/2025\/11\/florian-inhauser-journalist-srf-tagesschau-zu-gast-an-der-paedagogischen-hochschule-zuerich\/","title":{"rendered":"Florian Inhauser (Journalist SRF-Tagesschau \/ 10 vor 10) zu Gast an der P\u00e4dagogischen Hochschule Z\u00fcrich"},"content":{"rendered":"\n<p>Peter Holzwarth<\/p>\n\n\n\n<p>Am 20.11.2025 war der aus der <a href=\"https:\/\/www.srf.ch\/play\/tv\/sendung\/tagesschau?id=ff969c14-c5a7-44ab-ab72-14d4c9e427a9\">SRF-Tagesschau<\/a> bekannte Journalist Florian Inhauser zu Besuch an der P\u00e4dagogischen Hochschule Z\u00fcrich. &#8222;News, Fake News and Democracy\u201d war das Thema des Austauschs zwischen ihm, Studierenden und Dozierenden.<\/p>\n\n\n\n<figure class=\"wp-block-image size-full\"><img loading=\"lazy\" decoding=\"async\" width=\"952\" height=\"534\" src=\"https:\/\/blog.phzh.ch\/schreibzentrum\/files\/2026\/11\/Screenshot-2025-11-24-072834.png\" alt=\"\" class=\"wp-image-9055\" srcset=\"https:\/\/blog.phzh.ch\/schreibzentrum\/files\/2026\/11\/Screenshot-2025-11-24-072834.png 952w, https:\/\/blog.phzh.ch\/schreibzentrum\/files\/2026\/11\/Screenshot-2025-11-24-072834-300x168.png 300w, https:\/\/blog.phzh.ch\/schreibzentrum\/files\/2026\/11\/Screenshot-2025-11-24-072834-150x84.png 150w, https:\/\/blog.phzh.ch\/schreibzentrum\/files\/2026\/11\/Screenshot-2025-11-24-072834-768x431.png 768w\" sizes=\"auto, (max-width: 952px) 100vw, 952px\" \/><figcaption class=\"wp-element-caption\">SRF-Tagesschau<\/figcaption><\/figure>\n\n\n\n<p>Die Einladung erfolgte im Kontext eines englischsprachigen Moduls<strong> <\/strong><a href=\"https:\/\/phzh.sharepoint.com\/evento\/start.aspx\/anlaesse\/144676920\">\u00abMedia Education: Creative and Critical Perspectives\u00bb<\/a> f\u00fcr Austauschstudierende der PH Z\u00fcrich und im Zusammenhang mit dem Fachteam Medienp\u00e4dagogik und der Subgruppe Informatik.<\/p>\n\n\n\n<p>Inhauser berichtete \u00fcber seine Arbeit als Journalist und Nachrichtenmoderator, \u00fcber Auslandseins\u00e4tze in Mali, Haiti, Indonesien und Israel, \u00fcber den Umgang mit emotional belastenden Ereignissen und \u00fcber Konzepte zur Bek\u00e4mpfung von Fake News und Fehlinformationen.<\/p>\n\n\n\n<p>Auch der Umgang mit KI-generierten Fotos in journalistischen Kontexten war Thema. Wir befinden uns historisch an einem Punkt, an dem Fotografien und Filme mit einer Wirklichkeitsreferenz nicht mehr von KI-generiertem Material unterschieden werden k\u00f6nnen. Dies stellt eine grosse Herausforderung f\u00fcr bildbasierten Journalismus dar.<\/p>\n\n\n\n<p>Eine weitere Frage war, wie junge Generationen f\u00fcr Qualit\u00e4tsjournalismus gewonnen werden k\u00f6nnen. Ein m\u00f6glicher Ansatz kam aus dem Publikum: Man kann als Lehrperson spezielle Nachrichtenformate f\u00fcr Kinder und junge Menschen in den Unterricht integrieren (<a href=\"https:\/\/www.srf.ch\/kids\/srf-kids-news\">https:\/\/www.srf.ch\/kids\/srf-kids-news<\/a>; <a href=\"https:\/\/www.logo.de\/\">https:\/\/www.logo.de\/<\/a>).<\/p>\n\n\n\n<p>Studierende und Dozierende konnten Fragen stellen und Ausstauschstudierende berichteten \u00fcber die jeweiligen Situationen in ihren L\u00e4ndern.<\/p>\n\n\n\n<p>Eine Studentin fragte, warum nicht mehr \u00fcber die S\u00fcdhalbkugel berichtet w\u00fcrde, wie zum Beispiel \u00fcber den Sudan. Die Antwort lautete, dass h\u00e4ufig lokale Themen viel Raum und Ressourcen beanspruchen, dass aber auch das \u00f6ffentliche Interesse oft gering ist, vor allem, wenn es sich &#8211; wie beim Sudan &#8211; nicht um ein touristisch relevantes Land handelt.<\/p>\n\n\n\n<p>Im Zusammenhang mit der Forderung nach kritischen und informierten B\u00fcrgerinnen und B\u00fcrgern f\u00fcr eine lebendige Demokratie <a href=\"https:\/\/commission.europa.eu\/document\/download\/37fb50d6-73e1-426c-bd4a-87c44c8763d9_en?filename=Keeping-our-promise-to-Europe_brochure.pdf\">zitierte<\/a> Florian Inhauser: <em>&#8222;We cannot take democracy for granted. We have to fight for it every day.&#8220;<\/em><\/p>\n\n\n\n<p><\/p>\n\n\n\n<p>On November 20, 2025, Florian Inhauser, a journalist known from the SRF Tagesschau news program, visited the Zurich University of Teacher Education. The topic of the exchange between him, students, and lecturers was &#8222;News, Fake News, and Democracy.&#8220;  <\/p>\n\n\n\n<p>The invitation was in the context of an English-language module, &#8222;Media Education: Creative and Critical Perspectives,&#8220; for exchange students at the Zurich University of Teacher Education and also in context of &#8222;Fachteam Medienp\u00e4dagogik&#8220; and &#8222;Subgruppe Informatik&#8220;. Inhauser spoke about his work as a journalist and news anchor, his assignments abroad in Mali, Haiti, Indonesia, and Israel, how he deals with emotionally challenging events, and strategies for combating fake news and misinformation. <\/p>\n\n\n\n<p>The use of AI-generated photos in journalistic contexts was also discussed. We are at a historical juncture where photographs and films with a reference to reality can no longer be distinguished from AI-generated material. This poses a major challenge for image-based journalism. <\/p>\n\n\n\n<p>Another question was how to engage younger generations with quality journalism. One possible approach came from the audience: Teachers can integrate special news formats for children and young people into their lessons (https:\/\/www.srf.ch\/kids\/srf-kids-news; https:\/\/www.logo.de\/). <\/p>\n\n\n\n<p>Students and lecturers were able to ask questions, and exchange students reported on the situations in their respective countries. One student asked why there isn&#8217;t more reporting on the southern Hemisphere, such as Sudan. The answer was that local issues often demand a lot of space and resources, and that public interest is often low, especially when\u2014as in the case of Sudan\u2014the country is not a tourist destination. <\/p>\n\n\n\n<p>In connection with the call for critical and informed citizens for a living democracy, Florian Inhauser <a href=\"https:\/\/commission.europa.eu\/document\/download\/37fb50d6-73e1-426c-bd4a-87c44c8763d9_en?filename=Keeping-our-promise-to-Europe_brochure.pdf\">quoted<\/a>: \u201cWe cannot take democracy for granted. We have to fight for it every day.\u201d<\/p>\n","protected":false},"excerpt":{"rendered":"<p>Peter Holzwarth Am 20.11.2025 war der aus der SRF-Tagesschau bekannte Journalist Florian Inhauser zu Besuch an der P\u00e4dagogischen Hochschule Z\u00fcrich. &#8222;News, Fake News and Democracy\u201d war das Thema des Austauschs zwischen ihm, Studierenden und Dozierenden. Die Einladung erfolgte im Kontext eines englischsprachigen Moduls \u00abMedia Education: Creative and Critical Perspectives\u00bb f\u00fcr Austauschstudierende der PH Z\u00fcrich und &hellip; <a href=\"https:\/\/blog.phzh.ch\/schreibzentrum\/2025\/11\/florian-inhauser-journalist-srf-tagesschau-zu-gast-an-der-paedagogischen-hochschule-zuerich\/\" class=\"more-link\"><span class=\"screen-reader-text\">Florian Inhauser (Journalist SRF-Tagesschau \/ 10 vor 10) zu Gast an der P\u00e4dagogischen Hochschule Z\u00fcrich<\/span> weiterlesen<\/a><\/p>\n","protected":false},"author":171,"featured_media":9036,"comment_status":"open","ping_status":"closed","sticky":false,"template":"","format":"standard","meta":{"footnotes":""},"categories":[39,17611],"tags":[],"class_list":["post-9035","post","type-post","status-publish","format-standard","has-post-thumbnail","hentry","category-allgemein","category-aufgelesen"],"yoast_head":"<!-- This site is optimized with the Yoast SEO plugin v26.8 - https:\/\/yoast.com\/product\/yoast-seo-wordpress\/ -->\n<title>Florian Inhauser (Journalist SRF-Tagesschau \/ 10 vor 10) zu Gast an der P\u00e4dagogischen Hochschule Z\u00fcrich - Das SchreibBLOGzentrum<\/title>\n<meta name=\"robots\" content=\"index, follow, max-snippet:-1, max-image-preview:large, max-video-preview:-1\" \/>\n<link rel=\"canonical\" href=\"https:\/\/blog.phzh.ch\/schreibzentrum\/2025\/11\/florian-inhauser-journalist-srf-tagesschau-zu-gast-an-der-paedagogischen-hochschule-zuerich\/\" \/>\n<meta property=\"og:locale\" content=\"de_DE\" \/>\n<meta property=\"og:type\" content=\"article\" \/>\n<meta property=\"og:title\" content=\"Florian Inhauser (Journalist SRF-Tagesschau \/ 10 vor 10) zu Gast an der P\u00e4dagogischen Hochschule Z\u00fcrich - Das SchreibBLOGzentrum\" \/>\n<meta property=\"og:description\" content=\"Peter Holzwarth Am 20.11.2025 war der aus der SRF-Tagesschau bekannte Journalist Florian Inhauser zu Besuch an der P\u00e4dagogischen Hochschule Z\u00fcrich. &#8222;News, Fake News and Democracy\u201d war das Thema des Austauschs zwischen ihm, Studierenden und Dozierenden. Die Einladung erfolgte im Kontext eines englischsprachigen Moduls \u00abMedia Education: Creative and Critical Perspectives\u00bb f\u00fcr Austauschstudierende der PH Z\u00fcrich und &hellip; Florian Inhauser (Journalist SRF-Tagesschau \/ 10 vor 10) zu Gast an der P\u00e4dagogischen Hochschule Z\u00fcrich weiterlesen\" \/>\n<meta property=\"og:url\" content=\"https:\/\/blog.phzh.ch\/schreibzentrum\/2025\/11\/florian-inhauser-journalist-srf-tagesschau-zu-gast-an-der-paedagogischen-hochschule-zuerich\/\" \/>\n<meta property=\"og:site_name\" content=\"Das SchreibBLOGzentrum\" \/>\n<meta property=\"article:published_time\" content=\"2025-11-24T07:00:00+00:00\" \/>\n<meta property=\"article:modified_time\" content=\"2025-12-19T05:18:27+00:00\" \/>\n<meta property=\"og:image\" content=\"https:\/\/blog.phzh.ch\/schreibzentrum\/files\/2025\/11\/2025-11-20-10.42.14-Kopie-scaled.jpg\" \/>\n\t<meta property=\"og:image:width\" content=\"2560\" \/>\n\t<meta property=\"og:image:height\" content=\"1542\" \/>\n\t<meta property=\"og:image:type\" content=\"image\/jpeg\" \/>\n<meta name=\"author\" content=\"Peter Holzwarth\" \/>\n<meta name=\"twitter:card\" content=\"summary_large_image\" \/>\n<meta name=\"twitter:label1\" content=\"Verfasst von\" \/>\n\t<meta name=\"twitter:data1\" content=\"Peter Holzwarth\" \/>\n\t<meta name=\"twitter:label2\" content=\"Gesch\u00e4tzte Lesezeit\" \/>\n\t<meta name=\"twitter:data2\" content=\"4\u00a0Minuten\" \/>\n<script type=\"application\/ld+json\" class=\"yoast-schema-graph\">{\"@context\":\"https:\/\/schema.org\",\"@graph\":[{\"@type\":\"Article\",\"@id\":\"https:\/\/blog.phzh.ch\/schreibzentrum\/2025\/11\/florian-inhauser-journalist-srf-tagesschau-zu-gast-an-der-paedagogischen-hochschule-zuerich\/#article\",\"isPartOf\":{\"@id\":\"https:\/\/blog.phzh.ch\/schreibzentrum\/2025\/11\/florian-inhauser-journalist-srf-tagesschau-zu-gast-an-der-paedagogischen-hochschule-zuerich\/\"},\"author\":{\"name\":\"Peter Holzwarth\",\"@id\":\"https:\/\/blog.phzh.ch\/schreibzentrum\/#\/schema\/person\/4e534155896c45ab0b3ab0aeeb9e1d6f\"},\"headline\":\"Florian Inhauser (Journalist SRF-Tagesschau \/ 10 vor 10) zu Gast an der P\u00e4dagogischen Hochschule Z\u00fcrich\",\"datePublished\":\"2025-11-24T07:00:00+00:00\",\"dateModified\":\"2025-12-19T05:18:27+00:00\",\"mainEntityOfPage\":{\"@id\":\"https:\/\/blog.phzh.ch\/schreibzentrum\/2025\/11\/florian-inhauser-journalist-srf-tagesschau-zu-gast-an-der-paedagogischen-hochschule-zuerich\/\"},\"wordCount\":619,\"commentCount\":0,\"image\":{\"@id\":\"https:\/\/blog.phzh.ch\/schreibzentrum\/2025\/11\/florian-inhauser-journalist-srf-tagesschau-zu-gast-an-der-paedagogischen-hochschule-zuerich\/#primaryimage\"},\"thumbnailUrl\":\"https:\/\/blog.phzh.ch\/schreibzentrum\/files\/2025\/11\/2025-11-20-10.42.14-Kopie-scaled.jpg\",\"articleSection\":{\"1\":\"Aufgelesen\"},\"inLanguage\":\"de\",\"potentialAction\":[{\"@type\":\"CommentAction\",\"name\":\"Comment\",\"target\":[\"https:\/\/blog.phzh.ch\/schreibzentrum\/2025\/11\/florian-inhauser-journalist-srf-tagesschau-zu-gast-an-der-paedagogischen-hochschule-zuerich\/#respond\"]}]},{\"@type\":\"WebPage\",\"@id\":\"https:\/\/blog.phzh.ch\/schreibzentrum\/2025\/11\/florian-inhauser-journalist-srf-tagesschau-zu-gast-an-der-paedagogischen-hochschule-zuerich\/\",\"url\":\"https:\/\/blog.phzh.ch\/schreibzentrum\/2025\/11\/florian-inhauser-journalist-srf-tagesschau-zu-gast-an-der-paedagogischen-hochschule-zuerich\/\",\"name\":\"Florian Inhauser (Journalist SRF-Tagesschau \/ 10 vor 10) zu Gast an der P\u00e4dagogischen Hochschule Z\u00fcrich - Das SchreibBLOGzentrum\",\"isPartOf\":{\"@id\":\"https:\/\/blog.phzh.ch\/schreibzentrum\/#website\"},\"primaryImageOfPage\":{\"@id\":\"https:\/\/blog.phzh.ch\/schreibzentrum\/2025\/11\/florian-inhauser-journalist-srf-tagesschau-zu-gast-an-der-paedagogischen-hochschule-zuerich\/#primaryimage\"},\"image\":{\"@id\":\"https:\/\/blog.phzh.ch\/schreibzentrum\/2025\/11\/florian-inhauser-journalist-srf-tagesschau-zu-gast-an-der-paedagogischen-hochschule-zuerich\/#primaryimage\"},\"thumbnailUrl\":\"https:\/\/blog.phzh.ch\/schreibzentrum\/files\/2025\/11\/2025-11-20-10.42.14-Kopie-scaled.jpg\",\"datePublished\":\"2025-11-24T07:00:00+00:00\",\"dateModified\":\"2025-12-19T05:18:27+00:00\",\"author\":{\"@id\":\"https:\/\/blog.phzh.ch\/schreibzentrum\/#\/schema\/person\/4e534155896c45ab0b3ab0aeeb9e1d6f\"},\"breadcrumb\":{\"@id\":\"https:\/\/blog.phzh.ch\/schreibzentrum\/2025\/11\/florian-inhauser-journalist-srf-tagesschau-zu-gast-an-der-paedagogischen-hochschule-zuerich\/#breadcrumb\"},\"inLanguage\":\"de\",\"potentialAction\":[{\"@type\":\"ReadAction\",\"target\":[\"https:\/\/blog.phzh.ch\/schreibzentrum\/2025\/11\/florian-inhauser-journalist-srf-tagesschau-zu-gast-an-der-paedagogischen-hochschule-zuerich\/\"]}]},{\"@type\":\"ImageObject\",\"inLanguage\":\"de\",\"@id\":\"https:\/\/blog.phzh.ch\/schreibzentrum\/2025\/11\/florian-inhauser-journalist-srf-tagesschau-zu-gast-an-der-paedagogischen-hochschule-zuerich\/#primaryimage\",\"url\":\"https:\/\/blog.phzh.ch\/schreibzentrum\/files\/2025\/11\/2025-11-20-10.42.14-Kopie-scaled.jpg\",\"contentUrl\":\"https:\/\/blog.phzh.ch\/schreibzentrum\/files\/2025\/11\/2025-11-20-10.42.14-Kopie-scaled.jpg\",\"width\":2560,\"height\":1542},{\"@type\":\"BreadcrumbList\",\"@id\":\"https:\/\/blog.phzh.ch\/schreibzentrum\/2025\/11\/florian-inhauser-journalist-srf-tagesschau-zu-gast-an-der-paedagogischen-hochschule-zuerich\/#breadcrumb\",\"itemListElement\":[{\"@type\":\"ListItem\",\"position\":1,\"name\":\"Start\",\"item\":\"https:\/\/blog.phzh.ch\/schreibzentrum\/\"},{\"@type\":\"ListItem\",\"position\":2,\"name\":\"Florian Inhauser (Journalist SRF-Tagesschau \/ 10 vor 10) zu Gast an der P\u00e4dagogischen Hochschule Z\u00fcrich\"}]},{\"@type\":\"WebSite\",\"@id\":\"https:\/\/blog.phzh.ch\/schreibzentrum\/#website\",\"url\":\"https:\/\/blog.phzh.ch\/schreibzentrum\/\",\"name\":\"Das SchreibBLOGzentrum\",\"description\":\"Texte und Events\",\"potentialAction\":[{\"@type\":\"SearchAction\",\"target\":{\"@type\":\"EntryPoint\",\"urlTemplate\":\"https:\/\/blog.phzh.ch\/schreibzentrum\/?s={search_term_string}\"},\"query-input\":{\"@type\":\"PropertyValueSpecification\",\"valueRequired\":true,\"valueName\":\"search_term_string\"}}],\"inLanguage\":\"de\"},{\"@type\":\"Person\",\"@id\":\"https:\/\/blog.phzh.ch\/schreibzentrum\/#\/schema\/person\/4e534155896c45ab0b3ab0aeeb9e1d6f\",\"name\":\"Peter Holzwarth\",\"image\":{\"@type\":\"ImageObject\",\"inLanguage\":\"de\",\"@id\":\"https:\/\/blog.phzh.ch\/schreibzentrum\/#\/schema\/person\/image\/\",\"url\":\"https:\/\/secure.gravatar.com\/avatar\/9fc20f97ee42bd90386fa8cbd19db523?s=96&d=mm&r=g\",\"contentUrl\":\"https:\/\/secure.gravatar.com\/avatar\/9fc20f97ee42bd90386fa8cbd19db523?s=96&d=mm&r=g\",\"caption\":\"Peter Holzwarth\"},\"url\":\"https:\/\/blog.phzh.ch\/schreibzentrum\/author\/peterholzwarth\/\"}]}<\/script>\n<!-- \/ Yoast SEO plugin. -->","yoast_head_json":{"title":"Florian Inhauser (Journalist SRF-Tagesschau \/ 10 vor 10) zu Gast an der P\u00e4dagogischen Hochschule Z\u00fcrich - Das SchreibBLOGzentrum","robots":{"index":"index","follow":"follow","max-snippet":"max-snippet:-1","max-image-preview":"max-image-preview:large","max-video-preview":"max-video-preview:-1"},"canonical":"https:\/\/blog.phzh.ch\/schreibzentrum\/2025\/11\/florian-inhauser-journalist-srf-tagesschau-zu-gast-an-der-paedagogischen-hochschule-zuerich\/","og_locale":"de_DE","og_type":"article","og_title":"Florian Inhauser (Journalist SRF-Tagesschau \/ 10 vor 10) zu Gast an der P\u00e4dagogischen Hochschule Z\u00fcrich - Das SchreibBLOGzentrum","og_description":"Peter Holzwarth Am 20.11.2025 war der aus der SRF-Tagesschau bekannte Journalist Florian Inhauser zu Besuch an der P\u00e4dagogischen Hochschule Z\u00fcrich. &#8222;News, Fake News and Democracy\u201d war das Thema des Austauschs zwischen ihm, Studierenden und Dozierenden. Die Einladung erfolgte im Kontext eines englischsprachigen Moduls \u00abMedia Education: Creative and Critical Perspectives\u00bb f\u00fcr Austauschstudierende der PH Z\u00fcrich und &hellip; Florian Inhauser (Journalist SRF-Tagesschau \/ 10 vor 10) zu Gast an der P\u00e4dagogischen Hochschule Z\u00fcrich weiterlesen","og_url":"https:\/\/blog.phzh.ch\/schreibzentrum\/2025\/11\/florian-inhauser-journalist-srf-tagesschau-zu-gast-an-der-paedagogischen-hochschule-zuerich\/","og_site_name":"Das SchreibBLOGzentrum","article_published_time":"2025-11-24T07:00:00+00:00","article_modified_time":"2025-12-19T05:18:27+00:00","og_image":[{"width":2560,"height":1542,"url":"https:\/\/blog.phzh.ch\/schreibzentrum\/files\/2025\/11\/2025-11-20-10.42.14-Kopie-scaled.jpg","type":"image\/jpeg"}],"author":"Peter Holzwarth","twitter_card":"summary_large_image","twitter_misc":{"Verfasst von":"Peter Holzwarth","Gesch\u00e4tzte Lesezeit":"4\u00a0Minuten"},"schema":{"@context":"https:\/\/schema.org","@graph":[{"@type":"Article","@id":"https:\/\/blog.phzh.ch\/schreibzentrum\/2025\/11\/florian-inhauser-journalist-srf-tagesschau-zu-gast-an-der-paedagogischen-hochschule-zuerich\/#article","isPartOf":{"@id":"https:\/\/blog.phzh.ch\/schreibzentrum\/2025\/11\/florian-inhauser-journalist-srf-tagesschau-zu-gast-an-der-paedagogischen-hochschule-zuerich\/"},"author":{"name":"Peter Holzwarth","@id":"https:\/\/blog.phzh.ch\/schreibzentrum\/#\/schema\/person\/4e534155896c45ab0b3ab0aeeb9e1d6f"},"headline":"Florian Inhauser (Journalist SRF-Tagesschau \/ 10 vor 10) zu Gast an der P\u00e4dagogischen Hochschule Z\u00fcrich","datePublished":"2025-11-24T07:00:00+00:00","dateModified":"2025-12-19T05:18:27+00:00","mainEntityOfPage":{"@id":"https:\/\/blog.phzh.ch\/schreibzentrum\/2025\/11\/florian-inhauser-journalist-srf-tagesschau-zu-gast-an-der-paedagogischen-hochschule-zuerich\/"},"wordCount":619,"commentCount":0,"image":{"@id":"https:\/\/blog.phzh.ch\/schreibzentrum\/2025\/11\/florian-inhauser-journalist-srf-tagesschau-zu-gast-an-der-paedagogischen-hochschule-zuerich\/#primaryimage"},"thumbnailUrl":"https:\/\/blog.phzh.ch\/schreibzentrum\/files\/2025\/11\/2025-11-20-10.42.14-Kopie-scaled.jpg","articleSection":{"1":"Aufgelesen"},"inLanguage":"de","potentialAction":[{"@type":"CommentAction","name":"Comment","target":["https:\/\/blog.phzh.ch\/schreibzentrum\/2025\/11\/florian-inhauser-journalist-srf-tagesschau-zu-gast-an-der-paedagogischen-hochschule-zuerich\/#respond"]}]},{"@type":"WebPage","@id":"https:\/\/blog.phzh.ch\/schreibzentrum\/2025\/11\/florian-inhauser-journalist-srf-tagesschau-zu-gast-an-der-paedagogischen-hochschule-zuerich\/","url":"https:\/\/blog.phzh.ch\/schreibzentrum\/2025\/11\/florian-inhauser-journalist-srf-tagesschau-zu-gast-an-der-paedagogischen-hochschule-zuerich\/","name":"Florian Inhauser (Journalist SRF-Tagesschau \/ 10 vor 10) zu Gast an der P\u00e4dagogischen Hochschule Z\u00fcrich - Das SchreibBLOGzentrum","isPartOf":{"@id":"https:\/\/blog.phzh.ch\/schreibzentrum\/#website"},"primaryImageOfPage":{"@id":"https:\/\/blog.phzh.ch\/schreibzentrum\/2025\/11\/florian-inhauser-journalist-srf-tagesschau-zu-gast-an-der-paedagogischen-hochschule-zuerich\/#primaryimage"},"image":{"@id":"https:\/\/blog.phzh.ch\/schreibzentrum\/2025\/11\/florian-inhauser-journalist-srf-tagesschau-zu-gast-an-der-paedagogischen-hochschule-zuerich\/#primaryimage"},"thumbnailUrl":"https:\/\/blog.phzh.ch\/schreibzentrum\/files\/2025\/11\/2025-11-20-10.42.14-Kopie-scaled.jpg","datePublished":"2025-11-24T07:00:00+00:00","dateModified":"2025-12-19T05:18:27+00:00","author":{"@id":"https:\/\/blog.phzh.ch\/schreibzentrum\/#\/schema\/person\/4e534155896c45ab0b3ab0aeeb9e1d6f"},"breadcrumb":{"@id":"https:\/\/blog.phzh.ch\/schreibzentrum\/2025\/11\/florian-inhauser-journalist-srf-tagesschau-zu-gast-an-der-paedagogischen-hochschule-zuerich\/#breadcrumb"},"inLanguage":"de","potentialAction":[{"@type":"ReadAction","target":["https:\/\/blog.phzh.ch\/schreibzentrum\/2025\/11\/florian-inhauser-journalist-srf-tagesschau-zu-gast-an-der-paedagogischen-hochschule-zuerich\/"]}]},{"@type":"ImageObject","inLanguage":"de","@id":"https:\/\/blog.phzh.ch\/schreibzentrum\/2025\/11\/florian-inhauser-journalist-srf-tagesschau-zu-gast-an-der-paedagogischen-hochschule-zuerich\/#primaryimage","url":"https:\/\/blog.phzh.ch\/schreibzentrum\/files\/2025\/11\/2025-11-20-10.42.14-Kopie-scaled.jpg","contentUrl":"https:\/\/blog.phzh.ch\/schreibzentrum\/files\/2025\/11\/2025-11-20-10.42.14-Kopie-scaled.jpg","width":2560,"height":1542},{"@type":"BreadcrumbList","@id":"https:\/\/blog.phzh.ch\/schreibzentrum\/2025\/11\/florian-inhauser-journalist-srf-tagesschau-zu-gast-an-der-paedagogischen-hochschule-zuerich\/#breadcrumb","itemListElement":[{"@type":"ListItem","position":1,"name":"Start","item":"https:\/\/blog.phzh.ch\/schreibzentrum\/"},{"@type":"ListItem","position":2,"name":"Florian Inhauser (Journalist SRF-Tagesschau \/ 10 vor 10) zu Gast an der P\u00e4dagogischen Hochschule Z\u00fcrich"}]},{"@type":"WebSite","@id":"https:\/\/blog.phzh.ch\/schreibzentrum\/#website","url":"https:\/\/blog.phzh.ch\/schreibzentrum\/","name":"Das SchreibBLOGzentrum","description":"Texte und Events","potentialAction":[{"@type":"SearchAction","target":{"@type":"EntryPoint","urlTemplate":"https:\/\/blog.phzh.ch\/schreibzentrum\/?s={search_term_string}"},"query-input":{"@type":"PropertyValueSpecification","valueRequired":true,"valueName":"search_term_string"}}],"inLanguage":"de"},{"@type":"Person","@id":"https:\/\/blog.phzh.ch\/schreibzentrum\/#\/schema\/person\/4e534155896c45ab0b3ab0aeeb9e1d6f","name":"Peter Holzwarth","image":{"@type":"ImageObject","inLanguage":"de","@id":"https:\/\/blog.phzh.ch\/schreibzentrum\/#\/schema\/person\/image\/","url":"https:\/\/secure.gravatar.com\/avatar\/9fc20f97ee42bd90386fa8cbd19db523?s=96&d=mm&r=g","contentUrl":"https:\/\/secure.gravatar.com\/avatar\/9fc20f97ee42bd90386fa8cbd19db523?s=96&d=mm&r=g","caption":"Peter Holzwarth"},"url":"https:\/\/blog.phzh.ch\/schreibzentrum\/author\/peterholzwarth\/"}]}},"_links":{"self":[{"href":"https:\/\/blog.phzh.ch\/schreibzentrum\/wp-json\/wp\/v2\/posts\/9035","targetHints":{"allow":["GET"]}}],"collection":[{"href":"https:\/\/blog.phzh.ch\/schreibzentrum\/wp-json\/wp\/v2\/posts"}],"about":[{"href":"https:\/\/blog.phzh.ch\/schreibzentrum\/wp-json\/wp\/v2\/types\/post"}],"author":[{"embeddable":true,"href":"https:\/\/blog.phzh.ch\/schreibzentrum\/wp-json\/wp\/v2\/users\/171"}],"replies":[{"embeddable":true,"href":"https:\/\/blog.phzh.ch\/schreibzentrum\/wp-json\/wp\/v2\/comments?post=9035"}],"version-history":[{"count":19,"href":"https:\/\/blog.phzh.ch\/schreibzentrum\/wp-json\/wp\/v2\/posts\/9035\/revisions"}],"predecessor-version":[{"id":9173,"href":"https:\/\/blog.phzh.ch\/schreibzentrum\/wp-json\/wp\/v2\/posts\/9035\/revisions\/9173"}],"wp:featuredmedia":[{"embeddable":true,"href":"https:\/\/blog.phzh.ch\/schreibzentrum\/wp-json\/wp\/v2\/media\/9036"}],"wp:attachment":[{"href":"https:\/\/blog.phzh.ch\/schreibzentrum\/wp-json\/wp\/v2\/media?parent=9035"}],"wp:term":[{"taxonomy":"category","embeddable":true,"href":"https:\/\/blog.phzh.ch\/schreibzentrum\/wp-json\/wp\/v2\/categories?post=9035"},{"taxonomy":"post_tag","embeddable":true,"href":"https:\/\/blog.phzh.ch\/schreibzentrum\/wp-json\/wp\/v2\/tags?post=9035"}],"curies":[{"name":"wp","href":"https:\/\/api.w.org\/{rel}","templated":true}]}}