{"id":9013,"date":"2025-11-12T08:00:00","date_gmt":"2025-11-12T07:00:00","guid":{"rendered":"https:\/\/blog.phzh.ch\/schreibzentrum\/?p=9013"},"modified":"2025-11-13T08:19:41","modified_gmt":"2025-11-13T07:19:41","slug":"herbstduft","status":"publish","type":"post","link":"https:\/\/blog.phzh.ch\/schreibzentrum\/2025\/11\/herbstduft\/","title":{"rendered":"Herbstduft"},"content":{"rendered":"\n<div class=\"wp-block-group is-vertical is-layout-flex wp-container-core-group-is-layout-1 wp-block-group-is-layout-flex\">\n<p>Nadia Gsell<\/p>\n\n\n\n<p><\/p>\n\n\n\n<p>S\u00fcsslicher Duft und ein leichter Wind in den Haaren,<\/p>\n\n\n\n<p>die Musik in meinen Ohren und der leichte Nebel auf der Haut stimmen mich mystisch in diese sch\u00f6ne Jahreszeit.<\/p>\n\n\n\n<p>Unz\u00e4hlige Varianten von Orange und Braun zieren die W\u00e4lder und die erdigen B\u00f6den.<\/p>\n\n\n\n<p>Ich l\u00e4chle in mich hinein.<\/p>\n\n\n\n<p>Zu sp\u00fcren, wie sich die Natur ver\u00e4ndert,<\/p>\n\n\n\n<p>zu sehen, wie die B\u00e4ume mich auf meinem Weg gr\u00fcssen,<\/p>\n\n\n\n<p>wie der Wind schneller bl\u00e4st, wenn ich schnellen Schrittes die Strasse entlang gehe.<\/p>\n\n\n\n<p>\u00dcberw\u00e4ltigende Gef\u00fchle brechen \u00fcber mich herein,<\/p>\n\n\n\n<p>wie kann die Welt nur so grausam sein.<\/p>\n\n\n\n<p>Eine Welt voll Jahreszeiten, Sch\u00f6nheit der Natur,<\/p>\n\n\n\n<p>doch so undankbar,<\/p>\n\n\n\n<p>unschlagbar,<\/p>\n\n\n\n<p>unbesiegbar<\/p>\n\n\n\n<p>Halt!<\/p>\n\n\n\n<p>Schlagen wird zu Kuscheln,<\/p>\n\n\n\n<p>Siegen wird zu Lieben.<\/p>\n\n\n\n<p>Zeit ist das Geschenk der Menschen,<\/p>\n\n\n\n<p>die Natur unser Wunder.<\/p>\n\n\n\n<p>Und du, mein einzigartiges Herbstblatt,<\/p>\n\n\n\n<p>so wundersch\u00f6n, einzigartig<\/p>\n\n\n\n<p>so farbenfroh wie die Welt.<\/p>\n<\/div>\n\n\n\n<p><\/p>\n\n\n\n<figure class=\"wp-block-image size-large\"><img loading=\"lazy\" decoding=\"async\" width=\"1024\" height=\"768\" src=\"https:\/\/blog.phzh.ch\/schreibzentrum\/files\/2025\/11\/Bild_Herbstduft-1024x768.jpeg\" alt=\"\" class=\"wp-image-9014\" srcset=\"https:\/\/blog.phzh.ch\/schreibzentrum\/files\/2025\/11\/Bild_Herbstduft-1024x768.jpeg 1024w, https:\/\/blog.phzh.ch\/schreibzentrum\/files\/2025\/11\/Bild_Herbstduft-300x225.jpeg 300w, https:\/\/blog.phzh.ch\/schreibzentrum\/files\/2025\/11\/Bild_Herbstduft-150x113.jpeg 150w, https:\/\/blog.phzh.ch\/schreibzentrum\/files\/2025\/11\/Bild_Herbstduft-768x576.jpeg 768w, https:\/\/blog.phzh.ch\/schreibzentrum\/files\/2025\/11\/Bild_Herbstduft-1536x1152.jpeg 1536w, https:\/\/blog.phzh.ch\/schreibzentrum\/files\/2025\/11\/Bild_Herbstduft.jpeg 2000w\" sizes=\"auto, (max-width: 1024px) 100vw, 1024px\" \/><\/figure>\n\n\n\n<p>Foto: Nadia Gsell<\/p>\n","protected":false},"excerpt":{"rendered":"<p>Nadia Gsell S\u00fcsslicher Duft und ein leichter Wind in den Haaren, die Musik in meinen Ohren und der leichte Nebel auf der Haut stimmen mich mystisch in diese sch\u00f6ne Jahreszeit. Unz\u00e4hlige Varianten von Orange und Braun zieren die W\u00e4lder und die erdigen B\u00f6den. Ich l\u00e4chle in mich hinein. Zu sp\u00fcren, wie sich die Natur ver\u00e4ndert, &hellip; <a href=\"https:\/\/blog.phzh.ch\/schreibzentrum\/2025\/11\/herbstduft\/\" class=\"more-link\"><span class=\"screen-reader-text\">Herbstduft<\/span> weiterlesen<\/a><\/p>\n","protected":false},"author":171,"featured_media":8913,"comment_status":"open","ping_status":"closed","sticky":false,"template":"","format":"standard","meta":{"footnotes":""},"categories":[107936,110444,17607],"tags":[],"class_list":["post-9013","post","type-post","status-publish","format-standard","has-post-thumbnail","hentry","category-punkt-punkt-komma-strich","category-studierende-schreiben","category-texte"],"yoast_head":"<!-- This site is optimized with the Yoast SEO plugin v26.8 - https:\/\/yoast.com\/product\/yoast-seo-wordpress\/ -->\n<title>Herbstduft - Das SchreibBLOGzentrum<\/title>\n<meta name=\"robots\" content=\"index, follow, max-snippet:-1, max-image-preview:large, max-video-preview:-1\" \/>\n<link rel=\"canonical\" href=\"https:\/\/blog.phzh.ch\/schreibzentrum\/2025\/11\/herbstduft\/\" \/>\n<meta property=\"og:locale\" content=\"de_DE\" \/>\n<meta property=\"og:type\" content=\"article\" \/>\n<meta property=\"og:title\" content=\"Herbstduft - Das SchreibBLOGzentrum\" \/>\n<meta property=\"og:description\" content=\"Nadia Gsell S\u00fcsslicher Duft und ein leichter Wind in den Haaren, die Musik in meinen Ohren und der leichte Nebel auf der Haut stimmen mich mystisch in diese sch\u00f6ne Jahreszeit. Unz\u00e4hlige Varianten von Orange und Braun zieren die W\u00e4lder und die erdigen B\u00f6den. Ich l\u00e4chle in mich hinein. Zu sp\u00fcren, wie sich die Natur ver\u00e4ndert, &hellip; Herbstduft weiterlesen\" \/>\n<meta property=\"og:url\" content=\"https:\/\/blog.phzh.ch\/schreibzentrum\/2025\/11\/herbstduft\/\" \/>\n<meta property=\"og:site_name\" content=\"Das SchreibBLOGzentrum\" \/>\n<meta property=\"article:published_time\" content=\"2025-11-12T07:00:00+00:00\" \/>\n<meta property=\"article:modified_time\" content=\"2025-11-13T07:19:41+00:00\" \/>\n<meta property=\"og:image\" content=\"https:\/\/blog.phzh.ch\/schreibzentrum\/files\/2025\/09\/Blog-Banner_Punkt-Punkt-Komma-Strich_S8-2.jpg\" \/>\n\t<meta property=\"og:image:width\" content=\"640\" \/>\n\t<meta property=\"og:image:height\" content=\"120\" \/>\n\t<meta property=\"og:image:type\" content=\"image\/jpeg\" \/>\n<meta name=\"author\" content=\"Peter Holzwarth\" \/>\n<meta name=\"twitter:card\" content=\"summary_large_image\" \/>\n<meta name=\"twitter:label1\" content=\"Verfasst von\" \/>\n\t<meta name=\"twitter:data1\" content=\"Peter Holzwarth\" \/>\n\t<meta name=\"twitter:label2\" content=\"Gesch\u00e4tzte Lesezeit\" \/>\n\t<meta name=\"twitter:data2\" content=\"2\u00a0Minuten\" \/>\n<script type=\"application\/ld+json\" class=\"yoast-schema-graph\">{\"@context\":\"https:\/\/schema.org\",\"@graph\":[{\"@type\":\"Article\",\"@id\":\"https:\/\/blog.phzh.ch\/schreibzentrum\/2025\/11\/herbstduft\/#article\",\"isPartOf\":{\"@id\":\"https:\/\/blog.phzh.ch\/schreibzentrum\/2025\/11\/herbstduft\/\"},\"author\":{\"name\":\"Peter Holzwarth\",\"@id\":\"https:\/\/blog.phzh.ch\/schreibzentrum\/#\/schema\/person\/4e534155896c45ab0b3ab0aeeb9e1d6f\"},\"headline\":\"Herbstduft\",\"datePublished\":\"2025-11-12T07:00:00+00:00\",\"dateModified\":\"2025-11-13T07:19:41+00:00\",\"mainEntityOfPage\":{\"@id\":\"https:\/\/blog.phzh.ch\/schreibzentrum\/2025\/11\/herbstduft\/\"},\"wordCount\":155,\"commentCount\":0,\"image\":{\"@id\":\"https:\/\/blog.phzh.ch\/schreibzentrum\/2025\/11\/herbstduft\/#primaryimage\"},\"thumbnailUrl\":\"https:\/\/blog.phzh.ch\/schreibzentrum\/files\/2025\/09\/Blog-Banner_Punkt-Punkt-Komma-Strich_S8-2.jpg\",\"articleSection\":[\"Punkt Punkt Komma Strich\",\"Studierende schreiben\",\"Texte\"],\"inLanguage\":\"de\",\"potentialAction\":[{\"@type\":\"CommentAction\",\"name\":\"Comment\",\"target\":[\"https:\/\/blog.phzh.ch\/schreibzentrum\/2025\/11\/herbstduft\/#respond\"]}]},{\"@type\":\"WebPage\",\"@id\":\"https:\/\/blog.phzh.ch\/schreibzentrum\/2025\/11\/herbstduft\/\",\"url\":\"https:\/\/blog.phzh.ch\/schreibzentrum\/2025\/11\/herbstduft\/\",\"name\":\"Herbstduft - Das SchreibBLOGzentrum\",\"isPartOf\":{\"@id\":\"https:\/\/blog.phzh.ch\/schreibzentrum\/#website\"},\"primaryImageOfPage\":{\"@id\":\"https:\/\/blog.phzh.ch\/schreibzentrum\/2025\/11\/herbstduft\/#primaryimage\"},\"image\":{\"@id\":\"https:\/\/blog.phzh.ch\/schreibzentrum\/2025\/11\/herbstduft\/#primaryimage\"},\"thumbnailUrl\":\"https:\/\/blog.phzh.ch\/schreibzentrum\/files\/2025\/09\/Blog-Banner_Punkt-Punkt-Komma-Strich_S8-2.jpg\",\"datePublished\":\"2025-11-12T07:00:00+00:00\",\"dateModified\":\"2025-11-13T07:19:41+00:00\",\"author\":{\"@id\":\"https:\/\/blog.phzh.ch\/schreibzentrum\/#\/schema\/person\/4e534155896c45ab0b3ab0aeeb9e1d6f\"},\"breadcrumb\":{\"@id\":\"https:\/\/blog.phzh.ch\/schreibzentrum\/2025\/11\/herbstduft\/#breadcrumb\"},\"inLanguage\":\"de\",\"potentialAction\":[{\"@type\":\"ReadAction\",\"target\":[\"https:\/\/blog.phzh.ch\/schreibzentrum\/2025\/11\/herbstduft\/\"]}]},{\"@type\":\"ImageObject\",\"inLanguage\":\"de\",\"@id\":\"https:\/\/blog.phzh.ch\/schreibzentrum\/2025\/11\/herbstduft\/#primaryimage\",\"url\":\"https:\/\/blog.phzh.ch\/schreibzentrum\/files\/2025\/09\/Blog-Banner_Punkt-Punkt-Komma-Strich_S8-2.jpg\",\"contentUrl\":\"https:\/\/blog.phzh.ch\/schreibzentrum\/files\/2025\/09\/Blog-Banner_Punkt-Punkt-Komma-Strich_S8-2.jpg\",\"width\":640,\"height\":120},{\"@type\":\"BreadcrumbList\",\"@id\":\"https:\/\/blog.phzh.ch\/schreibzentrum\/2025\/11\/herbstduft\/#breadcrumb\",\"itemListElement\":[{\"@type\":\"ListItem\",\"position\":1,\"name\":\"Start\",\"item\":\"https:\/\/blog.phzh.ch\/schreibzentrum\/\"},{\"@type\":\"ListItem\",\"position\":2,\"name\":\"Herbstduft\"}]},{\"@type\":\"WebSite\",\"@id\":\"https:\/\/blog.phzh.ch\/schreibzentrum\/#website\",\"url\":\"https:\/\/blog.phzh.ch\/schreibzentrum\/\",\"name\":\"Das SchreibBLOGzentrum\",\"description\":\"Texte und Events\",\"potentialAction\":[{\"@type\":\"SearchAction\",\"target\":{\"@type\":\"EntryPoint\",\"urlTemplate\":\"https:\/\/blog.phzh.ch\/schreibzentrum\/?s={search_term_string}\"},\"query-input\":{\"@type\":\"PropertyValueSpecification\",\"valueRequired\":true,\"valueName\":\"search_term_string\"}}],\"inLanguage\":\"de\"},{\"@type\":\"Person\",\"@id\":\"https:\/\/blog.phzh.ch\/schreibzentrum\/#\/schema\/person\/4e534155896c45ab0b3ab0aeeb9e1d6f\",\"name\":\"Peter Holzwarth\",\"image\":{\"@type\":\"ImageObject\",\"inLanguage\":\"de\",\"@id\":\"https:\/\/blog.phzh.ch\/schreibzentrum\/#\/schema\/person\/image\/\",\"url\":\"https:\/\/secure.gravatar.com\/avatar\/9fc20f97ee42bd90386fa8cbd19db523?s=96&d=mm&r=g\",\"contentUrl\":\"https:\/\/secure.gravatar.com\/avatar\/9fc20f97ee42bd90386fa8cbd19db523?s=96&d=mm&r=g\",\"caption\":\"Peter Holzwarth\"},\"url\":\"https:\/\/blog.phzh.ch\/schreibzentrum\/author\/peterholzwarth\/\"}]}<\/script>\n<!-- \/ Yoast SEO plugin. -->","yoast_head_json":{"title":"Herbstduft - Das SchreibBLOGzentrum","robots":{"index":"index","follow":"follow","max-snippet":"max-snippet:-1","max-image-preview":"max-image-preview:large","max-video-preview":"max-video-preview:-1"},"canonical":"https:\/\/blog.phzh.ch\/schreibzentrum\/2025\/11\/herbstduft\/","og_locale":"de_DE","og_type":"article","og_title":"Herbstduft - Das SchreibBLOGzentrum","og_description":"Nadia Gsell S\u00fcsslicher Duft und ein leichter Wind in den Haaren, die Musik in meinen Ohren und der leichte Nebel auf der Haut stimmen mich mystisch in diese sch\u00f6ne Jahreszeit. Unz\u00e4hlige Varianten von Orange und Braun zieren die W\u00e4lder und die erdigen B\u00f6den. Ich l\u00e4chle in mich hinein. Zu sp\u00fcren, wie sich die Natur ver\u00e4ndert, &hellip; Herbstduft weiterlesen","og_url":"https:\/\/blog.phzh.ch\/schreibzentrum\/2025\/11\/herbstduft\/","og_site_name":"Das SchreibBLOGzentrum","article_published_time":"2025-11-12T07:00:00+00:00","article_modified_time":"2025-11-13T07:19:41+00:00","og_image":[{"width":640,"height":120,"url":"https:\/\/blog.phzh.ch\/schreibzentrum\/files\/2025\/09\/Blog-Banner_Punkt-Punkt-Komma-Strich_S8-2.jpg","type":"image\/jpeg"}],"author":"Peter Holzwarth","twitter_card":"summary_large_image","twitter_misc":{"Verfasst von":"Peter Holzwarth","Gesch\u00e4tzte Lesezeit":"2\u00a0Minuten"},"schema":{"@context":"https:\/\/schema.org","@graph":[{"@type":"Article","@id":"https:\/\/blog.phzh.ch\/schreibzentrum\/2025\/11\/herbstduft\/#article","isPartOf":{"@id":"https:\/\/blog.phzh.ch\/schreibzentrum\/2025\/11\/herbstduft\/"},"author":{"name":"Peter Holzwarth","@id":"https:\/\/blog.phzh.ch\/schreibzentrum\/#\/schema\/person\/4e534155896c45ab0b3ab0aeeb9e1d6f"},"headline":"Herbstduft","datePublished":"2025-11-12T07:00:00+00:00","dateModified":"2025-11-13T07:19:41+00:00","mainEntityOfPage":{"@id":"https:\/\/blog.phzh.ch\/schreibzentrum\/2025\/11\/herbstduft\/"},"wordCount":155,"commentCount":0,"image":{"@id":"https:\/\/blog.phzh.ch\/schreibzentrum\/2025\/11\/herbstduft\/#primaryimage"},"thumbnailUrl":"https:\/\/blog.phzh.ch\/schreibzentrum\/files\/2025\/09\/Blog-Banner_Punkt-Punkt-Komma-Strich_S8-2.jpg","articleSection":["Punkt Punkt Komma Strich","Studierende schreiben","Texte"],"inLanguage":"de","potentialAction":[{"@type":"CommentAction","name":"Comment","target":["https:\/\/blog.phzh.ch\/schreibzentrum\/2025\/11\/herbstduft\/#respond"]}]},{"@type":"WebPage","@id":"https:\/\/blog.phzh.ch\/schreibzentrum\/2025\/11\/herbstduft\/","url":"https:\/\/blog.phzh.ch\/schreibzentrum\/2025\/11\/herbstduft\/","name":"Herbstduft - Das SchreibBLOGzentrum","isPartOf":{"@id":"https:\/\/blog.phzh.ch\/schreibzentrum\/#website"},"primaryImageOfPage":{"@id":"https:\/\/blog.phzh.ch\/schreibzentrum\/2025\/11\/herbstduft\/#primaryimage"},"image":{"@id":"https:\/\/blog.phzh.ch\/schreibzentrum\/2025\/11\/herbstduft\/#primaryimage"},"thumbnailUrl":"https:\/\/blog.phzh.ch\/schreibzentrum\/files\/2025\/09\/Blog-Banner_Punkt-Punkt-Komma-Strich_S8-2.jpg","datePublished":"2025-11-12T07:00:00+00:00","dateModified":"2025-11-13T07:19:41+00:00","author":{"@id":"https:\/\/blog.phzh.ch\/schreibzentrum\/#\/schema\/person\/4e534155896c45ab0b3ab0aeeb9e1d6f"},"breadcrumb":{"@id":"https:\/\/blog.phzh.ch\/schreibzentrum\/2025\/11\/herbstduft\/#breadcrumb"},"inLanguage":"de","potentialAction":[{"@type":"ReadAction","target":["https:\/\/blog.phzh.ch\/schreibzentrum\/2025\/11\/herbstduft\/"]}]},{"@type":"ImageObject","inLanguage":"de","@id":"https:\/\/blog.phzh.ch\/schreibzentrum\/2025\/11\/herbstduft\/#primaryimage","url":"https:\/\/blog.phzh.ch\/schreibzentrum\/files\/2025\/09\/Blog-Banner_Punkt-Punkt-Komma-Strich_S8-2.jpg","contentUrl":"https:\/\/blog.phzh.ch\/schreibzentrum\/files\/2025\/09\/Blog-Banner_Punkt-Punkt-Komma-Strich_S8-2.jpg","width":640,"height":120},{"@type":"BreadcrumbList","@id":"https:\/\/blog.phzh.ch\/schreibzentrum\/2025\/11\/herbstduft\/#breadcrumb","itemListElement":[{"@type":"ListItem","position":1,"name":"Start","item":"https:\/\/blog.phzh.ch\/schreibzentrum\/"},{"@type":"ListItem","position":2,"name":"Herbstduft"}]},{"@type":"WebSite","@id":"https:\/\/blog.phzh.ch\/schreibzentrum\/#website","url":"https:\/\/blog.phzh.ch\/schreibzentrum\/","name":"Das SchreibBLOGzentrum","description":"Texte und Events","potentialAction":[{"@type":"SearchAction","target":{"@type":"EntryPoint","urlTemplate":"https:\/\/blog.phzh.ch\/schreibzentrum\/?s={search_term_string}"},"query-input":{"@type":"PropertyValueSpecification","valueRequired":true,"valueName":"search_term_string"}}],"inLanguage":"de"},{"@type":"Person","@id":"https:\/\/blog.phzh.ch\/schreibzentrum\/#\/schema\/person\/4e534155896c45ab0b3ab0aeeb9e1d6f","name":"Peter Holzwarth","image":{"@type":"ImageObject","inLanguage":"de","@id":"https:\/\/blog.phzh.ch\/schreibzentrum\/#\/schema\/person\/image\/","url":"https:\/\/secure.gravatar.com\/avatar\/9fc20f97ee42bd90386fa8cbd19db523?s=96&d=mm&r=g","contentUrl":"https:\/\/secure.gravatar.com\/avatar\/9fc20f97ee42bd90386fa8cbd19db523?s=96&d=mm&r=g","caption":"Peter Holzwarth"},"url":"https:\/\/blog.phzh.ch\/schreibzentrum\/author\/peterholzwarth\/"}]}},"_links":{"self":[{"href":"https:\/\/blog.phzh.ch\/schreibzentrum\/wp-json\/wp\/v2\/posts\/9013","targetHints":{"allow":["GET"]}}],"collection":[{"href":"https:\/\/blog.phzh.ch\/schreibzentrum\/wp-json\/wp\/v2\/posts"}],"about":[{"href":"https:\/\/blog.phzh.ch\/schreibzentrum\/wp-json\/wp\/v2\/types\/post"}],"author":[{"embeddable":true,"href":"https:\/\/blog.phzh.ch\/schreibzentrum\/wp-json\/wp\/v2\/users\/171"}],"replies":[{"embeddable":true,"href":"https:\/\/blog.phzh.ch\/schreibzentrum\/wp-json\/wp\/v2\/comments?post=9013"}],"version-history":[{"count":2,"href":"https:\/\/blog.phzh.ch\/schreibzentrum\/wp-json\/wp\/v2\/posts\/9013\/revisions"}],"predecessor-version":[{"id":9016,"href":"https:\/\/blog.phzh.ch\/schreibzentrum\/wp-json\/wp\/v2\/posts\/9013\/revisions\/9016"}],"wp:featuredmedia":[{"embeddable":true,"href":"https:\/\/blog.phzh.ch\/schreibzentrum\/wp-json\/wp\/v2\/media\/8913"}],"wp:attachment":[{"href":"https:\/\/blog.phzh.ch\/schreibzentrum\/wp-json\/wp\/v2\/media?parent=9013"}],"wp:term":[{"taxonomy":"category","embeddable":true,"href":"https:\/\/blog.phzh.ch\/schreibzentrum\/wp-json\/wp\/v2\/categories?post=9013"},{"taxonomy":"post_tag","embeddable":true,"href":"https:\/\/blog.phzh.ch\/schreibzentrum\/wp-json\/wp\/v2\/tags?post=9013"}],"curies":[{"name":"wp","href":"https:\/\/api.w.org\/{rel}","templated":true}]}}