{"id":8985,"date":"2025-10-28T22:48:46","date_gmt":"2025-10-28T21:48:46","guid":{"rendered":"https:\/\/blog.phzh.ch\/schreibzentrum\/?p=8985"},"modified":"2025-10-29T18:37:49","modified_gmt":"2025-10-29T17:37:49","slug":"alle-dabei-inklusion-in-schule-und-hochschule-leben-ein-rueckblick-auf-das-podium-lernforum-vom-28-oktober-2025","status":"publish","type":"post","link":"https:\/\/blog.phzh.ch\/schreibzentrum\/2025\/10\/alle-dabei-inklusion-in-schule-und-hochschule-leben-ein-rueckblick-auf-das-podium-lernforum-vom-28-oktober-2025\/","title":{"rendered":"\u00abAlle dabei \u2013 Inklusion in Schule und Hochschule leben\u00bb \u2013 Ein R\u00fcckblick auf das Podium Lernforum vom 28. Oktober 2025"},"content":{"rendered":"\n<p><\/p>\n\n\n\n<p>Wie kann eine inklusive Schule und Hochschule gestaltet werden, in der Vielfalt als Chance verstanden wird? Diese Frage stand im Zentrum des Podiums &nbsp;Lernforum an der PH Z\u00fcrich. &nbsp;In der Diskussion wurden unterschiedliche Perspektiven auf &nbsp;Inklusion und Intergration zusammengebacht. Sie machten deutlich, dass es keine einfachen Antworten gibt, wohl aber ermutigende Ans\u00e4tze.<\/p>\n\n\n\n<p>Auf dem Podium waren <strong>Reto Luder<\/strong> (Zentrumsleiter Inklusion und Gesundheit in der Schule, PH Z\u00fcrich), <strong>Andrea Schweizer<\/strong> (Rektorin PH Z\u00fcrich), <strong>Giuliano Gargiulo<\/strong> (Student PH Z\u00fcrich) und <strong>Simone Tuena-K\u00fcpfer<\/strong> (Dozentin\/Beraterin, Neurodiversit\u00e4t in der Bildung). <strong>Tobias Zimmermann<\/strong> (Zentrumsleiter Hochschuldidaktik und -entwicklung, PH Z\u00fcrich) f\u00fchrte als Moderator durch das Gespr\u00e4ch.<\/p>\n\n\n\n<figure class=\"wp-block-image size-large\"><img loading=\"lazy\" decoding=\"async\" width=\"1024\" height=\"461\" src=\"https:\/\/blog.phzh.ch\/schreibzentrum\/files\/2025\/10\/20251028_181525-1024x461.jpg\" alt=\"\" class=\"wp-image-8986\" srcset=\"https:\/\/blog.phzh.ch\/schreibzentrum\/files\/2025\/10\/20251028_181525-1024x461.jpg 1024w, https:\/\/blog.phzh.ch\/schreibzentrum\/files\/2025\/10\/20251028_181525-300x135.jpg 300w, https:\/\/blog.phzh.ch\/schreibzentrum\/files\/2025\/10\/20251028_181525-150x68.jpg 150w, https:\/\/blog.phzh.ch\/schreibzentrum\/files\/2025\/10\/20251028_181525-768x346.jpg 768w, https:\/\/blog.phzh.ch\/schreibzentrum\/files\/2025\/10\/20251028_181525-1536x691.jpg 1536w, https:\/\/blog.phzh.ch\/schreibzentrum\/files\/2025\/10\/20251028_181525-2048x922.jpg 2048w\" sizes=\"auto, (max-width: 1024px) 100vw, 1024px\" \/><\/figure>\n\n\n\n<p>In der Diskussion wurde klar: Inklusion betrifft nicht nur die Schule, sondern auch die Hochschule als Lern- und Arbeitsort. Sch\u00fcler:innen, Lehrpersonen und auch Dozierende k\u00f6nnen von sichtbaren oder nicht sichtbaren Beeintr\u00e4chtigungen betroffen sein. Die Haltung der beteiligten Akteurinnen und Akteure ist zentral und es gibt keine spezifische Lehr-Lernform, die <em>allen <\/em>Menschen mit speziellen Bed\u00fcrfnissen entgegen kommt. Ein differenzierter kontextsensibler Blick ist gefragt.<\/p>\n\n\n\n<figure class=\"wp-block-image size-large\"><img loading=\"lazy\" decoding=\"async\" width=\"1024\" height=\"461\" src=\"https:\/\/blog.phzh.ch\/schreibzentrum\/files\/2026\/10\/20251028_184850-1-1024x461.jpg\" alt=\"\" class=\"wp-image-8992\" srcset=\"https:\/\/blog.phzh.ch\/schreibzentrum\/files\/2026\/10\/20251028_184850-1-1024x461.jpg 1024w, https:\/\/blog.phzh.ch\/schreibzentrum\/files\/2026\/10\/20251028_184850-1-300x135.jpg 300w, https:\/\/blog.phzh.ch\/schreibzentrum\/files\/2026\/10\/20251028_184850-1-150x68.jpg 150w, https:\/\/blog.phzh.ch\/schreibzentrum\/files\/2026\/10\/20251028_184850-1-768x346.jpg 768w, https:\/\/blog.phzh.ch\/schreibzentrum\/files\/2026\/10\/20251028_184850-1-1536x691.jpg 1536w, https:\/\/blog.phzh.ch\/schreibzentrum\/files\/2026\/10\/20251028_184850-1-2048x922.jpg 2048w\" sizes=\"auto, (max-width: 1024px) 100vw, 1024px\" \/><\/figure>\n\n\n\n<figure class=\"wp-block-image size-large\"><img loading=\"lazy\" decoding=\"async\" width=\"1024\" height=\"637\" src=\"https:\/\/blog.phzh.ch\/schreibzentrum\/files\/2026\/10\/20251028_180504-Kopie-1024x637.jpg\" alt=\"\" class=\"wp-image-8990\" srcset=\"https:\/\/blog.phzh.ch\/schreibzentrum\/files\/2026\/10\/20251028_180504-Kopie-1024x637.jpg 1024w, https:\/\/blog.phzh.ch\/schreibzentrum\/files\/2026\/10\/20251028_180504-Kopie-300x187.jpg 300w, https:\/\/blog.phzh.ch\/schreibzentrum\/files\/2026\/10\/20251028_180504-Kopie-150x93.jpg 150w, https:\/\/blog.phzh.ch\/schreibzentrum\/files\/2026\/10\/20251028_180504-Kopie-768x478.jpg 768w, https:\/\/blog.phzh.ch\/schreibzentrum\/files\/2026\/10\/20251028_180504-Kopie-1536x955.jpg 1536w, https:\/\/blog.phzh.ch\/schreibzentrum\/files\/2026\/10\/20251028_180504-Kopie-2048x1274.jpg 2048w\" sizes=\"auto, (max-width: 1024px) 100vw, 1024px\" \/><\/figure>\n\n\n\n<p><\/p>\n\n\n\n<figure class=\"wp-block-image size-large\"><img loading=\"lazy\" decoding=\"async\" width=\"1024\" height=\"815\" src=\"https:\/\/blog.phzh.ch\/schreibzentrum\/files\/2025\/10\/20251028_172816-Kopie-1024x815.jpg\" alt=\"\" class=\"wp-image-8997\" srcset=\"https:\/\/blog.phzh.ch\/schreibzentrum\/files\/2025\/10\/20251028_172816-Kopie-1024x815.jpg 1024w, https:\/\/blog.phzh.ch\/schreibzentrum\/files\/2025\/10\/20251028_172816-Kopie-300x239.jpg 300w, https:\/\/blog.phzh.ch\/schreibzentrum\/files\/2025\/10\/20251028_172816-Kopie-150x119.jpg 150w, https:\/\/blog.phzh.ch\/schreibzentrum\/files\/2025\/10\/20251028_172816-Kopie-768x611.jpg 768w, https:\/\/blog.phzh.ch\/schreibzentrum\/files\/2025\/10\/20251028_172816-Kopie-1536x1222.jpg 1536w, https:\/\/blog.phzh.ch\/schreibzentrum\/files\/2025\/10\/20251028_172816-Kopie-2048x1630.jpg 2048w\" sizes=\"auto, (max-width: 1024px) 100vw, 1024px\" \/><\/figure>\n","protected":false},"excerpt":{"rendered":"<p>Wie kann eine inklusive Schule und Hochschule gestaltet werden, in der Vielfalt als Chance verstanden wird? Diese Frage stand im Zentrum des Podiums &nbsp;Lernforum an der PH Z\u00fcrich. &nbsp;In der Diskussion wurden unterschiedliche Perspektiven auf &nbsp;Inklusion und Intergration zusammengebacht. Sie machten deutlich, dass es keine einfachen Antworten gibt, wohl aber ermutigende Ans\u00e4tze. Auf dem Podium &hellip; <a href=\"https:\/\/blog.phzh.ch\/schreibzentrum\/2025\/10\/alle-dabei-inklusion-in-schule-und-hochschule-leben-ein-rueckblick-auf-das-podium-lernforum-vom-28-oktober-2025\/\" class=\"more-link\"><span class=\"screen-reader-text\">\u00abAlle dabei \u2013 Inklusion in Schule und Hochschule leben\u00bb \u2013 Ein R\u00fcckblick auf das Podium Lernforum vom 28. Oktober 2025<\/span> weiterlesen<\/a><\/p>\n","protected":false},"author":171,"featured_media":8986,"comment_status":"open","ping_status":"closed","sticky":false,"template":"","format":"standard","meta":{"footnotes":""},"categories":[17608],"tags":[],"class_list":["post-8985","post","type-post","status-publish","format-standard","has-post-thumbnail","hentry","category-events"],"yoast_head":"<!-- This site is optimized with the Yoast SEO plugin v26.8 - https:\/\/yoast.com\/product\/yoast-seo-wordpress\/ -->\n<title>\u00abAlle dabei \u2013 Inklusion in Schule und Hochschule leben\u00bb \u2013 Ein R\u00fcckblick auf das Podium Lernforum vom 28. Oktober 2025 - Das SchreibBLOGzentrum<\/title>\n<meta name=\"robots\" content=\"index, follow, max-snippet:-1, max-image-preview:large, max-video-preview:-1\" \/>\n<link rel=\"canonical\" href=\"https:\/\/blog.phzh.ch\/schreibzentrum\/2025\/10\/alle-dabei-inklusion-in-schule-und-hochschule-leben-ein-rueckblick-auf-das-podium-lernforum-vom-28-oktober-2025\/\" \/>\n<meta property=\"og:locale\" content=\"de_DE\" \/>\n<meta property=\"og:type\" content=\"article\" \/>\n<meta property=\"og:title\" content=\"\u00abAlle dabei \u2013 Inklusion in Schule und Hochschule leben\u00bb \u2013 Ein R\u00fcckblick auf das Podium Lernforum vom 28. Oktober 2025 - Das SchreibBLOGzentrum\" \/>\n<meta property=\"og:description\" content=\"Wie kann eine inklusive Schule und Hochschule gestaltet werden, in der Vielfalt als Chance verstanden wird? Diese Frage stand im Zentrum des Podiums &nbsp;Lernforum an der PH Z\u00fcrich. &nbsp;In der Diskussion wurden unterschiedliche Perspektiven auf &nbsp;Inklusion und Intergration zusammengebacht. Sie machten deutlich, dass es keine einfachen Antworten gibt, wohl aber ermutigende Ans\u00e4tze. Auf dem Podium &hellip; \u00abAlle dabei \u2013 Inklusion in Schule und Hochschule leben\u00bb \u2013 Ein R\u00fcckblick auf das Podium Lernforum vom 28. Oktober 2025 weiterlesen\" \/>\n<meta property=\"og:url\" content=\"https:\/\/blog.phzh.ch\/schreibzentrum\/2025\/10\/alle-dabei-inklusion-in-schule-und-hochschule-leben-ein-rueckblick-auf-das-podium-lernforum-vom-28-oktober-2025\/\" \/>\n<meta property=\"og:site_name\" content=\"Das SchreibBLOGzentrum\" \/>\n<meta property=\"article:published_time\" content=\"2025-10-28T21:48:46+00:00\" \/>\n<meta property=\"article:modified_time\" content=\"2025-10-29T17:37:49+00:00\" \/>\n<meta property=\"og:image\" content=\"https:\/\/blog.phzh.ch\/schreibzentrum\/files\/2025\/10\/20251028_181525-scaled.jpg\" \/>\n\t<meta property=\"og:image:width\" content=\"2560\" \/>\n\t<meta property=\"og:image:height\" content=\"1152\" \/>\n\t<meta property=\"og:image:type\" content=\"image\/jpeg\" \/>\n<meta name=\"author\" content=\"Peter Holzwarth\" \/>\n<meta name=\"twitter:card\" content=\"summary_large_image\" \/>\n<meta name=\"twitter:label1\" content=\"Verfasst von\" \/>\n\t<meta name=\"twitter:data1\" content=\"Peter Holzwarth\" \/>\n\t<meta name=\"twitter:label2\" content=\"Gesch\u00e4tzte Lesezeit\" \/>\n\t<meta name=\"twitter:data2\" content=\"2\u00a0Minuten\" \/>\n<script type=\"application\/ld+json\" class=\"yoast-schema-graph\">{\"@context\":\"https:\/\/schema.org\",\"@graph\":[{\"@type\":\"Article\",\"@id\":\"https:\/\/blog.phzh.ch\/schreibzentrum\/2025\/10\/alle-dabei-inklusion-in-schule-und-hochschule-leben-ein-rueckblick-auf-das-podium-lernforum-vom-28-oktober-2025\/#article\",\"isPartOf\":{\"@id\":\"https:\/\/blog.phzh.ch\/schreibzentrum\/2025\/10\/alle-dabei-inklusion-in-schule-und-hochschule-leben-ein-rueckblick-auf-das-podium-lernforum-vom-28-oktober-2025\/\"},\"author\":{\"name\":\"Peter Holzwarth\",\"@id\":\"https:\/\/blog.phzh.ch\/schreibzentrum\/#\/schema\/person\/4e534155896c45ab0b3ab0aeeb9e1d6f\"},\"headline\":\"\u00abAlle dabei \u2013 Inklusion in Schule und Hochschule leben\u00bb \u2013 Ein R\u00fcckblick auf das Podium Lernforum vom 28. Oktober 2025\",\"datePublished\":\"2025-10-28T21:48:46+00:00\",\"dateModified\":\"2025-10-29T17:37:49+00:00\",\"mainEntityOfPage\":{\"@id\":\"https:\/\/blog.phzh.ch\/schreibzentrum\/2025\/10\/alle-dabei-inklusion-in-schule-und-hochschule-leben-ein-rueckblick-auf-das-podium-lernforum-vom-28-oktober-2025\/\"},\"wordCount\":197,\"commentCount\":0,\"image\":{\"@id\":\"https:\/\/blog.phzh.ch\/schreibzentrum\/2025\/10\/alle-dabei-inklusion-in-schule-und-hochschule-leben-ein-rueckblick-auf-das-podium-lernforum-vom-28-oktober-2025\/#primaryimage\"},\"thumbnailUrl\":\"https:\/\/blog.phzh.ch\/schreibzentrum\/files\/2025\/10\/20251028_181525-scaled.jpg\",\"articleSection\":[\"Events\"],\"inLanguage\":\"de\",\"potentialAction\":[{\"@type\":\"CommentAction\",\"name\":\"Comment\",\"target\":[\"https:\/\/blog.phzh.ch\/schreibzentrum\/2025\/10\/alle-dabei-inklusion-in-schule-und-hochschule-leben-ein-rueckblick-auf-das-podium-lernforum-vom-28-oktober-2025\/#respond\"]}]},{\"@type\":\"WebPage\",\"@id\":\"https:\/\/blog.phzh.ch\/schreibzentrum\/2025\/10\/alle-dabei-inklusion-in-schule-und-hochschule-leben-ein-rueckblick-auf-das-podium-lernforum-vom-28-oktober-2025\/\",\"url\":\"https:\/\/blog.phzh.ch\/schreibzentrum\/2025\/10\/alle-dabei-inklusion-in-schule-und-hochschule-leben-ein-rueckblick-auf-das-podium-lernforum-vom-28-oktober-2025\/\",\"name\":\"\u00abAlle dabei \u2013 Inklusion in Schule und Hochschule leben\u00bb \u2013 Ein R\u00fcckblick auf das Podium Lernforum vom 28. Oktober 2025 - Das SchreibBLOGzentrum\",\"isPartOf\":{\"@id\":\"https:\/\/blog.phzh.ch\/schreibzentrum\/#website\"},\"primaryImageOfPage\":{\"@id\":\"https:\/\/blog.phzh.ch\/schreibzentrum\/2025\/10\/alle-dabei-inklusion-in-schule-und-hochschule-leben-ein-rueckblick-auf-das-podium-lernforum-vom-28-oktober-2025\/#primaryimage\"},\"image\":{\"@id\":\"https:\/\/blog.phzh.ch\/schreibzentrum\/2025\/10\/alle-dabei-inklusion-in-schule-und-hochschule-leben-ein-rueckblick-auf-das-podium-lernforum-vom-28-oktober-2025\/#primaryimage\"},\"thumbnailUrl\":\"https:\/\/blog.phzh.ch\/schreibzentrum\/files\/2025\/10\/20251028_181525-scaled.jpg\",\"datePublished\":\"2025-10-28T21:48:46+00:00\",\"dateModified\":\"2025-10-29T17:37:49+00:00\",\"author\":{\"@id\":\"https:\/\/blog.phzh.ch\/schreibzentrum\/#\/schema\/person\/4e534155896c45ab0b3ab0aeeb9e1d6f\"},\"breadcrumb\":{\"@id\":\"https:\/\/blog.phzh.ch\/schreibzentrum\/2025\/10\/alle-dabei-inklusion-in-schule-und-hochschule-leben-ein-rueckblick-auf-das-podium-lernforum-vom-28-oktober-2025\/#breadcrumb\"},\"inLanguage\":\"de\",\"potentialAction\":[{\"@type\":\"ReadAction\",\"target\":[\"https:\/\/blog.phzh.ch\/schreibzentrum\/2025\/10\/alle-dabei-inklusion-in-schule-und-hochschule-leben-ein-rueckblick-auf-das-podium-lernforum-vom-28-oktober-2025\/\"]}]},{\"@type\":\"ImageObject\",\"inLanguage\":\"de\",\"@id\":\"https:\/\/blog.phzh.ch\/schreibzentrum\/2025\/10\/alle-dabei-inklusion-in-schule-und-hochschule-leben-ein-rueckblick-auf-das-podium-lernforum-vom-28-oktober-2025\/#primaryimage\",\"url\":\"https:\/\/blog.phzh.ch\/schreibzentrum\/files\/2025\/10\/20251028_181525-scaled.jpg\",\"contentUrl\":\"https:\/\/blog.phzh.ch\/schreibzentrum\/files\/2025\/10\/20251028_181525-scaled.jpg\",\"width\":2560,\"height\":1152},{\"@type\":\"BreadcrumbList\",\"@id\":\"https:\/\/blog.phzh.ch\/schreibzentrum\/2025\/10\/alle-dabei-inklusion-in-schule-und-hochschule-leben-ein-rueckblick-auf-das-podium-lernforum-vom-28-oktober-2025\/#breadcrumb\",\"itemListElement\":[{\"@type\":\"ListItem\",\"position\":1,\"name\":\"Start\",\"item\":\"https:\/\/blog.phzh.ch\/schreibzentrum\/\"},{\"@type\":\"ListItem\",\"position\":2,\"name\":\"\u00abAlle dabei \u2013 Inklusion in Schule und Hochschule leben\u00bb \u2013 Ein R\u00fcckblick auf das Podium Lernforum vom 28. Oktober 2025\"}]},{\"@type\":\"WebSite\",\"@id\":\"https:\/\/blog.phzh.ch\/schreibzentrum\/#website\",\"url\":\"https:\/\/blog.phzh.ch\/schreibzentrum\/\",\"name\":\"Das SchreibBLOGzentrum\",\"description\":\"Texte und Events\",\"potentialAction\":[{\"@type\":\"SearchAction\",\"target\":{\"@type\":\"EntryPoint\",\"urlTemplate\":\"https:\/\/blog.phzh.ch\/schreibzentrum\/?s={search_term_string}\"},\"query-input\":{\"@type\":\"PropertyValueSpecification\",\"valueRequired\":true,\"valueName\":\"search_term_string\"}}],\"inLanguage\":\"de\"},{\"@type\":\"Person\",\"@id\":\"https:\/\/blog.phzh.ch\/schreibzentrum\/#\/schema\/person\/4e534155896c45ab0b3ab0aeeb9e1d6f\",\"name\":\"Peter Holzwarth\",\"image\":{\"@type\":\"ImageObject\",\"inLanguage\":\"de\",\"@id\":\"https:\/\/blog.phzh.ch\/schreibzentrum\/#\/schema\/person\/image\/\",\"url\":\"https:\/\/secure.gravatar.com\/avatar\/9fc20f97ee42bd90386fa8cbd19db523?s=96&d=mm&r=g\",\"contentUrl\":\"https:\/\/secure.gravatar.com\/avatar\/9fc20f97ee42bd90386fa8cbd19db523?s=96&d=mm&r=g\",\"caption\":\"Peter Holzwarth\"},\"url\":\"https:\/\/blog.phzh.ch\/schreibzentrum\/author\/peterholzwarth\/\"}]}<\/script>\n<!-- \/ Yoast SEO plugin. -->","yoast_head_json":{"title":"\u00abAlle dabei \u2013 Inklusion in Schule und Hochschule leben\u00bb \u2013 Ein R\u00fcckblick auf das Podium Lernforum vom 28. Oktober 2025 - Das SchreibBLOGzentrum","robots":{"index":"index","follow":"follow","max-snippet":"max-snippet:-1","max-image-preview":"max-image-preview:large","max-video-preview":"max-video-preview:-1"},"canonical":"https:\/\/blog.phzh.ch\/schreibzentrum\/2025\/10\/alle-dabei-inklusion-in-schule-und-hochschule-leben-ein-rueckblick-auf-das-podium-lernforum-vom-28-oktober-2025\/","og_locale":"de_DE","og_type":"article","og_title":"\u00abAlle dabei \u2013 Inklusion in Schule und Hochschule leben\u00bb \u2013 Ein R\u00fcckblick auf das Podium Lernforum vom 28. Oktober 2025 - Das SchreibBLOGzentrum","og_description":"Wie kann eine inklusive Schule und Hochschule gestaltet werden, in der Vielfalt als Chance verstanden wird? Diese Frage stand im Zentrum des Podiums &nbsp;Lernforum an der PH Z\u00fcrich. &nbsp;In der Diskussion wurden unterschiedliche Perspektiven auf &nbsp;Inklusion und Intergration zusammengebacht. Sie machten deutlich, dass es keine einfachen Antworten gibt, wohl aber ermutigende Ans\u00e4tze. Auf dem Podium &hellip; \u00abAlle dabei \u2013 Inklusion in Schule und Hochschule leben\u00bb \u2013 Ein R\u00fcckblick auf das Podium Lernforum vom 28. Oktober 2025 weiterlesen","og_url":"https:\/\/blog.phzh.ch\/schreibzentrum\/2025\/10\/alle-dabei-inklusion-in-schule-und-hochschule-leben-ein-rueckblick-auf-das-podium-lernforum-vom-28-oktober-2025\/","og_site_name":"Das SchreibBLOGzentrum","article_published_time":"2025-10-28T21:48:46+00:00","article_modified_time":"2025-10-29T17:37:49+00:00","og_image":[{"width":2560,"height":1152,"url":"https:\/\/blog.phzh.ch\/schreibzentrum\/files\/2025\/10\/20251028_181525-scaled.jpg","type":"image\/jpeg"}],"author":"Peter Holzwarth","twitter_card":"summary_large_image","twitter_misc":{"Verfasst von":"Peter Holzwarth","Gesch\u00e4tzte Lesezeit":"2\u00a0Minuten"},"schema":{"@context":"https:\/\/schema.org","@graph":[{"@type":"Article","@id":"https:\/\/blog.phzh.ch\/schreibzentrum\/2025\/10\/alle-dabei-inklusion-in-schule-und-hochschule-leben-ein-rueckblick-auf-das-podium-lernforum-vom-28-oktober-2025\/#article","isPartOf":{"@id":"https:\/\/blog.phzh.ch\/schreibzentrum\/2025\/10\/alle-dabei-inklusion-in-schule-und-hochschule-leben-ein-rueckblick-auf-das-podium-lernforum-vom-28-oktober-2025\/"},"author":{"name":"Peter Holzwarth","@id":"https:\/\/blog.phzh.ch\/schreibzentrum\/#\/schema\/person\/4e534155896c45ab0b3ab0aeeb9e1d6f"},"headline":"\u00abAlle dabei \u2013 Inklusion in Schule und Hochschule leben\u00bb \u2013 Ein R\u00fcckblick auf das Podium Lernforum vom 28. Oktober 2025","datePublished":"2025-10-28T21:48:46+00:00","dateModified":"2025-10-29T17:37:49+00:00","mainEntityOfPage":{"@id":"https:\/\/blog.phzh.ch\/schreibzentrum\/2025\/10\/alle-dabei-inklusion-in-schule-und-hochschule-leben-ein-rueckblick-auf-das-podium-lernforum-vom-28-oktober-2025\/"},"wordCount":197,"commentCount":0,"image":{"@id":"https:\/\/blog.phzh.ch\/schreibzentrum\/2025\/10\/alle-dabei-inklusion-in-schule-und-hochschule-leben-ein-rueckblick-auf-das-podium-lernforum-vom-28-oktober-2025\/#primaryimage"},"thumbnailUrl":"https:\/\/blog.phzh.ch\/schreibzentrum\/files\/2025\/10\/20251028_181525-scaled.jpg","articleSection":["Events"],"inLanguage":"de","potentialAction":[{"@type":"CommentAction","name":"Comment","target":["https:\/\/blog.phzh.ch\/schreibzentrum\/2025\/10\/alle-dabei-inklusion-in-schule-und-hochschule-leben-ein-rueckblick-auf-das-podium-lernforum-vom-28-oktober-2025\/#respond"]}]},{"@type":"WebPage","@id":"https:\/\/blog.phzh.ch\/schreibzentrum\/2025\/10\/alle-dabei-inklusion-in-schule-und-hochschule-leben-ein-rueckblick-auf-das-podium-lernforum-vom-28-oktober-2025\/","url":"https:\/\/blog.phzh.ch\/schreibzentrum\/2025\/10\/alle-dabei-inklusion-in-schule-und-hochschule-leben-ein-rueckblick-auf-das-podium-lernforum-vom-28-oktober-2025\/","name":"\u00abAlle dabei \u2013 Inklusion in Schule und Hochschule leben\u00bb \u2013 Ein R\u00fcckblick auf das Podium Lernforum vom 28. Oktober 2025 - Das SchreibBLOGzentrum","isPartOf":{"@id":"https:\/\/blog.phzh.ch\/schreibzentrum\/#website"},"primaryImageOfPage":{"@id":"https:\/\/blog.phzh.ch\/schreibzentrum\/2025\/10\/alle-dabei-inklusion-in-schule-und-hochschule-leben-ein-rueckblick-auf-das-podium-lernforum-vom-28-oktober-2025\/#primaryimage"},"image":{"@id":"https:\/\/blog.phzh.ch\/schreibzentrum\/2025\/10\/alle-dabei-inklusion-in-schule-und-hochschule-leben-ein-rueckblick-auf-das-podium-lernforum-vom-28-oktober-2025\/#primaryimage"},"thumbnailUrl":"https:\/\/blog.phzh.ch\/schreibzentrum\/files\/2025\/10\/20251028_181525-scaled.jpg","datePublished":"2025-10-28T21:48:46+00:00","dateModified":"2025-10-29T17:37:49+00:00","author":{"@id":"https:\/\/blog.phzh.ch\/schreibzentrum\/#\/schema\/person\/4e534155896c45ab0b3ab0aeeb9e1d6f"},"breadcrumb":{"@id":"https:\/\/blog.phzh.ch\/schreibzentrum\/2025\/10\/alle-dabei-inklusion-in-schule-und-hochschule-leben-ein-rueckblick-auf-das-podium-lernforum-vom-28-oktober-2025\/#breadcrumb"},"inLanguage":"de","potentialAction":[{"@type":"ReadAction","target":["https:\/\/blog.phzh.ch\/schreibzentrum\/2025\/10\/alle-dabei-inklusion-in-schule-und-hochschule-leben-ein-rueckblick-auf-das-podium-lernforum-vom-28-oktober-2025\/"]}]},{"@type":"ImageObject","inLanguage":"de","@id":"https:\/\/blog.phzh.ch\/schreibzentrum\/2025\/10\/alle-dabei-inklusion-in-schule-und-hochschule-leben-ein-rueckblick-auf-das-podium-lernforum-vom-28-oktober-2025\/#primaryimage","url":"https:\/\/blog.phzh.ch\/schreibzentrum\/files\/2025\/10\/20251028_181525-scaled.jpg","contentUrl":"https:\/\/blog.phzh.ch\/schreibzentrum\/files\/2025\/10\/20251028_181525-scaled.jpg","width":2560,"height":1152},{"@type":"BreadcrumbList","@id":"https:\/\/blog.phzh.ch\/schreibzentrum\/2025\/10\/alle-dabei-inklusion-in-schule-und-hochschule-leben-ein-rueckblick-auf-das-podium-lernforum-vom-28-oktober-2025\/#breadcrumb","itemListElement":[{"@type":"ListItem","position":1,"name":"Start","item":"https:\/\/blog.phzh.ch\/schreibzentrum\/"},{"@type":"ListItem","position":2,"name":"\u00abAlle dabei \u2013 Inklusion in Schule und Hochschule leben\u00bb \u2013 Ein R\u00fcckblick auf das Podium Lernforum vom 28. Oktober 2025"}]},{"@type":"WebSite","@id":"https:\/\/blog.phzh.ch\/schreibzentrum\/#website","url":"https:\/\/blog.phzh.ch\/schreibzentrum\/","name":"Das SchreibBLOGzentrum","description":"Texte und Events","potentialAction":[{"@type":"SearchAction","target":{"@type":"EntryPoint","urlTemplate":"https:\/\/blog.phzh.ch\/schreibzentrum\/?s={search_term_string}"},"query-input":{"@type":"PropertyValueSpecification","valueRequired":true,"valueName":"search_term_string"}}],"inLanguage":"de"},{"@type":"Person","@id":"https:\/\/blog.phzh.ch\/schreibzentrum\/#\/schema\/person\/4e534155896c45ab0b3ab0aeeb9e1d6f","name":"Peter Holzwarth","image":{"@type":"ImageObject","inLanguage":"de","@id":"https:\/\/blog.phzh.ch\/schreibzentrum\/#\/schema\/person\/image\/","url":"https:\/\/secure.gravatar.com\/avatar\/9fc20f97ee42bd90386fa8cbd19db523?s=96&d=mm&r=g","contentUrl":"https:\/\/secure.gravatar.com\/avatar\/9fc20f97ee42bd90386fa8cbd19db523?s=96&d=mm&r=g","caption":"Peter Holzwarth"},"url":"https:\/\/blog.phzh.ch\/schreibzentrum\/author\/peterholzwarth\/"}]}},"_links":{"self":[{"href":"https:\/\/blog.phzh.ch\/schreibzentrum\/wp-json\/wp\/v2\/posts\/8985","targetHints":{"allow":["GET"]}}],"collection":[{"href":"https:\/\/blog.phzh.ch\/schreibzentrum\/wp-json\/wp\/v2\/posts"}],"about":[{"href":"https:\/\/blog.phzh.ch\/schreibzentrum\/wp-json\/wp\/v2\/types\/post"}],"author":[{"embeddable":true,"href":"https:\/\/blog.phzh.ch\/schreibzentrum\/wp-json\/wp\/v2\/users\/171"}],"replies":[{"embeddable":true,"href":"https:\/\/blog.phzh.ch\/schreibzentrum\/wp-json\/wp\/v2\/comments?post=8985"}],"version-history":[{"count":9,"href":"https:\/\/blog.phzh.ch\/schreibzentrum\/wp-json\/wp\/v2\/posts\/8985\/revisions"}],"predecessor-version":[{"id":9001,"href":"https:\/\/blog.phzh.ch\/schreibzentrum\/wp-json\/wp\/v2\/posts\/8985\/revisions\/9001"}],"wp:featuredmedia":[{"embeddable":true,"href":"https:\/\/blog.phzh.ch\/schreibzentrum\/wp-json\/wp\/v2\/media\/8986"}],"wp:attachment":[{"href":"https:\/\/blog.phzh.ch\/schreibzentrum\/wp-json\/wp\/v2\/media?parent=8985"}],"wp:term":[{"taxonomy":"category","embeddable":true,"href":"https:\/\/blog.phzh.ch\/schreibzentrum\/wp-json\/wp\/v2\/categories?post=8985"},{"taxonomy":"post_tag","embeddable":true,"href":"https:\/\/blog.phzh.ch\/schreibzentrum\/wp-json\/wp\/v2\/tags?post=8985"}],"curies":[{"name":"wp","href":"https:\/\/api.w.org\/{rel}","templated":true}]}}