{"id":7505,"date":"2023-12-12T12:02:37","date_gmt":"2023-12-12T11:02:37","guid":{"rendered":"https:\/\/blog.phzh.ch\/schreibzentrum\/?p=7505"},"modified":"2024-01-08T13:55:03","modified_gmt":"2024-01-08T12:55:03","slug":"ph-goes-poetry-nr-7-rueckblick","status":"publish","type":"post","link":"https:\/\/blog.phzh.ch\/schreibzentrum\/2023\/12\/ph-goes-poetry-nr-7-rueckblick\/","title":{"rendered":"PH goes Poetry Nr. 7 \u2013 R\u00fcckblick\u00a0"},"content":{"rendered":"\n<p>Kim Moser<\/p>\n\n\n\n<p>Hinter jedem Text steckt ein Gesicht und hinter jedem Gesicht steckt eine <em>geschiht<\/em> (Mittelhochdeutsch von 1050 bis 1500 f\u00fcr (erdachte) Erz\u00e4hlung). Diese Gesichter waren unsere Finalist:innen des diesj\u00e4hrigen Schreibwettbewerbs, die ihre <em>geschihten<\/em>, ob erdacht, auf Tatsachen basierend oder autobiografisch, als Texte im Rahmen des siebten Poetry-Slam-Finals pr\u00e4sentierten. Die Texte unserer Finalist:innen wurden von einer Jury vorausgew\u00e4hlt und von den talentierten Autor:innen, im Rahmen von Kafi Schnauz x PH goes Poetry pr\u00e4sentiert. Sie weckten eine Vielzahl von Emotionen bei den Zuschauer:innen.&nbsp;&nbsp;<\/p>\n\n\n\n<p>Der rechte Mensafl\u00fcgel war bis auf den letzten Platz mit einem hervorragenden Publikum besetzt, das allen Teilnehmer:innen gebannt zuh\u00f6rte und dies bei Texten auf Deutsch, Italienisch und sogar auf R\u00e4toromanisch (PH goes nicht nur Poetry, sondern PH goes for Landessprachen -&gt; n\u00e4chstes Jahr alle vier bitte), um anschliessend ihre Bewertungen abzugeben. In einem Poetry-Slam ist das Publikum die Jury, weshalb sie die Gesichter hinter den Sieger:innentexten und deren <em>geschihten<\/em> gleich selbst k\u00fcrten.&nbsp;&nbsp;<\/p>\n\n\n\n<figure class=\"wp-block-embed is-type-video is-provider-youtube wp-block-embed-youtube wp-embed-aspect-16-9 wp-has-aspect-ratio\"><div class=\"wp-block-embed__wrapper\">\n<iframe loading=\"lazy\" title=\"PHZH-Poetry-Slam 2023: Wie lange muss ich jung sein \u2013 Laura Bachmann\" width=\"660\" height=\"371\" src=\"https:\/\/www.youtube.com\/embed\/sOzcTPUL73I?feature=oembed\" frameborder=\"0\" allow=\"accelerometer; autoplay; clipboard-write; encrypted-media; gyroscope; picture-in-picture; web-share\" referrerpolicy=\"strict-origin-when-cross-origin\" allowfullscreen><\/iframe>\n<\/div><\/figure>\n\n\n\n<p>Das Finale vom diesj\u00e4hrigen Schreibwettbewerb wurde vom Slammer Jo\u00ebl Perrin moderiert, der selbst in der Schweizer Poetry-Slam-Szene unterwegs ist und brilliante Texte und somit <em>geschihten<\/em> zum Besten gibt. Auch an diesem Abend durfte das Publikum von seinem Talent kosten und erleben, wie sich das bei einem Profi, also einem professionellen Slammer anh\u00f6rt (war echt gut, brandaktuell und mit dem Feuer spielend, weswegen ich eine Empfehlung ausspreche, seine Texte und <em>geschihten<\/em> hinter dem Gesicht zu verfolgen <a href=\"http:\/\/joelperrin.net\">joelperrin.net<\/a>).&nbsp;<\/p>\n\n\n\n<figure class=\"wp-block-embed is-type-video is-provider-youtube wp-block-embed-youtube wp-embed-aspect-16-9 wp-has-aspect-ratio\"><div class=\"wp-block-embed__wrapper\">\n<iframe loading=\"lazy\" title=\"PHZH-Poetry-Slam 2023: Jung sein \u2013 Anouk Meyer\" width=\"660\" height=\"371\" src=\"https:\/\/www.youtube.com\/embed\/awM3cLWqfZw?feature=oembed\" frameborder=\"0\" allow=\"accelerometer; autoplay; clipboard-write; encrypted-media; gyroscope; picture-in-picture; web-share\" referrerpolicy=\"strict-origin-when-cross-origin\" allowfullscreen><\/iframe>\n<\/div><\/figure>\n\n\n\n<p>Wie dem auch sei, der Schreibwettbewerb mit dem Thema \u00abBeing Young\u00bb ist mit diesem Blogbeitrag bereits im Pr\u00e4teritum angelangt, deswegen gehts mit Futur I bereits ins neue Jahr und voll caracho in die achte Auflage des PH-Schreibwettbewerbs mit dem Thema \u00abAdumbatten\u00bb, \u00abVergebens\u00bb, \u00abInvano\u00bb. Deswegen der Aufruf an euch, reicht uns im Futur I, also ab Fr\u00fchjahr eure Texte mit euren <em>geschihten<\/em> hinter euren Gesichtern ein (Informationen folgen)!&nbsp;<\/p>\n\n\n\n<figure class=\"wp-block-embed is-type-video is-provider-youtube wp-block-embed-youtube wp-embed-aspect-16-9 wp-has-aspect-ratio\"><div class=\"wp-block-embed__wrapper\">\n<iframe loading=\"lazy\" title=\"PHZH-Poetry-Slam 2023: Alt werden ist der Furz des Lebens \u2013 Peter Z\u00fcrcher (gelesen von Jo\u00ebl Perrin)\" width=\"660\" height=\"371\" src=\"https:\/\/www.youtube.com\/embed\/wybZxihnxZo?feature=oembed\" frameborder=\"0\" allow=\"accelerometer; autoplay; clipboard-write; encrypted-media; gyroscope; picture-in-picture; web-share\" referrerpolicy=\"strict-origin-when-cross-origin\" allowfullscreen><\/iframe>\n<\/div><\/figure>\n\n\n\n<p>Und f\u00fcr all die, die wie wir immer wieder mal im Pr\u00e4teritum h\u00e4ngen und das Futur I, allenfalls auch das Futur II gerne noch ein wenig gekonnt ignorieren (2023 hat ja kaum begonnen, da ist\u2018s auch schon bereits in der Tonne) k\u00f6nnen sich die Videos vom diesj\u00e4hrigen PH goes Poetry ansehen und somit sowohl die Texte als auch die Gesichter hinter den <em>geschihten<\/em> geniessen.\u00a0\u00a0<\/p>\n\n\n\n<figure class=\"wp-block-embed is-type-video is-provider-youtube wp-block-embed-youtube wp-embed-aspect-16-9 wp-has-aspect-ratio\"><div class=\"wp-block-embed__wrapper\">\n<iframe loading=\"lazy\" title=\"PHZH-Poetry-Slam 2023: Esser giuvna \u2013 Livia Lehner\" width=\"660\" height=\"371\" src=\"https:\/\/www.youtube.com\/embed\/BEJf48YxFz0?feature=oembed\" frameborder=\"0\" allow=\"accelerometer; autoplay; clipboard-write; encrypted-media; gyroscope; picture-in-picture; web-share\" referrerpolicy=\"strict-origin-when-cross-origin\" allowfullscreen><\/iframe>\n<\/div><\/figure>\n\n\n\n<p><\/p>\n","protected":false},"excerpt":{"rendered":"<p>Kim Moser Hinter jedem Text steckt ein Gesicht und hinter jedem Gesicht steckt eine geschiht (Mittelhochdeutsch von 1050 bis 1500 f\u00fcr (erdachte) Erz\u00e4hlung). Diese Gesichter waren unsere Finalist:innen des diesj\u00e4hrigen Schreibwettbewerbs, die ihre geschihten, ob erdacht, auf Tatsachen basierend oder autobiografisch, als Texte im Rahmen des siebten Poetry-Slam-Finals pr\u00e4sentierten. Die Texte unserer Finalist:innen wurden von &hellip; <a href=\"https:\/\/blog.phzh.ch\/schreibzentrum\/2023\/12\/ph-goes-poetry-nr-7-rueckblick\/\" class=\"more-link\"><span class=\"screen-reader-text\">PH goes Poetry Nr. 7 \u2013 R\u00fcckblick\u00a0<\/span> weiterlesen<\/a><\/p>\n","protected":false},"author":411,"featured_media":7418,"comment_status":"open","ping_status":"closed","sticky":false,"template":"","format":"standard","meta":{"footnotes":""},"categories":[17608,110448],"tags":[],"class_list":["post-7505","post","type-post","status-publish","format-standard","has-post-thumbnail","hentry","category-events","category-schreibwettbewerb"],"yoast_head":"<!-- This site is optimized with the Yoast SEO plugin v26.8 - https:\/\/yoast.com\/product\/yoast-seo-wordpress\/ -->\n<title>PH goes Poetry Nr. 7 \u2013 R\u00fcckblick\u00a0 - Das SchreibBLOGzentrum<\/title>\n<meta name=\"robots\" content=\"index, follow, max-snippet:-1, max-image-preview:large, max-video-preview:-1\" \/>\n<link rel=\"canonical\" href=\"https:\/\/blog.phzh.ch\/schreibzentrum\/2023\/12\/ph-goes-poetry-nr-7-rueckblick\/\" \/>\n<meta property=\"og:locale\" content=\"de_DE\" \/>\n<meta property=\"og:type\" content=\"article\" \/>\n<meta property=\"og:title\" content=\"PH goes Poetry Nr. 7 \u2013 R\u00fcckblick\u00a0 - Das SchreibBLOGzentrum\" \/>\n<meta property=\"og:description\" content=\"Kim Moser Hinter jedem Text steckt ein Gesicht und hinter jedem Gesicht steckt eine geschiht (Mittelhochdeutsch von 1050 bis 1500 f\u00fcr (erdachte) Erz\u00e4hlung). Diese Gesichter waren unsere Finalist:innen des diesj\u00e4hrigen Schreibwettbewerbs, die ihre geschihten, ob erdacht, auf Tatsachen basierend oder autobiografisch, als Texte im Rahmen des siebten Poetry-Slam-Finals pr\u00e4sentierten. Die Texte unserer Finalist:innen wurden von &hellip; PH goes Poetry Nr. 7 \u2013 R\u00fcckblick\u00a0 weiterlesen\" \/>\n<meta property=\"og:url\" content=\"https:\/\/blog.phzh.ch\/schreibzentrum\/2023\/12\/ph-goes-poetry-nr-7-rueckblick\/\" \/>\n<meta property=\"og:site_name\" content=\"Das SchreibBLOGzentrum\" \/>\n<meta property=\"article:published_time\" content=\"2023-12-12T11:02:37+00:00\" \/>\n<meta property=\"article:modified_time\" content=\"2024-01-08T12:55:03+00:00\" \/>\n<meta property=\"og:image\" content=\"https:\/\/blog.phzh.ch\/schreibzentrum\/files\/2023\/09\/20230928_195636-scaled.jpg\" \/>\n\t<meta property=\"og:image:width\" content=\"2560\" \/>\n\t<meta property=\"og:image:height\" content=\"1152\" \/>\n\t<meta property=\"og:image:type\" content=\"image\/jpeg\" \/>\n<meta name=\"author\" content=\"Schreibzentrum\" \/>\n<meta name=\"twitter:card\" content=\"summary_large_image\" \/>\n<meta name=\"twitter:label1\" content=\"Verfasst von\" \/>\n\t<meta name=\"twitter:data1\" content=\"Schreibzentrum\" \/>\n\t<meta name=\"twitter:label2\" content=\"Gesch\u00e4tzte Lesezeit\" \/>\n\t<meta name=\"twitter:data2\" content=\"3\u00a0Minuten\" \/>\n<script type=\"application\/ld+json\" class=\"yoast-schema-graph\">{\"@context\":\"https:\/\/schema.org\",\"@graph\":[{\"@type\":\"Article\",\"@id\":\"https:\/\/blog.phzh.ch\/schreibzentrum\/2023\/12\/ph-goes-poetry-nr-7-rueckblick\/#article\",\"isPartOf\":{\"@id\":\"https:\/\/blog.phzh.ch\/schreibzentrum\/2023\/12\/ph-goes-poetry-nr-7-rueckblick\/\"},\"author\":{\"name\":\"Schreibzentrum\",\"@id\":\"https:\/\/blog.phzh.ch\/schreibzentrum\/#\/schema\/person\/95ec4c371e1883b477c94ada9a021e23\"},\"headline\":\"PH goes Poetry Nr. 7 \u2013 R\u00fcckblick\u00a0\",\"datePublished\":\"2023-12-12T11:02:37+00:00\",\"dateModified\":\"2024-01-08T12:55:03+00:00\",\"mainEntityOfPage\":{\"@id\":\"https:\/\/blog.phzh.ch\/schreibzentrum\/2023\/12\/ph-goes-poetry-nr-7-rueckblick\/\"},\"wordCount\":431,\"commentCount\":0,\"image\":{\"@id\":\"https:\/\/blog.phzh.ch\/schreibzentrum\/2023\/12\/ph-goes-poetry-nr-7-rueckblick\/#primaryimage\"},\"thumbnailUrl\":\"https:\/\/blog.phzh.ch\/schreibzentrum\/files\/2023\/09\/20230928_195636-scaled.jpg\",\"articleSection\":[\"Events\",\"Schreibwettbewerb\"],\"inLanguage\":\"de\",\"potentialAction\":[{\"@type\":\"CommentAction\",\"name\":\"Comment\",\"target\":[\"https:\/\/blog.phzh.ch\/schreibzentrum\/2023\/12\/ph-goes-poetry-nr-7-rueckblick\/#respond\"]}]},{\"@type\":\"WebPage\",\"@id\":\"https:\/\/blog.phzh.ch\/schreibzentrum\/2023\/12\/ph-goes-poetry-nr-7-rueckblick\/\",\"url\":\"https:\/\/blog.phzh.ch\/schreibzentrum\/2023\/12\/ph-goes-poetry-nr-7-rueckblick\/\",\"name\":\"PH goes Poetry Nr. 7 \u2013 R\u00fcckblick\u00a0 - Das SchreibBLOGzentrum\",\"isPartOf\":{\"@id\":\"https:\/\/blog.phzh.ch\/schreibzentrum\/#website\"},\"primaryImageOfPage\":{\"@id\":\"https:\/\/blog.phzh.ch\/schreibzentrum\/2023\/12\/ph-goes-poetry-nr-7-rueckblick\/#primaryimage\"},\"image\":{\"@id\":\"https:\/\/blog.phzh.ch\/schreibzentrum\/2023\/12\/ph-goes-poetry-nr-7-rueckblick\/#primaryimage\"},\"thumbnailUrl\":\"https:\/\/blog.phzh.ch\/schreibzentrum\/files\/2023\/09\/20230928_195636-scaled.jpg\",\"datePublished\":\"2023-12-12T11:02:37+00:00\",\"dateModified\":\"2024-01-08T12:55:03+00:00\",\"author\":{\"@id\":\"https:\/\/blog.phzh.ch\/schreibzentrum\/#\/schema\/person\/95ec4c371e1883b477c94ada9a021e23\"},\"breadcrumb\":{\"@id\":\"https:\/\/blog.phzh.ch\/schreibzentrum\/2023\/12\/ph-goes-poetry-nr-7-rueckblick\/#breadcrumb\"},\"inLanguage\":\"de\",\"potentialAction\":[{\"@type\":\"ReadAction\",\"target\":[\"https:\/\/blog.phzh.ch\/schreibzentrum\/2023\/12\/ph-goes-poetry-nr-7-rueckblick\/\"]}]},{\"@type\":\"ImageObject\",\"inLanguage\":\"de\",\"@id\":\"https:\/\/blog.phzh.ch\/schreibzentrum\/2023\/12\/ph-goes-poetry-nr-7-rueckblick\/#primaryimage\",\"url\":\"https:\/\/blog.phzh.ch\/schreibzentrum\/files\/2023\/09\/20230928_195636-scaled.jpg\",\"contentUrl\":\"https:\/\/blog.phzh.ch\/schreibzentrum\/files\/2023\/09\/20230928_195636-scaled.jpg\",\"width\":2560,\"height\":1152},{\"@type\":\"BreadcrumbList\",\"@id\":\"https:\/\/blog.phzh.ch\/schreibzentrum\/2023\/12\/ph-goes-poetry-nr-7-rueckblick\/#breadcrumb\",\"itemListElement\":[{\"@type\":\"ListItem\",\"position\":1,\"name\":\"Start\",\"item\":\"https:\/\/blog.phzh.ch\/schreibzentrum\/\"},{\"@type\":\"ListItem\",\"position\":2,\"name\":\"PH goes Poetry Nr. 7 \u2013 R\u00fcckblick\u00a0\"}]},{\"@type\":\"WebSite\",\"@id\":\"https:\/\/blog.phzh.ch\/schreibzentrum\/#website\",\"url\":\"https:\/\/blog.phzh.ch\/schreibzentrum\/\",\"name\":\"Das SchreibBLOGzentrum\",\"description\":\"Texte und Events\",\"potentialAction\":[{\"@type\":\"SearchAction\",\"target\":{\"@type\":\"EntryPoint\",\"urlTemplate\":\"https:\/\/blog.phzh.ch\/schreibzentrum\/?s={search_term_string}\"},\"query-input\":{\"@type\":\"PropertyValueSpecification\",\"valueRequired\":true,\"valueName\":\"search_term_string\"}}],\"inLanguage\":\"de\"},{\"@type\":\"Person\",\"@id\":\"https:\/\/blog.phzh.ch\/schreibzentrum\/#\/schema\/person\/95ec4c371e1883b477c94ada9a021e23\",\"name\":\"Schreibzentrum\",\"image\":{\"@type\":\"ImageObject\",\"inLanguage\":\"de\",\"@id\":\"https:\/\/blog.phzh.ch\/schreibzentrum\/#\/schema\/person\/image\/\",\"url\":\"https:\/\/secure.gravatar.com\/avatar\/0c32268ba336aca6d00b43d3e0a2840f?s=96&d=mm&r=g\",\"contentUrl\":\"https:\/\/secure.gravatar.com\/avatar\/0c32268ba336aca6d00b43d3e0a2840f?s=96&d=mm&r=g\",\"caption\":\"Schreibzentrum\"},\"sameAs\":[\"http:\/\/www.phzh.ch\/schreibzentrum\"],\"url\":\"https:\/\/blog.phzh.ch\/schreibzentrum\/author\/schreibzentrum\/\"}]}<\/script>\n<!-- \/ Yoast SEO plugin. -->","yoast_head_json":{"title":"PH goes Poetry Nr. 7 \u2013 R\u00fcckblick\u00a0 - Das SchreibBLOGzentrum","robots":{"index":"index","follow":"follow","max-snippet":"max-snippet:-1","max-image-preview":"max-image-preview:large","max-video-preview":"max-video-preview:-1"},"canonical":"https:\/\/blog.phzh.ch\/schreibzentrum\/2023\/12\/ph-goes-poetry-nr-7-rueckblick\/","og_locale":"de_DE","og_type":"article","og_title":"PH goes Poetry Nr. 7 \u2013 R\u00fcckblick\u00a0 - Das SchreibBLOGzentrum","og_description":"Kim Moser Hinter jedem Text steckt ein Gesicht und hinter jedem Gesicht steckt eine geschiht (Mittelhochdeutsch von 1050 bis 1500 f\u00fcr (erdachte) Erz\u00e4hlung). Diese Gesichter waren unsere Finalist:innen des diesj\u00e4hrigen Schreibwettbewerbs, die ihre geschihten, ob erdacht, auf Tatsachen basierend oder autobiografisch, als Texte im Rahmen des siebten Poetry-Slam-Finals pr\u00e4sentierten. Die Texte unserer Finalist:innen wurden von &hellip; PH goes Poetry Nr. 7 \u2013 R\u00fcckblick\u00a0 weiterlesen","og_url":"https:\/\/blog.phzh.ch\/schreibzentrum\/2023\/12\/ph-goes-poetry-nr-7-rueckblick\/","og_site_name":"Das SchreibBLOGzentrum","article_published_time":"2023-12-12T11:02:37+00:00","article_modified_time":"2024-01-08T12:55:03+00:00","og_image":[{"width":2560,"height":1152,"url":"https:\/\/blog.phzh.ch\/schreibzentrum\/files\/2023\/09\/20230928_195636-scaled.jpg","type":"image\/jpeg"}],"author":"Schreibzentrum","twitter_card":"summary_large_image","twitter_misc":{"Verfasst von":"Schreibzentrum","Gesch\u00e4tzte Lesezeit":"3\u00a0Minuten"},"schema":{"@context":"https:\/\/schema.org","@graph":[{"@type":"Article","@id":"https:\/\/blog.phzh.ch\/schreibzentrum\/2023\/12\/ph-goes-poetry-nr-7-rueckblick\/#article","isPartOf":{"@id":"https:\/\/blog.phzh.ch\/schreibzentrum\/2023\/12\/ph-goes-poetry-nr-7-rueckblick\/"},"author":{"name":"Schreibzentrum","@id":"https:\/\/blog.phzh.ch\/schreibzentrum\/#\/schema\/person\/95ec4c371e1883b477c94ada9a021e23"},"headline":"PH goes Poetry Nr. 7 \u2013 R\u00fcckblick\u00a0","datePublished":"2023-12-12T11:02:37+00:00","dateModified":"2024-01-08T12:55:03+00:00","mainEntityOfPage":{"@id":"https:\/\/blog.phzh.ch\/schreibzentrum\/2023\/12\/ph-goes-poetry-nr-7-rueckblick\/"},"wordCount":431,"commentCount":0,"image":{"@id":"https:\/\/blog.phzh.ch\/schreibzentrum\/2023\/12\/ph-goes-poetry-nr-7-rueckblick\/#primaryimage"},"thumbnailUrl":"https:\/\/blog.phzh.ch\/schreibzentrum\/files\/2023\/09\/20230928_195636-scaled.jpg","articleSection":["Events","Schreibwettbewerb"],"inLanguage":"de","potentialAction":[{"@type":"CommentAction","name":"Comment","target":["https:\/\/blog.phzh.ch\/schreibzentrum\/2023\/12\/ph-goes-poetry-nr-7-rueckblick\/#respond"]}]},{"@type":"WebPage","@id":"https:\/\/blog.phzh.ch\/schreibzentrum\/2023\/12\/ph-goes-poetry-nr-7-rueckblick\/","url":"https:\/\/blog.phzh.ch\/schreibzentrum\/2023\/12\/ph-goes-poetry-nr-7-rueckblick\/","name":"PH goes Poetry Nr. 7 \u2013 R\u00fcckblick\u00a0 - Das SchreibBLOGzentrum","isPartOf":{"@id":"https:\/\/blog.phzh.ch\/schreibzentrum\/#website"},"primaryImageOfPage":{"@id":"https:\/\/blog.phzh.ch\/schreibzentrum\/2023\/12\/ph-goes-poetry-nr-7-rueckblick\/#primaryimage"},"image":{"@id":"https:\/\/blog.phzh.ch\/schreibzentrum\/2023\/12\/ph-goes-poetry-nr-7-rueckblick\/#primaryimage"},"thumbnailUrl":"https:\/\/blog.phzh.ch\/schreibzentrum\/files\/2023\/09\/20230928_195636-scaled.jpg","datePublished":"2023-12-12T11:02:37+00:00","dateModified":"2024-01-08T12:55:03+00:00","author":{"@id":"https:\/\/blog.phzh.ch\/schreibzentrum\/#\/schema\/person\/95ec4c371e1883b477c94ada9a021e23"},"breadcrumb":{"@id":"https:\/\/blog.phzh.ch\/schreibzentrum\/2023\/12\/ph-goes-poetry-nr-7-rueckblick\/#breadcrumb"},"inLanguage":"de","potentialAction":[{"@type":"ReadAction","target":["https:\/\/blog.phzh.ch\/schreibzentrum\/2023\/12\/ph-goes-poetry-nr-7-rueckblick\/"]}]},{"@type":"ImageObject","inLanguage":"de","@id":"https:\/\/blog.phzh.ch\/schreibzentrum\/2023\/12\/ph-goes-poetry-nr-7-rueckblick\/#primaryimage","url":"https:\/\/blog.phzh.ch\/schreibzentrum\/files\/2023\/09\/20230928_195636-scaled.jpg","contentUrl":"https:\/\/blog.phzh.ch\/schreibzentrum\/files\/2023\/09\/20230928_195636-scaled.jpg","width":2560,"height":1152},{"@type":"BreadcrumbList","@id":"https:\/\/blog.phzh.ch\/schreibzentrum\/2023\/12\/ph-goes-poetry-nr-7-rueckblick\/#breadcrumb","itemListElement":[{"@type":"ListItem","position":1,"name":"Start","item":"https:\/\/blog.phzh.ch\/schreibzentrum\/"},{"@type":"ListItem","position":2,"name":"PH goes Poetry Nr. 7 \u2013 R\u00fcckblick\u00a0"}]},{"@type":"WebSite","@id":"https:\/\/blog.phzh.ch\/schreibzentrum\/#website","url":"https:\/\/blog.phzh.ch\/schreibzentrum\/","name":"Das SchreibBLOGzentrum","description":"Texte und Events","potentialAction":[{"@type":"SearchAction","target":{"@type":"EntryPoint","urlTemplate":"https:\/\/blog.phzh.ch\/schreibzentrum\/?s={search_term_string}"},"query-input":{"@type":"PropertyValueSpecification","valueRequired":true,"valueName":"search_term_string"}}],"inLanguage":"de"},{"@type":"Person","@id":"https:\/\/blog.phzh.ch\/schreibzentrum\/#\/schema\/person\/95ec4c371e1883b477c94ada9a021e23","name":"Schreibzentrum","image":{"@type":"ImageObject","inLanguage":"de","@id":"https:\/\/blog.phzh.ch\/schreibzentrum\/#\/schema\/person\/image\/","url":"https:\/\/secure.gravatar.com\/avatar\/0c32268ba336aca6d00b43d3e0a2840f?s=96&d=mm&r=g","contentUrl":"https:\/\/secure.gravatar.com\/avatar\/0c32268ba336aca6d00b43d3e0a2840f?s=96&d=mm&r=g","caption":"Schreibzentrum"},"sameAs":["http:\/\/www.phzh.ch\/schreibzentrum"],"url":"https:\/\/blog.phzh.ch\/schreibzentrum\/author\/schreibzentrum\/"}]}},"_links":{"self":[{"href":"https:\/\/blog.phzh.ch\/schreibzentrum\/wp-json\/wp\/v2\/posts\/7505","targetHints":{"allow":["GET"]}}],"collection":[{"href":"https:\/\/blog.phzh.ch\/schreibzentrum\/wp-json\/wp\/v2\/posts"}],"about":[{"href":"https:\/\/blog.phzh.ch\/schreibzentrum\/wp-json\/wp\/v2\/types\/post"}],"author":[{"embeddable":true,"href":"https:\/\/blog.phzh.ch\/schreibzentrum\/wp-json\/wp\/v2\/users\/411"}],"replies":[{"embeddable":true,"href":"https:\/\/blog.phzh.ch\/schreibzentrum\/wp-json\/wp\/v2\/comments?post=7505"}],"version-history":[{"count":11,"href":"https:\/\/blog.phzh.ch\/schreibzentrum\/wp-json\/wp\/v2\/posts\/7505\/revisions"}],"predecessor-version":[{"id":7543,"href":"https:\/\/blog.phzh.ch\/schreibzentrum\/wp-json\/wp\/v2\/posts\/7505\/revisions\/7543"}],"wp:featuredmedia":[{"embeddable":true,"href":"https:\/\/blog.phzh.ch\/schreibzentrum\/wp-json\/wp\/v2\/media\/7418"}],"wp:attachment":[{"href":"https:\/\/blog.phzh.ch\/schreibzentrum\/wp-json\/wp\/v2\/media?parent=7505"}],"wp:term":[{"taxonomy":"category","embeddable":true,"href":"https:\/\/blog.phzh.ch\/schreibzentrum\/wp-json\/wp\/v2\/categories?post=7505"},{"taxonomy":"post_tag","embeddable":true,"href":"https:\/\/blog.phzh.ch\/schreibzentrum\/wp-json\/wp\/v2\/tags?post=7505"}],"curies":[{"name":"wp","href":"https:\/\/api.w.org\/{rel}","templated":true}]}}