{"id":6692,"date":"2022-05-04T08:00:00","date_gmt":"2022-05-04T06:00:00","guid":{"rendered":"https:\/\/blog.phzh.ch\/schreibzentrum\/?p=6692"},"modified":"2024-02-16T17:28:50","modified_gmt":"2024-02-16T16:28:50","slug":"darf-ich-bilder-in-meiner-wissenschaftlichen-arbeit-verwenden","status":"publish","type":"post","link":"https:\/\/blog.phzh.ch\/schreibzentrum\/2022\/05\/darf-ich-bilder-in-meiner-wissenschaftlichen-arbeit-verwenden\/","title":{"rendered":"Darf ich Bilder in meiner wissenschaftlichen Arbeit verwenden? (Q&amp;A #18)\u00a0"},"content":{"rendered":"\n<p>Von Mirjam Beglinger<\/p>\n\n\n\n<p>Grunds\u00e4tzlich ist Bildmaterial urheberrechtlich gesch\u00fctzt, unabh\u00e4ngig vom Fundort. Ziel des Urheberrechts ist es, Urheberinnen und Urheber davor zu sch\u00fctzen, dass ihre Werke beziehungsweise ihre pers\u00f6nliche geistige Sch\u00f6pfung missbr\u00e4uchlich von Dritten verwendet werden (<a href=\"https:\/\/www.fedlex.admin.ch\/eli\/cc\/1993\/1798_1798_1798\/de#art_1\" target=\"_blank\" rel=\"noreferrer noopener\">Art. 1 URG<\/a>). Jedes Fotografie unterliegt dem Urheberrecht im Moment der Entstehung \u2013 das gilt auch f\u00fcr den Schnappschuss (<a href=\"https:\/\/www.fedlex.admin.ch\/eli\/cc\/1993\/1798_1798_1798\/de#art_2\" target=\"_blank\" rel=\"noreferrer noopener\">Art. 2 URG<\/a>). Da die Urheber:innen allein dar\u00fcber entscheiden, in welcher Form und in welchem Umfang ihr Bildmaterial genutzt wird, bedarf es f\u00fcr die Verwendung in einer eigenen Arbeit deshalb der Zustimmung der Rechteinhaber.<\/p>\n\n\n\n<p><em>Bildrecht und Zitatrecht<\/em><\/p>\n\n\n\n<p>Beim Schreiben von wissenschaftlichen Arbeiten ist der Umgang mit den Urheberrechten unter bestimmten Umst\u00e4nden gelockert, n\u00e4mlich dann, wen ein Bild dazu eingesetzt wird, einen Sachverhalt zu belegen (Belegfunktion). Dieses Zitatrecht gilt jedoch nur, wenn ein Bild im Rahmen der Arbeit tats\u00e4chlich als Beleg dient, also ein notwendiger Bestandteil der Argumentation ist (URG, Art. 25). <\/p>\n\n\n\n<p>In jedem Fall braucht es einen Bildnachweis und zus\u00e4tzlich eine Quellenangabe, z. B. in Form eines Kurzbelegs und eines Eintrags im Literaturverzeichnis, wenn das Bild etwa einem Buch entnommen ist. Wird ein Bild verfremdet, braucht es streng genommen eine Einwilligung der Urheberin oder des Urhebers. <\/p>\n\n\n\n<p>Zur <strong>korrekten Beschriftung von Abbildungen<\/strong> informieren wir in einem sp\u00e4teren Blog ausf\u00fchrlich. Grunds\u00e4tzlich gilt, dass jedes in der Arbeit aufgef\u00fchrte Bild nummeriert, beschriftet und in einem Abbildungsverzeichnis aufgef\u00fchrt sein muss. Das sind die Details dazu:<\/p>\n\n\n\n<ul class=\"wp-block-list\">\n<li>In der Bildunterschrift selbst ist neben Nummer und Titel die Urheberschaft anzugeben (z. B. in Klammern nach dem Titel).<\/li>\n\n\n\n<li>Die Informationen zum Bild werden mit Angaben zur Seitenzahl im Abbildungsverzeichnis aufgef\u00fchrt (am Anfang der Arbeit oder am Schluss vor dem Literaturverzeichnis).<\/li>\n\n\n\n<li>Stammt das Bild aus einer Publikation, dann braucht es zus\u00e4tzlich zu den Angaben zum Bild noch eine Quellenangabe im Literaturverzeichnis.<\/li>\n<\/ul>\n\n\n\n<p>Und doch gibt es <strong>Ausnahmen bei der Verwendung von Bildern<\/strong>, also Bilder, die nicht unter das Urheberrecht fallen beziehungsweise f\u00fcr deren Verwendung das Urheberrecht etwas anders gelagert ist. Dazu geh\u00f6ren u.a.:<\/p>\n\n\n\n<ul class=\"wp-block-list\">\n<li>Bilder, hinter denen keine eigenst\u00e4ndige Leistung steht (z. B. technische Zeichnungen, Grafiken zu einem geschilderten Sachverhalt). Diese unterliegen nicht dem Urheberrecht.<\/li>\n\n\n\n<li>Bilder, die kostenlos bzw. ohne Lizenz zu eigenen Zwecken unter Ber\u00fccksichtigung der Nutzungsbedingungen verwendet werden d\u00fcrfen (z. B. Pixabay, Fotolia, Shutterstock, Pixelio, Flaticon).<\/li>\n\n\n\n<li>Bilder, die via <a href=\"http:\/\/images.google.de\/advanced_image_search?hl=de\" target=\"_blank\" rel=\"noreferrer noopener\">Google-Bildersuche<\/a> als kostenlos zu nutzen gekennzeichnet sind.<\/li>\n\n\n\n<li>Bilder auf Wikipedia, f\u00fcr die jeweils angegeben wird, ob und unter welchen Bedingungen die Bilder genutzt und weiterverwendet werden d\u00fcrfen.<\/li>\n<\/ul>\n\n\n\n<p>Lehrpersonen d\u00fcrfen zudem ver\u00f6ffentlichte Werke zu Unterrichtszwecken verwenden (Art. 19 und Art. 24d URG). Unter dem Aspekt des Pers\u00f6nlichkeitsrechts ist im Lehrberuf und in schriftlichen Arbeiten jedoch darauf zu achten, keine Bildern von Sch\u00fcler:innen ohne deren Einwilligung bzw. der Einwilligung der Erziehungsberechtigten zu verwenden.<\/p>\n\n\n\n<p><strong>Zum Weiterlesen<\/strong><\/p>\n\n\n\n<p><a href=\"https:\/\/www.fedlex.admin.ch\/eli\/cc\/1993\/1798_1798_1798\/de\" target=\"_blank\" rel=\"noreferrer noopener\">Bundesgesetz \u00fcber das Urheberrecht und verwandte Schutzrechte<\/a><\/p>\n\n\n\n<p><a href=\"http:\/\/FAQ Wie funktioniert das Urheberrechthttps:\/\/prolitteris.ch\/faq\/\" target=\"_blank\" rel=\"noreferrer noopener\">ProLitteris: FAQ Wie funktioniert das Urheberrecht<\/a>?<\/p>\n\n\n\n<p class=\"has-text-align-right\"><span style=\"color: #696969\">[letzte Aktualisierung 16.2.2024 ]<\/span><\/p>\n\n\n\n<p><\/p>\n","protected":false},"excerpt":{"rendered":"<p>Von Mirjam Beglinger Grunds\u00e4tzlich ist Bildmaterial urheberrechtlich gesch\u00fctzt, unabh\u00e4ngig vom Fundort. Ziel des Urheberrechts ist es, Urheberinnen und Urheber davor zu sch\u00fctzen, dass ihre Werke beziehungsweise ihre pers\u00f6nliche geistige Sch\u00f6pfung missbr\u00e4uchlich von Dritten verwendet werden (Art. 1 URG). Jedes Fotografie unterliegt dem Urheberrecht im Moment der Entstehung \u2013 das gilt auch f\u00fcr den Schnappschuss (Art. &hellip; <a href=\"https:\/\/blog.phzh.ch\/schreibzentrum\/2022\/05\/darf-ich-bilder-in-meiner-wissenschaftlichen-arbeit-verwenden\/\" class=\"more-link\"><span class=\"screen-reader-text\">Darf ich Bilder in meiner wissenschaftlichen Arbeit verwenden? (Q&amp;A #18)\u00a0<\/span> weiterlesen<\/a><\/p>\n","protected":false},"author":411,"featured_media":6693,"comment_status":"open","ping_status":"closed","sticky":false,"template":"","format":"standard","meta":{"footnotes":""},"categories":[66711,17623,45049],"tags":[],"class_list":["post-6692","post","type-post","status-publish","format-standard","has-post-thumbnail","hentry","category-qa-zitieren","category-schreibberatung","category-wissenschaftliches-schreiben"],"yoast_head":"<!-- This site is optimized with the Yoast SEO plugin v26.8 - https:\/\/yoast.com\/product\/yoast-seo-wordpress\/ -->\n<title>Darf ich Bilder in meiner wissenschaftlichen Arbeit verwenden? (Q&amp;A #18)\u00a0 - Das SchreibBLOGzentrum<\/title>\n<meta name=\"robots\" content=\"index, follow, max-snippet:-1, max-image-preview:large, max-video-preview:-1\" \/>\n<link rel=\"canonical\" href=\"https:\/\/blog.phzh.ch\/schreibzentrum\/2022\/05\/darf-ich-bilder-in-meiner-wissenschaftlichen-arbeit-verwenden\/\" \/>\n<meta property=\"og:locale\" content=\"de_DE\" \/>\n<meta property=\"og:type\" content=\"article\" \/>\n<meta property=\"og:title\" content=\"Darf ich Bilder in meiner wissenschaftlichen Arbeit verwenden? (Q&amp;A #18)\u00a0 - Das SchreibBLOGzentrum\" \/>\n<meta property=\"og:description\" content=\"Von Mirjam Beglinger Grunds\u00e4tzlich ist Bildmaterial urheberrechtlich gesch\u00fctzt, unabh\u00e4ngig vom Fundort. Ziel des Urheberrechts ist es, Urheberinnen und Urheber davor zu sch\u00fctzen, dass ihre Werke beziehungsweise ihre pers\u00f6nliche geistige Sch\u00f6pfung missbr\u00e4uchlich von Dritten verwendet werden (Art. 1 URG). Jedes Fotografie unterliegt dem Urheberrecht im Moment der Entstehung \u2013 das gilt auch f\u00fcr den Schnappschuss (Art. &hellip; Darf ich Bilder in meiner wissenschaftlichen Arbeit verwenden? (Q&amp;A #18)\u00a0 weiterlesen\" \/>\n<meta property=\"og:url\" content=\"https:\/\/blog.phzh.ch\/schreibzentrum\/2022\/05\/darf-ich-bilder-in-meiner-wissenschaftlichen-arbeit-verwenden\/\" \/>\n<meta property=\"og:site_name\" content=\"Das SchreibBLOGzentrum\" \/>\n<meta property=\"article:published_time\" content=\"2022-05-04T06:00:00+00:00\" \/>\n<meta property=\"article:modified_time\" content=\"2024-02-16T16:28:50+00:00\" \/>\n<meta property=\"og:image\" content=\"https:\/\/blog.phzh.ch\/schreibzentrum\/files\/2022\/05\/Copyright_AdobeStock_271374036.jpeg\" \/>\n\t<meta property=\"og:image:width\" content=\"825\" \/>\n\t<meta property=\"og:image:height\" content=\"589\" \/>\n\t<meta property=\"og:image:type\" content=\"image\/jpeg\" \/>\n<meta name=\"author\" content=\"Schreibzentrum\" \/>\n<meta name=\"twitter:card\" content=\"summary_large_image\" \/>\n<meta name=\"twitter:label1\" content=\"Verfasst von\" \/>\n\t<meta name=\"twitter:data1\" content=\"Schreibzentrum\" \/>\n\t<meta name=\"twitter:label2\" content=\"Gesch\u00e4tzte Lesezeit\" \/>\n\t<meta name=\"twitter:data2\" content=\"3\u00a0Minuten\" \/>\n<script type=\"application\/ld+json\" class=\"yoast-schema-graph\">{\"@context\":\"https:\/\/schema.org\",\"@graph\":[{\"@type\":\"Article\",\"@id\":\"https:\/\/blog.phzh.ch\/schreibzentrum\/2022\/05\/darf-ich-bilder-in-meiner-wissenschaftlichen-arbeit-verwenden\/#article\",\"isPartOf\":{\"@id\":\"https:\/\/blog.phzh.ch\/schreibzentrum\/2022\/05\/darf-ich-bilder-in-meiner-wissenschaftlichen-arbeit-verwenden\/\"},\"author\":{\"name\":\"Schreibzentrum\",\"@id\":\"https:\/\/blog.phzh.ch\/schreibzentrum\/#\/schema\/person\/95ec4c371e1883b477c94ada9a021e23\"},\"headline\":\"Darf ich Bilder in meiner wissenschaftlichen Arbeit verwenden? (Q&amp;A #18)\u00a0\",\"datePublished\":\"2022-05-04T06:00:00+00:00\",\"dateModified\":\"2024-02-16T16:28:50+00:00\",\"mainEntityOfPage\":{\"@id\":\"https:\/\/blog.phzh.ch\/schreibzentrum\/2022\/05\/darf-ich-bilder-in-meiner-wissenschaftlichen-arbeit-verwenden\/\"},\"wordCount\":493,\"commentCount\":0,\"image\":{\"@id\":\"https:\/\/blog.phzh.ch\/schreibzentrum\/2022\/05\/darf-ich-bilder-in-meiner-wissenschaftlichen-arbeit-verwenden\/#primaryimage\"},\"thumbnailUrl\":\"https:\/\/blog.phzh.ch\/schreibzentrum\/files\/2022\/05\/Copyright_AdobeStock_271374036.jpeg\",\"articleSection\":[\"Q&amp;A Zitieren\",\"Schreibberatung\",\"Wissenschaftliches Schreiben\"],\"inLanguage\":\"de\",\"potentialAction\":[{\"@type\":\"CommentAction\",\"name\":\"Comment\",\"target\":[\"https:\/\/blog.phzh.ch\/schreibzentrum\/2022\/05\/darf-ich-bilder-in-meiner-wissenschaftlichen-arbeit-verwenden\/#respond\"]}]},{\"@type\":\"WebPage\",\"@id\":\"https:\/\/blog.phzh.ch\/schreibzentrum\/2022\/05\/darf-ich-bilder-in-meiner-wissenschaftlichen-arbeit-verwenden\/\",\"url\":\"https:\/\/blog.phzh.ch\/schreibzentrum\/2022\/05\/darf-ich-bilder-in-meiner-wissenschaftlichen-arbeit-verwenden\/\",\"name\":\"Darf ich Bilder in meiner wissenschaftlichen Arbeit verwenden? (Q&amp;A #18)\u00a0 - Das SchreibBLOGzentrum\",\"isPartOf\":{\"@id\":\"https:\/\/blog.phzh.ch\/schreibzentrum\/#website\"},\"primaryImageOfPage\":{\"@id\":\"https:\/\/blog.phzh.ch\/schreibzentrum\/2022\/05\/darf-ich-bilder-in-meiner-wissenschaftlichen-arbeit-verwenden\/#primaryimage\"},\"image\":{\"@id\":\"https:\/\/blog.phzh.ch\/schreibzentrum\/2022\/05\/darf-ich-bilder-in-meiner-wissenschaftlichen-arbeit-verwenden\/#primaryimage\"},\"thumbnailUrl\":\"https:\/\/blog.phzh.ch\/schreibzentrum\/files\/2022\/05\/Copyright_AdobeStock_271374036.jpeg\",\"datePublished\":\"2022-05-04T06:00:00+00:00\",\"dateModified\":\"2024-02-16T16:28:50+00:00\",\"author\":{\"@id\":\"https:\/\/blog.phzh.ch\/schreibzentrum\/#\/schema\/person\/95ec4c371e1883b477c94ada9a021e23\"},\"breadcrumb\":{\"@id\":\"https:\/\/blog.phzh.ch\/schreibzentrum\/2022\/05\/darf-ich-bilder-in-meiner-wissenschaftlichen-arbeit-verwenden\/#breadcrumb\"},\"inLanguage\":\"de\",\"potentialAction\":[{\"@type\":\"ReadAction\",\"target\":[\"https:\/\/blog.phzh.ch\/schreibzentrum\/2022\/05\/darf-ich-bilder-in-meiner-wissenschaftlichen-arbeit-verwenden\/\"]}]},{\"@type\":\"ImageObject\",\"inLanguage\":\"de\",\"@id\":\"https:\/\/blog.phzh.ch\/schreibzentrum\/2022\/05\/darf-ich-bilder-in-meiner-wissenschaftlichen-arbeit-verwenden\/#primaryimage\",\"url\":\"https:\/\/blog.phzh.ch\/schreibzentrum\/files\/2022\/05\/Copyright_AdobeStock_271374036.jpeg\",\"contentUrl\":\"https:\/\/blog.phzh.ch\/schreibzentrum\/files\/2022\/05\/Copyright_AdobeStock_271374036.jpeg\",\"width\":825,\"height\":589,\"caption\":\"Copyright Concept. Chart with keywords and icons on white desk with stationery\"},{\"@type\":\"BreadcrumbList\",\"@id\":\"https:\/\/blog.phzh.ch\/schreibzentrum\/2022\/05\/darf-ich-bilder-in-meiner-wissenschaftlichen-arbeit-verwenden\/#breadcrumb\",\"itemListElement\":[{\"@type\":\"ListItem\",\"position\":1,\"name\":\"Start\",\"item\":\"https:\/\/blog.phzh.ch\/schreibzentrum\/\"},{\"@type\":\"ListItem\",\"position\":2,\"name\":\"Darf ich Bilder in meiner wissenschaftlichen Arbeit verwenden? (Q&amp;A #18)\u00a0\"}]},{\"@type\":\"WebSite\",\"@id\":\"https:\/\/blog.phzh.ch\/schreibzentrum\/#website\",\"url\":\"https:\/\/blog.phzh.ch\/schreibzentrum\/\",\"name\":\"Das SchreibBLOGzentrum\",\"description\":\"Texte und Events\",\"potentialAction\":[{\"@type\":\"SearchAction\",\"target\":{\"@type\":\"EntryPoint\",\"urlTemplate\":\"https:\/\/blog.phzh.ch\/schreibzentrum\/?s={search_term_string}\"},\"query-input\":{\"@type\":\"PropertyValueSpecification\",\"valueRequired\":true,\"valueName\":\"search_term_string\"}}],\"inLanguage\":\"de\"},{\"@type\":\"Person\",\"@id\":\"https:\/\/blog.phzh.ch\/schreibzentrum\/#\/schema\/person\/95ec4c371e1883b477c94ada9a021e23\",\"name\":\"Schreibzentrum\",\"image\":{\"@type\":\"ImageObject\",\"inLanguage\":\"de\",\"@id\":\"https:\/\/blog.phzh.ch\/schreibzentrum\/#\/schema\/person\/image\/\",\"url\":\"https:\/\/secure.gravatar.com\/avatar\/0c32268ba336aca6d00b43d3e0a2840f?s=96&d=mm&r=g\",\"contentUrl\":\"https:\/\/secure.gravatar.com\/avatar\/0c32268ba336aca6d00b43d3e0a2840f?s=96&d=mm&r=g\",\"caption\":\"Schreibzentrum\"},\"sameAs\":[\"http:\/\/www.phzh.ch\/schreibzentrum\"],\"url\":\"https:\/\/blog.phzh.ch\/schreibzentrum\/author\/schreibzentrum\/\"}]}<\/script>\n<!-- \/ Yoast SEO plugin. -->","yoast_head_json":{"title":"Darf ich Bilder in meiner wissenschaftlichen Arbeit verwenden? (Q&amp;A #18)\u00a0 - Das SchreibBLOGzentrum","robots":{"index":"index","follow":"follow","max-snippet":"max-snippet:-1","max-image-preview":"max-image-preview:large","max-video-preview":"max-video-preview:-1"},"canonical":"https:\/\/blog.phzh.ch\/schreibzentrum\/2022\/05\/darf-ich-bilder-in-meiner-wissenschaftlichen-arbeit-verwenden\/","og_locale":"de_DE","og_type":"article","og_title":"Darf ich Bilder in meiner wissenschaftlichen Arbeit verwenden? (Q&amp;A #18)\u00a0 - Das SchreibBLOGzentrum","og_description":"Von Mirjam Beglinger Grunds\u00e4tzlich ist Bildmaterial urheberrechtlich gesch\u00fctzt, unabh\u00e4ngig vom Fundort. Ziel des Urheberrechts ist es, Urheberinnen und Urheber davor zu sch\u00fctzen, dass ihre Werke beziehungsweise ihre pers\u00f6nliche geistige Sch\u00f6pfung missbr\u00e4uchlich von Dritten verwendet werden (Art. 1 URG). Jedes Fotografie unterliegt dem Urheberrecht im Moment der Entstehung \u2013 das gilt auch f\u00fcr den Schnappschuss (Art. &hellip; Darf ich Bilder in meiner wissenschaftlichen Arbeit verwenden? (Q&amp;A #18)\u00a0 weiterlesen","og_url":"https:\/\/blog.phzh.ch\/schreibzentrum\/2022\/05\/darf-ich-bilder-in-meiner-wissenschaftlichen-arbeit-verwenden\/","og_site_name":"Das SchreibBLOGzentrum","article_published_time":"2022-05-04T06:00:00+00:00","article_modified_time":"2024-02-16T16:28:50+00:00","og_image":[{"width":825,"height":589,"url":"https:\/\/blog.phzh.ch\/schreibzentrum\/files\/2022\/05\/Copyright_AdobeStock_271374036.jpeg","type":"image\/jpeg"}],"author":"Schreibzentrum","twitter_card":"summary_large_image","twitter_misc":{"Verfasst von":"Schreibzentrum","Gesch\u00e4tzte Lesezeit":"3\u00a0Minuten"},"schema":{"@context":"https:\/\/schema.org","@graph":[{"@type":"Article","@id":"https:\/\/blog.phzh.ch\/schreibzentrum\/2022\/05\/darf-ich-bilder-in-meiner-wissenschaftlichen-arbeit-verwenden\/#article","isPartOf":{"@id":"https:\/\/blog.phzh.ch\/schreibzentrum\/2022\/05\/darf-ich-bilder-in-meiner-wissenschaftlichen-arbeit-verwenden\/"},"author":{"name":"Schreibzentrum","@id":"https:\/\/blog.phzh.ch\/schreibzentrum\/#\/schema\/person\/95ec4c371e1883b477c94ada9a021e23"},"headline":"Darf ich Bilder in meiner wissenschaftlichen Arbeit verwenden? (Q&amp;A #18)\u00a0","datePublished":"2022-05-04T06:00:00+00:00","dateModified":"2024-02-16T16:28:50+00:00","mainEntityOfPage":{"@id":"https:\/\/blog.phzh.ch\/schreibzentrum\/2022\/05\/darf-ich-bilder-in-meiner-wissenschaftlichen-arbeit-verwenden\/"},"wordCount":493,"commentCount":0,"image":{"@id":"https:\/\/blog.phzh.ch\/schreibzentrum\/2022\/05\/darf-ich-bilder-in-meiner-wissenschaftlichen-arbeit-verwenden\/#primaryimage"},"thumbnailUrl":"https:\/\/blog.phzh.ch\/schreibzentrum\/files\/2022\/05\/Copyright_AdobeStock_271374036.jpeg","articleSection":["Q&amp;A Zitieren","Schreibberatung","Wissenschaftliches Schreiben"],"inLanguage":"de","potentialAction":[{"@type":"CommentAction","name":"Comment","target":["https:\/\/blog.phzh.ch\/schreibzentrum\/2022\/05\/darf-ich-bilder-in-meiner-wissenschaftlichen-arbeit-verwenden\/#respond"]}]},{"@type":"WebPage","@id":"https:\/\/blog.phzh.ch\/schreibzentrum\/2022\/05\/darf-ich-bilder-in-meiner-wissenschaftlichen-arbeit-verwenden\/","url":"https:\/\/blog.phzh.ch\/schreibzentrum\/2022\/05\/darf-ich-bilder-in-meiner-wissenschaftlichen-arbeit-verwenden\/","name":"Darf ich Bilder in meiner wissenschaftlichen Arbeit verwenden? (Q&amp;A #18)\u00a0 - Das SchreibBLOGzentrum","isPartOf":{"@id":"https:\/\/blog.phzh.ch\/schreibzentrum\/#website"},"primaryImageOfPage":{"@id":"https:\/\/blog.phzh.ch\/schreibzentrum\/2022\/05\/darf-ich-bilder-in-meiner-wissenschaftlichen-arbeit-verwenden\/#primaryimage"},"image":{"@id":"https:\/\/blog.phzh.ch\/schreibzentrum\/2022\/05\/darf-ich-bilder-in-meiner-wissenschaftlichen-arbeit-verwenden\/#primaryimage"},"thumbnailUrl":"https:\/\/blog.phzh.ch\/schreibzentrum\/files\/2022\/05\/Copyright_AdobeStock_271374036.jpeg","datePublished":"2022-05-04T06:00:00+00:00","dateModified":"2024-02-16T16:28:50+00:00","author":{"@id":"https:\/\/blog.phzh.ch\/schreibzentrum\/#\/schema\/person\/95ec4c371e1883b477c94ada9a021e23"},"breadcrumb":{"@id":"https:\/\/blog.phzh.ch\/schreibzentrum\/2022\/05\/darf-ich-bilder-in-meiner-wissenschaftlichen-arbeit-verwenden\/#breadcrumb"},"inLanguage":"de","potentialAction":[{"@type":"ReadAction","target":["https:\/\/blog.phzh.ch\/schreibzentrum\/2022\/05\/darf-ich-bilder-in-meiner-wissenschaftlichen-arbeit-verwenden\/"]}]},{"@type":"ImageObject","inLanguage":"de","@id":"https:\/\/blog.phzh.ch\/schreibzentrum\/2022\/05\/darf-ich-bilder-in-meiner-wissenschaftlichen-arbeit-verwenden\/#primaryimage","url":"https:\/\/blog.phzh.ch\/schreibzentrum\/files\/2022\/05\/Copyright_AdobeStock_271374036.jpeg","contentUrl":"https:\/\/blog.phzh.ch\/schreibzentrum\/files\/2022\/05\/Copyright_AdobeStock_271374036.jpeg","width":825,"height":589,"caption":"Copyright Concept. Chart with keywords and icons on white desk with stationery"},{"@type":"BreadcrumbList","@id":"https:\/\/blog.phzh.ch\/schreibzentrum\/2022\/05\/darf-ich-bilder-in-meiner-wissenschaftlichen-arbeit-verwenden\/#breadcrumb","itemListElement":[{"@type":"ListItem","position":1,"name":"Start","item":"https:\/\/blog.phzh.ch\/schreibzentrum\/"},{"@type":"ListItem","position":2,"name":"Darf ich Bilder in meiner wissenschaftlichen Arbeit verwenden? (Q&amp;A #18)\u00a0"}]},{"@type":"WebSite","@id":"https:\/\/blog.phzh.ch\/schreibzentrum\/#website","url":"https:\/\/blog.phzh.ch\/schreibzentrum\/","name":"Das SchreibBLOGzentrum","description":"Texte und Events","potentialAction":[{"@type":"SearchAction","target":{"@type":"EntryPoint","urlTemplate":"https:\/\/blog.phzh.ch\/schreibzentrum\/?s={search_term_string}"},"query-input":{"@type":"PropertyValueSpecification","valueRequired":true,"valueName":"search_term_string"}}],"inLanguage":"de"},{"@type":"Person","@id":"https:\/\/blog.phzh.ch\/schreibzentrum\/#\/schema\/person\/95ec4c371e1883b477c94ada9a021e23","name":"Schreibzentrum","image":{"@type":"ImageObject","inLanguage":"de","@id":"https:\/\/blog.phzh.ch\/schreibzentrum\/#\/schema\/person\/image\/","url":"https:\/\/secure.gravatar.com\/avatar\/0c32268ba336aca6d00b43d3e0a2840f?s=96&d=mm&r=g","contentUrl":"https:\/\/secure.gravatar.com\/avatar\/0c32268ba336aca6d00b43d3e0a2840f?s=96&d=mm&r=g","caption":"Schreibzentrum"},"sameAs":["http:\/\/www.phzh.ch\/schreibzentrum"],"url":"https:\/\/blog.phzh.ch\/schreibzentrum\/author\/schreibzentrum\/"}]}},"_links":{"self":[{"href":"https:\/\/blog.phzh.ch\/schreibzentrum\/wp-json\/wp\/v2\/posts\/6692","targetHints":{"allow":["GET"]}}],"collection":[{"href":"https:\/\/blog.phzh.ch\/schreibzentrum\/wp-json\/wp\/v2\/posts"}],"about":[{"href":"https:\/\/blog.phzh.ch\/schreibzentrum\/wp-json\/wp\/v2\/types\/post"}],"author":[{"embeddable":true,"href":"https:\/\/blog.phzh.ch\/schreibzentrum\/wp-json\/wp\/v2\/users\/411"}],"replies":[{"embeddable":true,"href":"https:\/\/blog.phzh.ch\/schreibzentrum\/wp-json\/wp\/v2\/comments?post=6692"}],"version-history":[{"count":10,"href":"https:\/\/blog.phzh.ch\/schreibzentrum\/wp-json\/wp\/v2\/posts\/6692\/revisions"}],"predecessor-version":[{"id":7661,"href":"https:\/\/blog.phzh.ch\/schreibzentrum\/wp-json\/wp\/v2\/posts\/6692\/revisions\/7661"}],"wp:featuredmedia":[{"embeddable":true,"href":"https:\/\/blog.phzh.ch\/schreibzentrum\/wp-json\/wp\/v2\/media\/6693"}],"wp:attachment":[{"href":"https:\/\/blog.phzh.ch\/schreibzentrum\/wp-json\/wp\/v2\/media?parent=6692"}],"wp:term":[{"taxonomy":"category","embeddable":true,"href":"https:\/\/blog.phzh.ch\/schreibzentrum\/wp-json\/wp\/v2\/categories?post=6692"},{"taxonomy":"post_tag","embeddable":true,"href":"https:\/\/blog.phzh.ch\/schreibzentrum\/wp-json\/wp\/v2\/tags?post=6692"}],"curies":[{"name":"wp","href":"https:\/\/api.w.org\/{rel}","templated":true}]}}