{"id":6600,"date":"2022-05-18T08:00:00","date_gmt":"2022-05-18T06:00:00","guid":{"rendered":"https:\/\/blog.phzh.ch\/schreibzentrum\/?p=6600"},"modified":"2022-05-23T08:36:55","modified_gmt":"2022-05-23T06:36:55","slug":"haare-stutzen","status":"publish","type":"post","link":"https:\/\/blog.phzh.ch\/schreibzentrum\/2022\/05\/haare-stutzen\/","title":{"rendered":"Haare stutzen"},"content":{"rendered":"\n<p>Von Lisa Thwaini<\/p>\n\n\n\n<p>Bevor wir ihre Gesichter pudern, rasieren wir den soeben Verstorbenen Backen, Kinn und Oberlippe. Es w\u00e4re w\u00fcrdelos, sie zuwuchern zu lassen wie alte Ruinen, sagen wir uns. Es war ihm immer wichtig, gepflegt auszusehen, er h\u00e4tte auch jetzt darauf bestanden.<\/p>\n\n\n\n<p>Gepflegt sein, heisst: nicht verwildern, nicht wie die anderen Tiere sein. Der K\u00f6rper als Wildnis, die beg\u00e4rtnert werden muss. Das Fell als Dickicht, das gerodet geh\u00f6rt. Rasiere keine Achselhaare! H\u00f6r auf, deinen Bart zu modellieren! K\u00fcmmere dich nicht um spr\u00f6de Enden! Entwirre keine Knoten!<\/p>\n\n\n\n<p>Im Wald lebt ein Heiliger. Sein Haupthaar reicht ihm bis zu den Kniekehlen, sein Bart bedeckt seine Genitalien, so dass er sich vor Gott nicht sch\u00e4men muss. Tags\u00fcber betet er, nachts bettet er sich auf Moos und schl\u00e4ft ruhig, denn die Tiere des Waldes sind mit ihm.<\/p>\n\n\n\n<figure class=\"wp-block-image size-large is-style-default\"><img loading=\"lazy\" decoding=\"async\" width=\"675\" height=\"1024\" src=\"https:\/\/blog.phzh.ch\/schreibzentrum\/files\/2022\/05\/Bild-Lisa-T-675x1024.jpg\" alt=\"\" class=\"wp-image-6727\" srcset=\"https:\/\/blog.phzh.ch\/schreibzentrum\/files\/2022\/05\/Bild-Lisa-T-675x1024.jpg 675w, https:\/\/blog.phzh.ch\/schreibzentrum\/files\/2022\/05\/Bild-Lisa-T-198x300.jpg 198w, https:\/\/blog.phzh.ch\/schreibzentrum\/files\/2022\/05\/Bild-Lisa-T-99x150.jpg 99w, https:\/\/blog.phzh.ch\/schreibzentrum\/files\/2022\/05\/Bild-Lisa-T-768x1165.jpg 768w, https:\/\/blog.phzh.ch\/schreibzentrum\/files\/2022\/05\/Bild-Lisa-T-1012x1536.jpg 1012w, https:\/\/blog.phzh.ch\/schreibzentrum\/files\/2022\/05\/Bild-Lisa-T.jpg 1282w\" sizes=\"auto, (max-width: 675px) 100vw, 675px\" \/><figcaption>\u00abWilder Mann\u00bb, Illustration aus einem N\u00fcrnberger Sch\u00f6nbartbuch, ca. 1600 (Wikimedia Commons)<\/figcaption><\/figure>\n\n\n\n<p>Fast vier Jahre dauerte es, bis ihr Haar richtig wuchs, bis man es endlich zu kleinen Z\u00f6pfchen flechten konnte. Die Kopfhaut spannt, doch sie findet sich wundersch\u00f6n. Eine Fee mit Haaren aus Mond- und Sternenlicht.<\/p>\n\n\n\n<p>Sie ist \u00fcberzeugt, dass die Haare der Reichen besser aussehen. Besser, das heisst: ges\u00fcnder, dichter, kr\u00e4ftiger. Sie benutzen daf\u00fcr teure Wundermittel, die tats\u00e4chlich wirken. Haarmasken mit Extrakten aus Ginkgo und menschlicher Placenta. Oder sie spritzen sich Blut von Sportlern in die Kopfhaut, zur Verj\u00fcngung der Follikel.<\/p>\n\n\n\n<p>Im Sonnenlicht sieht man den Sch\u00e4del durch ihr sch\u00fctteres Haar scheinen. Es ist fein wie Spinnf\u00e4den, l\u00f6st sich fast auf unter den Blicken der Leute. D\u00fcnnes Haar, das heisst: Zerfall, Verlust der Lebenskraft. Es ist Zeichen der S\u00fcnde, auf die falschen, die billigen Wundermittel vertraut zu haben. Jene, die die Kopfhaut ver\u00e4tzen und das Haar br\u00fcchig machen \u2013 wie bl\u00f6d kann man nur sein?!<\/p>\n\n\n\n<p>Am Ende der Welt h\u00e4lt ein Cyborg Wache. Wenn ihre Maschinenaugen eine Bewegung in der Ferne erfassen, fokussieren sie scharf und zielgenau; nichts entgeht ihrem Blick. Auf ihrem metallenen Sch\u00e4del spiegelt sich das Sternenlicht. Ein Schwarm V\u00f6gel jagt \u00fcber sie hinweg und quietscht dabei wie rostige Scheren.&nbsp;<\/p>\n\n\n\n<p>Derweil tr\u00e4umt der Fleischteil ihres Gehirns von Hasen und Rehen, die zu ihren F\u00fcssen grasen.<\/p>\n\n\n\n<p><sub>Lisa Thwaini studiert an der PH Z\u00fcrich und ist Tutorin im Schreibzentrum. <\/sub><\/p>\n","protected":false},"excerpt":{"rendered":"<p>Von Lisa Thwaini Bevor wir ihre Gesichter pudern, rasieren wir den soeben Verstorbenen Backen, Kinn und Oberlippe. Es w\u00e4re w\u00fcrdelos, sie zuwuchern zu lassen wie alte Ruinen, sagen wir uns. Es war ihm immer wichtig, gepflegt auszusehen, er h\u00e4tte auch jetzt darauf bestanden. Gepflegt sein, heisst: nicht verwildern, nicht wie die anderen Tiere sein. Der &hellip; <a href=\"https:\/\/blog.phzh.ch\/schreibzentrum\/2022\/05\/haare-stutzen\/\" class=\"more-link\"><span class=\"screen-reader-text\">Haare stutzen<\/span> weiterlesen<\/a><\/p>\n","protected":false},"author":411,"featured_media":6601,"comment_status":"open","ping_status":"closed","sticky":false,"template":"","format":"standard","meta":{"footnotes":""},"categories":[107936,66916,107935,48035],"tags":[],"class_list":["post-6600","post","type-post","status-publish","format-standard","has-post-thumbnail","hentry","category-punkt-punkt-komma-strich","category-schreibzentrum-schreibt","category-serie","category-tutorinnen-schreiben"],"yoast_head":"<!-- This site is optimized with the Yoast SEO plugin v26.8 - https:\/\/yoast.com\/product\/yoast-seo-wordpress\/ -->\n<title>Haare stutzen - Das SchreibBLOGzentrum<\/title>\n<meta name=\"robots\" content=\"index, follow, max-snippet:-1, max-image-preview:large, max-video-preview:-1\" \/>\n<link rel=\"canonical\" href=\"https:\/\/blog.phzh.ch\/schreibzentrum\/2022\/05\/haare-stutzen\/\" \/>\n<meta property=\"og:locale\" content=\"de_DE\" \/>\n<meta property=\"og:type\" content=\"article\" \/>\n<meta property=\"og:title\" content=\"Haare stutzen - Das SchreibBLOGzentrum\" \/>\n<meta property=\"og:description\" content=\"Von Lisa Thwaini Bevor wir ihre Gesichter pudern, rasieren wir den soeben Verstorbenen Backen, Kinn und Oberlippe. Es w\u00e4re w\u00fcrdelos, sie zuwuchern zu lassen wie alte Ruinen, sagen wir uns. Es war ihm immer wichtig, gepflegt auszusehen, er h\u00e4tte auch jetzt darauf bestanden. Gepflegt sein, heisst: nicht verwildern, nicht wie die anderen Tiere sein. Der &hellip; Haare stutzen weiterlesen\" \/>\n<meta property=\"og:url\" content=\"https:\/\/blog.phzh.ch\/schreibzentrum\/2022\/05\/haare-stutzen\/\" \/>\n<meta property=\"og:site_name\" content=\"Das SchreibBLOGzentrum\" \/>\n<meta property=\"article:published_time\" content=\"2022-05-18T06:00:00+00:00\" \/>\n<meta property=\"article:modified_time\" content=\"2022-05-23T06:36:55+00:00\" \/>\n<meta property=\"og:image\" content=\"https:\/\/blog.phzh.ch\/schreibzentrum\/files\/2022\/01\/Punkt-Punkt-Komma-Strich_S1E06.png\" \/>\n\t<meta property=\"og:image:width\" content=\"1024\" \/>\n\t<meta property=\"og:image:height\" content=\"194\" \/>\n\t<meta property=\"og:image:type\" content=\"image\/png\" \/>\n<meta name=\"author\" content=\"Schreibzentrum\" \/>\n<meta name=\"twitter:card\" content=\"summary_large_image\" \/>\n<meta name=\"twitter:label1\" content=\"Verfasst von\" \/>\n\t<meta name=\"twitter:data1\" content=\"Schreibzentrum\" \/>\n\t<meta name=\"twitter:label2\" content=\"Gesch\u00e4tzte Lesezeit\" \/>\n\t<meta name=\"twitter:data2\" content=\"3\u00a0Minuten\" \/>\n<script type=\"application\/ld+json\" class=\"yoast-schema-graph\">{\"@context\":\"https:\/\/schema.org\",\"@graph\":[{\"@type\":\"Article\",\"@id\":\"https:\/\/blog.phzh.ch\/schreibzentrum\/2022\/05\/haare-stutzen\/#article\",\"isPartOf\":{\"@id\":\"https:\/\/blog.phzh.ch\/schreibzentrum\/2022\/05\/haare-stutzen\/\"},\"author\":{\"name\":\"Schreibzentrum\",\"@id\":\"https:\/\/blog.phzh.ch\/schreibzentrum\/#\/schema\/person\/95ec4c371e1883b477c94ada9a021e23\"},\"headline\":\"Haare stutzen\",\"datePublished\":\"2022-05-18T06:00:00+00:00\",\"dateModified\":\"2022-05-23T06:36:55+00:00\",\"mainEntityOfPage\":{\"@id\":\"https:\/\/blog.phzh.ch\/schreibzentrum\/2022\/05\/haare-stutzen\/\"},\"wordCount\":401,\"commentCount\":0,\"image\":{\"@id\":\"https:\/\/blog.phzh.ch\/schreibzentrum\/2022\/05\/haare-stutzen\/#primaryimage\"},\"thumbnailUrl\":\"https:\/\/blog.phzh.ch\/schreibzentrum\/files\/2022\/01\/Punkt-Punkt-Komma-Strich_S1E06.png\",\"articleSection\":[\"Punkt Punkt Komma Strich\",\"Schreibzentrum schreibt\",\"Serie\",\"TutorInnen schreiben\"],\"inLanguage\":\"de\",\"potentialAction\":[{\"@type\":\"CommentAction\",\"name\":\"Comment\",\"target\":[\"https:\/\/blog.phzh.ch\/schreibzentrum\/2022\/05\/haare-stutzen\/#respond\"]}]},{\"@type\":\"WebPage\",\"@id\":\"https:\/\/blog.phzh.ch\/schreibzentrum\/2022\/05\/haare-stutzen\/\",\"url\":\"https:\/\/blog.phzh.ch\/schreibzentrum\/2022\/05\/haare-stutzen\/\",\"name\":\"Haare stutzen - Das SchreibBLOGzentrum\",\"isPartOf\":{\"@id\":\"https:\/\/blog.phzh.ch\/schreibzentrum\/#website\"},\"primaryImageOfPage\":{\"@id\":\"https:\/\/blog.phzh.ch\/schreibzentrum\/2022\/05\/haare-stutzen\/#primaryimage\"},\"image\":{\"@id\":\"https:\/\/blog.phzh.ch\/schreibzentrum\/2022\/05\/haare-stutzen\/#primaryimage\"},\"thumbnailUrl\":\"https:\/\/blog.phzh.ch\/schreibzentrum\/files\/2022\/01\/Punkt-Punkt-Komma-Strich_S1E06.png\",\"datePublished\":\"2022-05-18T06:00:00+00:00\",\"dateModified\":\"2022-05-23T06:36:55+00:00\",\"author\":{\"@id\":\"https:\/\/blog.phzh.ch\/schreibzentrum\/#\/schema\/person\/95ec4c371e1883b477c94ada9a021e23\"},\"breadcrumb\":{\"@id\":\"https:\/\/blog.phzh.ch\/schreibzentrum\/2022\/05\/haare-stutzen\/#breadcrumb\"},\"inLanguage\":\"de\",\"potentialAction\":[{\"@type\":\"ReadAction\",\"target\":[\"https:\/\/blog.phzh.ch\/schreibzentrum\/2022\/05\/haare-stutzen\/\"]}]},{\"@type\":\"ImageObject\",\"inLanguage\":\"de\",\"@id\":\"https:\/\/blog.phzh.ch\/schreibzentrum\/2022\/05\/haare-stutzen\/#primaryimage\",\"url\":\"https:\/\/blog.phzh.ch\/schreibzentrum\/files\/2022\/01\/Punkt-Punkt-Komma-Strich_S1E06.png\",\"contentUrl\":\"https:\/\/blog.phzh.ch\/schreibzentrum\/files\/2022\/01\/Punkt-Punkt-Komma-Strich_S1E06.png\",\"width\":1024,\"height\":194},{\"@type\":\"BreadcrumbList\",\"@id\":\"https:\/\/blog.phzh.ch\/schreibzentrum\/2022\/05\/haare-stutzen\/#breadcrumb\",\"itemListElement\":[{\"@type\":\"ListItem\",\"position\":1,\"name\":\"Start\",\"item\":\"https:\/\/blog.phzh.ch\/schreibzentrum\/\"},{\"@type\":\"ListItem\",\"position\":2,\"name\":\"Haare stutzen\"}]},{\"@type\":\"WebSite\",\"@id\":\"https:\/\/blog.phzh.ch\/schreibzentrum\/#website\",\"url\":\"https:\/\/blog.phzh.ch\/schreibzentrum\/\",\"name\":\"Das SchreibBLOGzentrum\",\"description\":\"Texte und Events\",\"potentialAction\":[{\"@type\":\"SearchAction\",\"target\":{\"@type\":\"EntryPoint\",\"urlTemplate\":\"https:\/\/blog.phzh.ch\/schreibzentrum\/?s={search_term_string}\"},\"query-input\":{\"@type\":\"PropertyValueSpecification\",\"valueRequired\":true,\"valueName\":\"search_term_string\"}}],\"inLanguage\":\"de\"},{\"@type\":\"Person\",\"@id\":\"https:\/\/blog.phzh.ch\/schreibzentrum\/#\/schema\/person\/95ec4c371e1883b477c94ada9a021e23\",\"name\":\"Schreibzentrum\",\"image\":{\"@type\":\"ImageObject\",\"inLanguage\":\"de\",\"@id\":\"https:\/\/blog.phzh.ch\/schreibzentrum\/#\/schema\/person\/image\/\",\"url\":\"https:\/\/secure.gravatar.com\/avatar\/0c32268ba336aca6d00b43d3e0a2840f?s=96&d=mm&r=g\",\"contentUrl\":\"https:\/\/secure.gravatar.com\/avatar\/0c32268ba336aca6d00b43d3e0a2840f?s=96&d=mm&r=g\",\"caption\":\"Schreibzentrum\"},\"sameAs\":[\"http:\/\/www.phzh.ch\/schreibzentrum\"],\"url\":\"https:\/\/blog.phzh.ch\/schreibzentrum\/author\/schreibzentrum\/\"}]}<\/script>\n<!-- \/ Yoast SEO plugin. -->","yoast_head_json":{"title":"Haare stutzen - Das SchreibBLOGzentrum","robots":{"index":"index","follow":"follow","max-snippet":"max-snippet:-1","max-image-preview":"max-image-preview:large","max-video-preview":"max-video-preview:-1"},"canonical":"https:\/\/blog.phzh.ch\/schreibzentrum\/2022\/05\/haare-stutzen\/","og_locale":"de_DE","og_type":"article","og_title":"Haare stutzen - Das SchreibBLOGzentrum","og_description":"Von Lisa Thwaini Bevor wir ihre Gesichter pudern, rasieren wir den soeben Verstorbenen Backen, Kinn und Oberlippe. Es w\u00e4re w\u00fcrdelos, sie zuwuchern zu lassen wie alte Ruinen, sagen wir uns. Es war ihm immer wichtig, gepflegt auszusehen, er h\u00e4tte auch jetzt darauf bestanden. Gepflegt sein, heisst: nicht verwildern, nicht wie die anderen Tiere sein. Der &hellip; Haare stutzen weiterlesen","og_url":"https:\/\/blog.phzh.ch\/schreibzentrum\/2022\/05\/haare-stutzen\/","og_site_name":"Das SchreibBLOGzentrum","article_published_time":"2022-05-18T06:00:00+00:00","article_modified_time":"2022-05-23T06:36:55+00:00","og_image":[{"width":1024,"height":194,"url":"https:\/\/blog.phzh.ch\/schreibzentrum\/files\/2022\/01\/Punkt-Punkt-Komma-Strich_S1E06.png","type":"image\/png"}],"author":"Schreibzentrum","twitter_card":"summary_large_image","twitter_misc":{"Verfasst von":"Schreibzentrum","Gesch\u00e4tzte Lesezeit":"3\u00a0Minuten"},"schema":{"@context":"https:\/\/schema.org","@graph":[{"@type":"Article","@id":"https:\/\/blog.phzh.ch\/schreibzentrum\/2022\/05\/haare-stutzen\/#article","isPartOf":{"@id":"https:\/\/blog.phzh.ch\/schreibzentrum\/2022\/05\/haare-stutzen\/"},"author":{"name":"Schreibzentrum","@id":"https:\/\/blog.phzh.ch\/schreibzentrum\/#\/schema\/person\/95ec4c371e1883b477c94ada9a021e23"},"headline":"Haare stutzen","datePublished":"2022-05-18T06:00:00+00:00","dateModified":"2022-05-23T06:36:55+00:00","mainEntityOfPage":{"@id":"https:\/\/blog.phzh.ch\/schreibzentrum\/2022\/05\/haare-stutzen\/"},"wordCount":401,"commentCount":0,"image":{"@id":"https:\/\/blog.phzh.ch\/schreibzentrum\/2022\/05\/haare-stutzen\/#primaryimage"},"thumbnailUrl":"https:\/\/blog.phzh.ch\/schreibzentrum\/files\/2022\/01\/Punkt-Punkt-Komma-Strich_S1E06.png","articleSection":["Punkt Punkt Komma Strich","Schreibzentrum schreibt","Serie","TutorInnen schreiben"],"inLanguage":"de","potentialAction":[{"@type":"CommentAction","name":"Comment","target":["https:\/\/blog.phzh.ch\/schreibzentrum\/2022\/05\/haare-stutzen\/#respond"]}]},{"@type":"WebPage","@id":"https:\/\/blog.phzh.ch\/schreibzentrum\/2022\/05\/haare-stutzen\/","url":"https:\/\/blog.phzh.ch\/schreibzentrum\/2022\/05\/haare-stutzen\/","name":"Haare stutzen - Das SchreibBLOGzentrum","isPartOf":{"@id":"https:\/\/blog.phzh.ch\/schreibzentrum\/#website"},"primaryImageOfPage":{"@id":"https:\/\/blog.phzh.ch\/schreibzentrum\/2022\/05\/haare-stutzen\/#primaryimage"},"image":{"@id":"https:\/\/blog.phzh.ch\/schreibzentrum\/2022\/05\/haare-stutzen\/#primaryimage"},"thumbnailUrl":"https:\/\/blog.phzh.ch\/schreibzentrum\/files\/2022\/01\/Punkt-Punkt-Komma-Strich_S1E06.png","datePublished":"2022-05-18T06:00:00+00:00","dateModified":"2022-05-23T06:36:55+00:00","author":{"@id":"https:\/\/blog.phzh.ch\/schreibzentrum\/#\/schema\/person\/95ec4c371e1883b477c94ada9a021e23"},"breadcrumb":{"@id":"https:\/\/blog.phzh.ch\/schreibzentrum\/2022\/05\/haare-stutzen\/#breadcrumb"},"inLanguage":"de","potentialAction":[{"@type":"ReadAction","target":["https:\/\/blog.phzh.ch\/schreibzentrum\/2022\/05\/haare-stutzen\/"]}]},{"@type":"ImageObject","inLanguage":"de","@id":"https:\/\/blog.phzh.ch\/schreibzentrum\/2022\/05\/haare-stutzen\/#primaryimage","url":"https:\/\/blog.phzh.ch\/schreibzentrum\/files\/2022\/01\/Punkt-Punkt-Komma-Strich_S1E06.png","contentUrl":"https:\/\/blog.phzh.ch\/schreibzentrum\/files\/2022\/01\/Punkt-Punkt-Komma-Strich_S1E06.png","width":1024,"height":194},{"@type":"BreadcrumbList","@id":"https:\/\/blog.phzh.ch\/schreibzentrum\/2022\/05\/haare-stutzen\/#breadcrumb","itemListElement":[{"@type":"ListItem","position":1,"name":"Start","item":"https:\/\/blog.phzh.ch\/schreibzentrum\/"},{"@type":"ListItem","position":2,"name":"Haare stutzen"}]},{"@type":"WebSite","@id":"https:\/\/blog.phzh.ch\/schreibzentrum\/#website","url":"https:\/\/blog.phzh.ch\/schreibzentrum\/","name":"Das SchreibBLOGzentrum","description":"Texte und Events","potentialAction":[{"@type":"SearchAction","target":{"@type":"EntryPoint","urlTemplate":"https:\/\/blog.phzh.ch\/schreibzentrum\/?s={search_term_string}"},"query-input":{"@type":"PropertyValueSpecification","valueRequired":true,"valueName":"search_term_string"}}],"inLanguage":"de"},{"@type":"Person","@id":"https:\/\/blog.phzh.ch\/schreibzentrum\/#\/schema\/person\/95ec4c371e1883b477c94ada9a021e23","name":"Schreibzentrum","image":{"@type":"ImageObject","inLanguage":"de","@id":"https:\/\/blog.phzh.ch\/schreibzentrum\/#\/schema\/person\/image\/","url":"https:\/\/secure.gravatar.com\/avatar\/0c32268ba336aca6d00b43d3e0a2840f?s=96&d=mm&r=g","contentUrl":"https:\/\/secure.gravatar.com\/avatar\/0c32268ba336aca6d00b43d3e0a2840f?s=96&d=mm&r=g","caption":"Schreibzentrum"},"sameAs":["http:\/\/www.phzh.ch\/schreibzentrum"],"url":"https:\/\/blog.phzh.ch\/schreibzentrum\/author\/schreibzentrum\/"}]}},"_links":{"self":[{"href":"https:\/\/blog.phzh.ch\/schreibzentrum\/wp-json\/wp\/v2\/posts\/6600","targetHints":{"allow":["GET"]}}],"collection":[{"href":"https:\/\/blog.phzh.ch\/schreibzentrum\/wp-json\/wp\/v2\/posts"}],"about":[{"href":"https:\/\/blog.phzh.ch\/schreibzentrum\/wp-json\/wp\/v2\/types\/post"}],"author":[{"embeddable":true,"href":"https:\/\/blog.phzh.ch\/schreibzentrum\/wp-json\/wp\/v2\/users\/411"}],"replies":[{"embeddable":true,"href":"https:\/\/blog.phzh.ch\/schreibzentrum\/wp-json\/wp\/v2\/comments?post=6600"}],"version-history":[{"count":14,"href":"https:\/\/blog.phzh.ch\/schreibzentrum\/wp-json\/wp\/v2\/posts\/6600\/revisions"}],"predecessor-version":[{"id":6749,"href":"https:\/\/blog.phzh.ch\/schreibzentrum\/wp-json\/wp\/v2\/posts\/6600\/revisions\/6749"}],"wp:featuredmedia":[{"embeddable":true,"href":"https:\/\/blog.phzh.ch\/schreibzentrum\/wp-json\/wp\/v2\/media\/6601"}],"wp:attachment":[{"href":"https:\/\/blog.phzh.ch\/schreibzentrum\/wp-json\/wp\/v2\/media?parent=6600"}],"wp:term":[{"taxonomy":"category","embeddable":true,"href":"https:\/\/blog.phzh.ch\/schreibzentrum\/wp-json\/wp\/v2\/categories?post=6600"},{"taxonomy":"post_tag","embeddable":true,"href":"https:\/\/blog.phzh.ch\/schreibzentrum\/wp-json\/wp\/v2\/tags?post=6600"}],"curies":[{"name":"wp","href":"https:\/\/api.w.org\/{rel}","templated":true}]}}