{"id":6326,"date":"2021-07-21T08:00:00","date_gmt":"2021-07-21T06:00:00","guid":{"rendered":"https:\/\/blog.phzh.ch\/schreibzentrum\/?p=6326"},"modified":"2021-06-23T15:24:00","modified_gmt":"2021-06-23T13:24:00","slug":"kindheit-im-rueckspiegel","status":"publish","type":"post","link":"https:\/\/blog.phzh.ch\/schreibzentrum\/2021\/07\/kindheit-im-rueckspiegel\/","title":{"rendered":"Kindheit im R\u00fcckspiegel"},"content":{"rendered":"\n<div class=\"wp-block-image\"><figure class=\"alignright size-large\"><img loading=\"lazy\" decoding=\"async\" width=\"250\" height=\"136\" src=\"https:\/\/blog.phzh.ch\/schreibzentrum\/files\/2021\/06\/Kindheit_Covers.png\" alt=\"\" class=\"wp-image-6327\" srcset=\"https:\/\/blog.phzh.ch\/schreibzentrum\/files\/2021\/06\/Kindheit_Covers.png 250w, https:\/\/blog.phzh.ch\/schreibzentrum\/files\/2021\/06\/Kindheit_Covers-150x82.png 150w\" sizes=\"auto, (max-width: 250px) 100vw, 250px\" \/><\/figure><\/div>\n\n\n\n<p>In der R\u00fcckschau auf Kindheit ver\u00e4ndern sich Dimensionen und Perspektiven. Manchmal ist der Blick verkl\u00e4rt, manchmal schonungslos kritisch. Jede Ann\u00e4herung bleibt indessen fragmentarisch und ungewiss. In seinem Medientipp in <em>Akzente<\/em> (2\/2021, S. 39) stellt Daniel Ammann, Mitarbeiter des Schreibzentrums, drei Romane nebeneinander, die das Thema Kindheit zwischen autobiografischer Erinnerung und fiktionaler Konstruktion ausloten.<\/p>\n\n\n\n<figure class=\"wp-block-embed is-type-wp-embed is-provider-akzente wp-block-embed-akzente\"><div class=\"wp-block-embed__wrapper\">\n<blockquote class=\"wp-embedded-content\" data-secret=\"Z4lK6zPt3S\"><a href=\"https:\/\/blog.phzh.ch\/akzente\/2021\/05\/27\/kindheit-im-rueckspiegel\/\">Kindheit im R\u00fcckspiegel<\/a><\/blockquote><iframe loading=\"lazy\" class=\"wp-embedded-content\" sandbox=\"allow-scripts\" security=\"restricted\" style=\"position: absolute; clip: rect(1px, 1px, 1px, 1px);\" title=\"&#8222;Kindheit im R\u00fcckspiegel&#8220; &#8212; Akzente\" src=\"https:\/\/blog.phzh.ch\/akzente\/2021\/05\/27\/kindheit-im-rueckspiegel\/embed\/#?secret=KVLlUmfe6J#?secret=Z4lK6zPt3S\" data-secret=\"Z4lK6zPt3S\" width=\"600\" height=\"338\" frameborder=\"0\" marginwidth=\"0\" marginheight=\"0\" scrolling=\"no\"><\/iframe>\n<\/div><\/figure>\n\n\n\n<p><\/p>\n","protected":false},"excerpt":{"rendered":"<p>In der R\u00fcckschau auf Kindheit ver\u00e4ndern sich Dimensionen und Perspektiven. Manchmal ist der Blick verkl\u00e4rt, manchmal schonungslos kritisch. Jede Ann\u00e4herung bleibt indessen fragmentarisch und ungewiss. In seinem Medientipp in Akzente (2\/2021, S. 39) stellt Daniel Ammann, Mitarbeiter des Schreibzentrums, drei Romane nebeneinander, die das Thema Kindheit zwischen autobiografischer Erinnerung und fiktionaler Konstruktion ausloten.<\/p>\n","protected":false},"author":411,"featured_media":0,"comment_status":"open","ping_status":"closed","sticky":false,"template":"","format":"standard","meta":{"footnotes":""},"categories":[66708,66916,17607],"tags":[],"class_list":["post-6326","post","type-post","status-publish","format-standard","hentry","category-buchtipp","category-schreibzentrum-schreibt","category-texte"],"yoast_head":"<!-- This site is optimized with the Yoast SEO plugin v26.8 - https:\/\/yoast.com\/product\/yoast-seo-wordpress\/ -->\n<title>Kindheit im R\u00fcckspiegel - Das SchreibBLOGzentrum<\/title>\n<meta name=\"robots\" content=\"index, follow, max-snippet:-1, max-image-preview:large, max-video-preview:-1\" \/>\n<link rel=\"canonical\" href=\"https:\/\/blog.phzh.ch\/schreibzentrum\/2021\/07\/kindheit-im-rueckspiegel\/\" \/>\n<meta property=\"og:locale\" content=\"de_DE\" \/>\n<meta property=\"og:type\" content=\"article\" \/>\n<meta property=\"og:title\" content=\"Kindheit im R\u00fcckspiegel - Das SchreibBLOGzentrum\" \/>\n<meta property=\"og:description\" content=\"In der R\u00fcckschau auf Kindheit ver\u00e4ndern sich Dimensionen und Perspektiven. Manchmal ist der Blick verkl\u00e4rt, manchmal schonungslos kritisch. Jede Ann\u00e4herung bleibt indessen fragmentarisch und ungewiss. In seinem Medientipp in Akzente (2\/2021, S. 39) stellt Daniel Ammann, Mitarbeiter des Schreibzentrums, drei Romane nebeneinander, die das Thema Kindheit zwischen autobiografischer Erinnerung und fiktionaler Konstruktion ausloten.\" \/>\n<meta property=\"og:url\" content=\"https:\/\/blog.phzh.ch\/schreibzentrum\/2021\/07\/kindheit-im-rueckspiegel\/\" \/>\n<meta property=\"og:site_name\" content=\"Das SchreibBLOGzentrum\" \/>\n<meta property=\"article:published_time\" content=\"2021-07-21T06:00:00+00:00\" \/>\n<meta property=\"og:image\" content=\"https:\/\/blog.phzh.ch\/schreibzentrum\/files\/2021\/06\/Kindheit_Covers.png\" \/>\n<meta name=\"author\" content=\"Schreibzentrum\" \/>\n<meta name=\"twitter:card\" content=\"summary_large_image\" \/>\n<meta name=\"twitter:label1\" content=\"Verfasst von\" \/>\n\t<meta name=\"twitter:data1\" content=\"Schreibzentrum\" \/>\n<script type=\"application\/ld+json\" class=\"yoast-schema-graph\">{\"@context\":\"https:\/\/schema.org\",\"@graph\":[{\"@type\":\"Article\",\"@id\":\"https:\/\/blog.phzh.ch\/schreibzentrum\/2021\/07\/kindheit-im-rueckspiegel\/#article\",\"isPartOf\":{\"@id\":\"https:\/\/blog.phzh.ch\/schreibzentrum\/2021\/07\/kindheit-im-rueckspiegel\/\"},\"author\":{\"name\":\"Schreibzentrum\",\"@id\":\"https:\/\/blog.phzh.ch\/schreibzentrum\/#\/schema\/person\/95ec4c371e1883b477c94ada9a021e23\"},\"headline\":\"Kindheit im R\u00fcckspiegel\",\"datePublished\":\"2021-07-21T06:00:00+00:00\",\"mainEntityOfPage\":{\"@id\":\"https:\/\/blog.phzh.ch\/schreibzentrum\/2021\/07\/kindheit-im-rueckspiegel\/\"},\"wordCount\":65,\"commentCount\":0,\"image\":{\"@id\":\"https:\/\/blog.phzh.ch\/schreibzentrum\/2021\/07\/kindheit-im-rueckspiegel\/#primaryimage\"},\"thumbnailUrl\":\"https:\/\/blog.phzh.ch\/schreibzentrum\/files\/2021\/06\/Kindheit_Covers.png\",\"articleSection\":[\"Medientipp\",\"Schreibzentrum schreibt\",\"Texte\"],\"inLanguage\":\"de\",\"potentialAction\":[{\"@type\":\"CommentAction\",\"name\":\"Comment\",\"target\":[\"https:\/\/blog.phzh.ch\/schreibzentrum\/2021\/07\/kindheit-im-rueckspiegel\/#respond\"]}]},{\"@type\":\"WebPage\",\"@id\":\"https:\/\/blog.phzh.ch\/schreibzentrum\/2021\/07\/kindheit-im-rueckspiegel\/\",\"url\":\"https:\/\/blog.phzh.ch\/schreibzentrum\/2021\/07\/kindheit-im-rueckspiegel\/\",\"name\":\"Kindheit im R\u00fcckspiegel - Das SchreibBLOGzentrum\",\"isPartOf\":{\"@id\":\"https:\/\/blog.phzh.ch\/schreibzentrum\/#website\"},\"primaryImageOfPage\":{\"@id\":\"https:\/\/blog.phzh.ch\/schreibzentrum\/2021\/07\/kindheit-im-rueckspiegel\/#primaryimage\"},\"image\":{\"@id\":\"https:\/\/blog.phzh.ch\/schreibzentrum\/2021\/07\/kindheit-im-rueckspiegel\/#primaryimage\"},\"thumbnailUrl\":\"https:\/\/blog.phzh.ch\/schreibzentrum\/files\/2021\/06\/Kindheit_Covers.png\",\"datePublished\":\"2021-07-21T06:00:00+00:00\",\"author\":{\"@id\":\"https:\/\/blog.phzh.ch\/schreibzentrum\/#\/schema\/person\/95ec4c371e1883b477c94ada9a021e23\"},\"breadcrumb\":{\"@id\":\"https:\/\/blog.phzh.ch\/schreibzentrum\/2021\/07\/kindheit-im-rueckspiegel\/#breadcrumb\"},\"inLanguage\":\"de\",\"potentialAction\":[{\"@type\":\"ReadAction\",\"target\":[\"https:\/\/blog.phzh.ch\/schreibzentrum\/2021\/07\/kindheit-im-rueckspiegel\/\"]}]},{\"@type\":\"ImageObject\",\"inLanguage\":\"de\",\"@id\":\"https:\/\/blog.phzh.ch\/schreibzentrum\/2021\/07\/kindheit-im-rueckspiegel\/#primaryimage\",\"url\":\"https:\/\/blog.phzh.ch\/schreibzentrum\/files\/2021\/06\/Kindheit_Covers.png\",\"contentUrl\":\"https:\/\/blog.phzh.ch\/schreibzentrum\/files\/2021\/06\/Kindheit_Covers.png\",\"width\":250,\"height\":136},{\"@type\":\"BreadcrumbList\",\"@id\":\"https:\/\/blog.phzh.ch\/schreibzentrum\/2021\/07\/kindheit-im-rueckspiegel\/#breadcrumb\",\"itemListElement\":[{\"@type\":\"ListItem\",\"position\":1,\"name\":\"Start\",\"item\":\"https:\/\/blog.phzh.ch\/schreibzentrum\/\"},{\"@type\":\"ListItem\",\"position\":2,\"name\":\"Kindheit im R\u00fcckspiegel\"}]},{\"@type\":\"WebSite\",\"@id\":\"https:\/\/blog.phzh.ch\/schreibzentrum\/#website\",\"url\":\"https:\/\/blog.phzh.ch\/schreibzentrum\/\",\"name\":\"Das SchreibBLOGzentrum\",\"description\":\"Texte und Events\",\"potentialAction\":[{\"@type\":\"SearchAction\",\"target\":{\"@type\":\"EntryPoint\",\"urlTemplate\":\"https:\/\/blog.phzh.ch\/schreibzentrum\/?s={search_term_string}\"},\"query-input\":{\"@type\":\"PropertyValueSpecification\",\"valueRequired\":true,\"valueName\":\"search_term_string\"}}],\"inLanguage\":\"de\"},{\"@type\":\"Person\",\"@id\":\"https:\/\/blog.phzh.ch\/schreibzentrum\/#\/schema\/person\/95ec4c371e1883b477c94ada9a021e23\",\"name\":\"Schreibzentrum\",\"image\":{\"@type\":\"ImageObject\",\"inLanguage\":\"de\",\"@id\":\"https:\/\/blog.phzh.ch\/schreibzentrum\/#\/schema\/person\/image\/\",\"url\":\"https:\/\/secure.gravatar.com\/avatar\/0c32268ba336aca6d00b43d3e0a2840f?s=96&d=mm&r=g\",\"contentUrl\":\"https:\/\/secure.gravatar.com\/avatar\/0c32268ba336aca6d00b43d3e0a2840f?s=96&d=mm&r=g\",\"caption\":\"Schreibzentrum\"},\"sameAs\":[\"http:\/\/www.phzh.ch\/schreibzentrum\"],\"url\":\"https:\/\/blog.phzh.ch\/schreibzentrum\/author\/schreibzentrum\/\"}]}<\/script>\n<!-- \/ Yoast SEO plugin. -->","yoast_head_json":{"title":"Kindheit im R\u00fcckspiegel - Das SchreibBLOGzentrum","robots":{"index":"index","follow":"follow","max-snippet":"max-snippet:-1","max-image-preview":"max-image-preview:large","max-video-preview":"max-video-preview:-1"},"canonical":"https:\/\/blog.phzh.ch\/schreibzentrum\/2021\/07\/kindheit-im-rueckspiegel\/","og_locale":"de_DE","og_type":"article","og_title":"Kindheit im R\u00fcckspiegel - Das SchreibBLOGzentrum","og_description":"In der R\u00fcckschau auf Kindheit ver\u00e4ndern sich Dimensionen und Perspektiven. Manchmal ist der Blick verkl\u00e4rt, manchmal schonungslos kritisch. Jede Ann\u00e4herung bleibt indessen fragmentarisch und ungewiss. In seinem Medientipp in Akzente (2\/2021, S. 39) stellt Daniel Ammann, Mitarbeiter des Schreibzentrums, drei Romane nebeneinander, die das Thema Kindheit zwischen autobiografischer Erinnerung und fiktionaler Konstruktion ausloten.","og_url":"https:\/\/blog.phzh.ch\/schreibzentrum\/2021\/07\/kindheit-im-rueckspiegel\/","og_site_name":"Das SchreibBLOGzentrum","article_published_time":"2021-07-21T06:00:00+00:00","og_image":[{"url":"https:\/\/blog.phzh.ch\/schreibzentrum\/files\/2021\/06\/Kindheit_Covers.png","type":"","width":"","height":""}],"author":"Schreibzentrum","twitter_card":"summary_large_image","twitter_misc":{"Verfasst von":"Schreibzentrum"},"schema":{"@context":"https:\/\/schema.org","@graph":[{"@type":"Article","@id":"https:\/\/blog.phzh.ch\/schreibzentrum\/2021\/07\/kindheit-im-rueckspiegel\/#article","isPartOf":{"@id":"https:\/\/blog.phzh.ch\/schreibzentrum\/2021\/07\/kindheit-im-rueckspiegel\/"},"author":{"name":"Schreibzentrum","@id":"https:\/\/blog.phzh.ch\/schreibzentrum\/#\/schema\/person\/95ec4c371e1883b477c94ada9a021e23"},"headline":"Kindheit im R\u00fcckspiegel","datePublished":"2021-07-21T06:00:00+00:00","mainEntityOfPage":{"@id":"https:\/\/blog.phzh.ch\/schreibzentrum\/2021\/07\/kindheit-im-rueckspiegel\/"},"wordCount":65,"commentCount":0,"image":{"@id":"https:\/\/blog.phzh.ch\/schreibzentrum\/2021\/07\/kindheit-im-rueckspiegel\/#primaryimage"},"thumbnailUrl":"https:\/\/blog.phzh.ch\/schreibzentrum\/files\/2021\/06\/Kindheit_Covers.png","articleSection":["Medientipp","Schreibzentrum schreibt","Texte"],"inLanguage":"de","potentialAction":[{"@type":"CommentAction","name":"Comment","target":["https:\/\/blog.phzh.ch\/schreibzentrum\/2021\/07\/kindheit-im-rueckspiegel\/#respond"]}]},{"@type":"WebPage","@id":"https:\/\/blog.phzh.ch\/schreibzentrum\/2021\/07\/kindheit-im-rueckspiegel\/","url":"https:\/\/blog.phzh.ch\/schreibzentrum\/2021\/07\/kindheit-im-rueckspiegel\/","name":"Kindheit im R\u00fcckspiegel - Das SchreibBLOGzentrum","isPartOf":{"@id":"https:\/\/blog.phzh.ch\/schreibzentrum\/#website"},"primaryImageOfPage":{"@id":"https:\/\/blog.phzh.ch\/schreibzentrum\/2021\/07\/kindheit-im-rueckspiegel\/#primaryimage"},"image":{"@id":"https:\/\/blog.phzh.ch\/schreibzentrum\/2021\/07\/kindheit-im-rueckspiegel\/#primaryimage"},"thumbnailUrl":"https:\/\/blog.phzh.ch\/schreibzentrum\/files\/2021\/06\/Kindheit_Covers.png","datePublished":"2021-07-21T06:00:00+00:00","author":{"@id":"https:\/\/blog.phzh.ch\/schreibzentrum\/#\/schema\/person\/95ec4c371e1883b477c94ada9a021e23"},"breadcrumb":{"@id":"https:\/\/blog.phzh.ch\/schreibzentrum\/2021\/07\/kindheit-im-rueckspiegel\/#breadcrumb"},"inLanguage":"de","potentialAction":[{"@type":"ReadAction","target":["https:\/\/blog.phzh.ch\/schreibzentrum\/2021\/07\/kindheit-im-rueckspiegel\/"]}]},{"@type":"ImageObject","inLanguage":"de","@id":"https:\/\/blog.phzh.ch\/schreibzentrum\/2021\/07\/kindheit-im-rueckspiegel\/#primaryimage","url":"https:\/\/blog.phzh.ch\/schreibzentrum\/files\/2021\/06\/Kindheit_Covers.png","contentUrl":"https:\/\/blog.phzh.ch\/schreibzentrum\/files\/2021\/06\/Kindheit_Covers.png","width":250,"height":136},{"@type":"BreadcrumbList","@id":"https:\/\/blog.phzh.ch\/schreibzentrum\/2021\/07\/kindheit-im-rueckspiegel\/#breadcrumb","itemListElement":[{"@type":"ListItem","position":1,"name":"Start","item":"https:\/\/blog.phzh.ch\/schreibzentrum\/"},{"@type":"ListItem","position":2,"name":"Kindheit im R\u00fcckspiegel"}]},{"@type":"WebSite","@id":"https:\/\/blog.phzh.ch\/schreibzentrum\/#website","url":"https:\/\/blog.phzh.ch\/schreibzentrum\/","name":"Das SchreibBLOGzentrum","description":"Texte und Events","potentialAction":[{"@type":"SearchAction","target":{"@type":"EntryPoint","urlTemplate":"https:\/\/blog.phzh.ch\/schreibzentrum\/?s={search_term_string}"},"query-input":{"@type":"PropertyValueSpecification","valueRequired":true,"valueName":"search_term_string"}}],"inLanguage":"de"},{"@type":"Person","@id":"https:\/\/blog.phzh.ch\/schreibzentrum\/#\/schema\/person\/95ec4c371e1883b477c94ada9a021e23","name":"Schreibzentrum","image":{"@type":"ImageObject","inLanguage":"de","@id":"https:\/\/blog.phzh.ch\/schreibzentrum\/#\/schema\/person\/image\/","url":"https:\/\/secure.gravatar.com\/avatar\/0c32268ba336aca6d00b43d3e0a2840f?s=96&d=mm&r=g","contentUrl":"https:\/\/secure.gravatar.com\/avatar\/0c32268ba336aca6d00b43d3e0a2840f?s=96&d=mm&r=g","caption":"Schreibzentrum"},"sameAs":["http:\/\/www.phzh.ch\/schreibzentrum"],"url":"https:\/\/blog.phzh.ch\/schreibzentrum\/author\/schreibzentrum\/"}]}},"_links":{"self":[{"href":"https:\/\/blog.phzh.ch\/schreibzentrum\/wp-json\/wp\/v2\/posts\/6326","targetHints":{"allow":["GET"]}}],"collection":[{"href":"https:\/\/blog.phzh.ch\/schreibzentrum\/wp-json\/wp\/v2\/posts"}],"about":[{"href":"https:\/\/blog.phzh.ch\/schreibzentrum\/wp-json\/wp\/v2\/types\/post"}],"author":[{"embeddable":true,"href":"https:\/\/blog.phzh.ch\/schreibzentrum\/wp-json\/wp\/v2\/users\/411"}],"replies":[{"embeddable":true,"href":"https:\/\/blog.phzh.ch\/schreibzentrum\/wp-json\/wp\/v2\/comments?post=6326"}],"version-history":[{"count":2,"href":"https:\/\/blog.phzh.ch\/schreibzentrum\/wp-json\/wp\/v2\/posts\/6326\/revisions"}],"predecessor-version":[{"id":6329,"href":"https:\/\/blog.phzh.ch\/schreibzentrum\/wp-json\/wp\/v2\/posts\/6326\/revisions\/6329"}],"wp:attachment":[{"href":"https:\/\/blog.phzh.ch\/schreibzentrum\/wp-json\/wp\/v2\/media?parent=6326"}],"wp:term":[{"taxonomy":"category","embeddable":true,"href":"https:\/\/blog.phzh.ch\/schreibzentrum\/wp-json\/wp\/v2\/categories?post=6326"},{"taxonomy":"post_tag","embeddable":true,"href":"https:\/\/blog.phzh.ch\/schreibzentrum\/wp-json\/wp\/v2\/tags?post=6326"}],"curies":[{"name":"wp","href":"https:\/\/api.w.org\/{rel}","templated":true}]}}