{"id":6224,"date":"2021-06-02T08:00:00","date_gmt":"2021-06-02T06:00:00","guid":{"rendered":"https:\/\/blog.phzh.ch\/schreibzentrum\/?p=6224"},"modified":"2021-11-14T15:28:56","modified_gmt":"2021-11-14T14:28:56","slug":"pickel-sind-nicht-schoen","status":"publish","type":"post","link":"https:\/\/blog.phzh.ch\/schreibzentrum\/2021\/06\/pickel-sind-nicht-schoen\/","title":{"rendered":"Pickel sind nicht sch\u00f6n"},"content":{"rendered":"\n<p>Ich habe einen Pickel auf meiner Nas,<br>der ist so gross, das macht keinen Spass.<br>So kann ich mich nicht zeigen!<br>Ich br\u00fcll ihn an, doch wie unerh\u00f6rt \u2026 er tut nichts dergleichen.<br><br>Ich merk, so werd ich den nicht los.<br>\u00dcberleg mir einen Plan, schliesslich bin ich ja Philosoph.<br>Ich hab\u2019s! Ich gib diesem Kerl einfach ein anderes Gesicht!<br>\u00abDas ist Florian aus meinem Dorf. Bitte verzeiht ihm seine Macken,<br>&nbsp;&nbsp;&nbsp;&nbsp;&nbsp; er kommt aus der Unterschicht.\u00bb<br><br>So geht mein Leben aus dem Affekt weiter,<br>an meiner Seite mein Alter Ego und dieser ganze Eiter.<br>Ich habe mich langsam an dieses Ding gew\u00f6hnt,<br>find es heimlich toll, wie es meine Nase kr\u00f6nt.<br><br>Doch es wird zum furchtbaren Polyp, ich glaub, ich habe<br>&nbsp;&nbsp;&nbsp;&nbsp;&nbsp;&nbsp;&nbsp; zu viel dran rumgedr\u00fcckt,<br>Es hat sich entz\u00fcndet, es pocht und macht mich verr\u00fcckt.<br>Es ist mir \u00fcber den Kopf gewachsen, ich sehe gar nix.<br>Doch es bleibt Teil von mir, es steht direkt auf meinem Nasenspitz.<br><br>Zu viel Ekelhaftes gegessen, jetzt habe ich diesen Ausdruck<br>&nbsp;&nbsp;&nbsp;&nbsp;&nbsp;&nbsp;&nbsp; im Gesicht.<br>Fl\u00fcstere diesem faulen, feigen Eiter ins Ohr: \u00abErbrich dich, und<br>&nbsp;&nbsp;&nbsp;&nbsp;&nbsp;&nbsp;&nbsp; du erblickst das Licht!\u00bb<br>Und endlich erl\u00f6st mich die schamerf\u00fcllte Offenbarung:<br>Es gibt keinen Erguss, es bleibt nur die Erfahrung.<\/p>\n\n\n\n<figure class=\"wp-block-image size-large\"><img loading=\"lazy\" decoding=\"async\" width=\"724\" height=\"1024\" src=\"https:\/\/blog.phzh.ch\/schreibzentrum\/files\/2021\/06\/Pickelfresse-724x1024.jpg\" alt=\"\" class=\"wp-image-6293\" srcset=\"https:\/\/blog.phzh.ch\/schreibzentrum\/files\/2021\/06\/Pickelfresse-724x1024.jpg 724w, https:\/\/blog.phzh.ch\/schreibzentrum\/files\/2021\/06\/Pickelfresse-212x300.jpg 212w, https:\/\/blog.phzh.ch\/schreibzentrum\/files\/2021\/06\/Pickelfresse-106x150.jpg 106w, https:\/\/blog.phzh.ch\/schreibzentrum\/files\/2021\/06\/Pickelfresse-768x1087.jpg 768w, https:\/\/blog.phzh.ch\/schreibzentrum\/files\/2021\/06\/Pickelfresse-1086x1536.jpg 1086w, https:\/\/blog.phzh.ch\/schreibzentrum\/files\/2021\/06\/Pickelfresse-1448x2048.jpg 1448w, https:\/\/blog.phzh.ch\/schreibzentrum\/files\/2021\/06\/Pickelfresse-scaled.jpg 1809w\" sizes=\"auto, (max-width: 724px) 100vw, 724px\" \/><figcaption>\u00a9 David Sucari<\/figcaption><\/figure>\n\n\n\n<p style=\"font-size:1px\"><\/p>\n\n\n\n<p class=\"has-text-align-right\"><span style=\"text-align: left;font-size: 80%;color: #696969\">David Sucari studiert an der PH Z\u00fcrich und arbeitet als Tutor im Schreibzentrum. <\/span><\/p>\n","protected":false},"excerpt":{"rendered":"<p>Ich habe einen Pickel auf meiner Nas,der ist so gross, das macht keinen Spass.So kann ich mich nicht zeigen!Ich br\u00fcll ihn an, doch wie unerh\u00f6rt \u2026 er tut nichts dergleichen. Ich merk, so werd ich den nicht los.\u00dcberleg mir einen Plan, schliesslich bin ich ja Philosoph.Ich hab\u2019s! Ich gib diesem Kerl einfach ein anderes Gesicht!\u00abDas &hellip; <a href=\"https:\/\/blog.phzh.ch\/schreibzentrum\/2021\/06\/pickel-sind-nicht-schoen\/\" class=\"more-link\"><span class=\"screen-reader-text\">Pickel sind nicht sch\u00f6n<\/span> weiterlesen<\/a><\/p>\n","protected":false},"author":411,"featured_media":6242,"comment_status":"open","ping_status":"closed","sticky":false,"template":"","format":"standard","meta":{"footnotes":""},"categories":[66916,107913,107935,48035],"tags":[],"class_list":["post-6224","post","type-post","status-publish","format-standard","has-post-thumbnail","hentry","category-schreibzentrum-schreibt","category-seasons-for-all","category-serie","category-tutorinnen-schreiben"],"yoast_head":"<!-- This site is optimized with the Yoast SEO plugin v26.8 - https:\/\/yoast.com\/product\/yoast-seo-wordpress\/ -->\n<title>Pickel sind nicht sch\u00f6n - Das SchreibBLOGzentrum<\/title>\n<meta name=\"robots\" content=\"index, follow, max-snippet:-1, max-image-preview:large, max-video-preview:-1\" \/>\n<link rel=\"canonical\" href=\"https:\/\/blog.phzh.ch\/schreibzentrum\/2021\/06\/pickel-sind-nicht-schoen\/\" \/>\n<meta property=\"og:locale\" content=\"de_DE\" \/>\n<meta property=\"og:type\" content=\"article\" \/>\n<meta property=\"og:title\" content=\"Pickel sind nicht sch\u00f6n - Das SchreibBLOGzentrum\" \/>\n<meta property=\"og:description\" content=\"Ich habe einen Pickel auf meiner Nas,der ist so gross, das macht keinen Spass.So kann ich mich nicht zeigen!Ich br\u00fcll ihn an, doch wie unerh\u00f6rt \u2026 er tut nichts dergleichen. Ich merk, so werd ich den nicht los.\u00dcberleg mir einen Plan, schliesslich bin ich ja Philosoph.Ich hab\u2019s! Ich gib diesem Kerl einfach ein anderes Gesicht!\u00abDas &hellip; Pickel sind nicht sch\u00f6n weiterlesen\" \/>\n<meta property=\"og:url\" content=\"https:\/\/blog.phzh.ch\/schreibzentrum\/2021\/06\/pickel-sind-nicht-schoen\/\" \/>\n<meta property=\"og:site_name\" content=\"Das SchreibBLOGzentrum\" \/>\n<meta property=\"article:published_time\" content=\"2021-06-02T06:00:00+00:00\" \/>\n<meta property=\"article:modified_time\" content=\"2021-11-14T14:28:56+00:00\" \/>\n<meta property=\"og:image\" content=\"https:\/\/blog.phzh.ch\/schreibzentrum\/files\/2021\/06\/Seasons-for-All_S3E07.png\" \/>\n\t<meta property=\"og:image:width\" content=\"1024\" \/>\n\t<meta property=\"og:image:height\" content=\"194\" \/>\n\t<meta property=\"og:image:type\" content=\"image\/png\" \/>\n<meta name=\"author\" content=\"Schreibzentrum\" \/>\n<meta name=\"twitter:card\" content=\"summary_large_image\" \/>\n<meta name=\"twitter:label1\" content=\"Verfasst von\" \/>\n\t<meta name=\"twitter:data1\" content=\"Schreibzentrum\" \/>\n\t<meta name=\"twitter:label2\" content=\"Gesch\u00e4tzte Lesezeit\" \/>\n\t<meta name=\"twitter:data2\" content=\"1\u00a0Minute\" \/>\n<script type=\"application\/ld+json\" class=\"yoast-schema-graph\">{\"@context\":\"https:\/\/schema.org\",\"@graph\":[{\"@type\":\"Article\",\"@id\":\"https:\/\/blog.phzh.ch\/schreibzentrum\/2021\/06\/pickel-sind-nicht-schoen\/#article\",\"isPartOf\":{\"@id\":\"https:\/\/blog.phzh.ch\/schreibzentrum\/2021\/06\/pickel-sind-nicht-schoen\/\"},\"author\":{\"name\":\"Schreibzentrum\",\"@id\":\"https:\/\/blog.phzh.ch\/schreibzentrum\/#\/schema\/person\/95ec4c371e1883b477c94ada9a021e23\"},\"headline\":\"Pickel sind nicht sch\u00f6n\",\"datePublished\":\"2021-06-02T06:00:00+00:00\",\"dateModified\":\"2021-11-14T14:28:56+00:00\",\"mainEntityOfPage\":{\"@id\":\"https:\/\/blog.phzh.ch\/schreibzentrum\/2021\/06\/pickel-sind-nicht-schoen\/\"},\"wordCount\":256,\"commentCount\":0,\"image\":{\"@id\":\"https:\/\/blog.phzh.ch\/schreibzentrum\/2021\/06\/pickel-sind-nicht-schoen\/#primaryimage\"},\"thumbnailUrl\":\"https:\/\/blog.phzh.ch\/schreibzentrum\/files\/2021\/06\/Seasons-for-All_S3E07.png\",\"articleSection\":[\"Schreibzentrum schreibt\",\"Seasons for All\",\"Serie\",\"TutorInnen schreiben\"],\"inLanguage\":\"de\",\"potentialAction\":[{\"@type\":\"CommentAction\",\"name\":\"Comment\",\"target\":[\"https:\/\/blog.phzh.ch\/schreibzentrum\/2021\/06\/pickel-sind-nicht-schoen\/#respond\"]}]},{\"@type\":\"WebPage\",\"@id\":\"https:\/\/blog.phzh.ch\/schreibzentrum\/2021\/06\/pickel-sind-nicht-schoen\/\",\"url\":\"https:\/\/blog.phzh.ch\/schreibzentrum\/2021\/06\/pickel-sind-nicht-schoen\/\",\"name\":\"Pickel sind nicht sch\u00f6n - Das SchreibBLOGzentrum\",\"isPartOf\":{\"@id\":\"https:\/\/blog.phzh.ch\/schreibzentrum\/#website\"},\"primaryImageOfPage\":{\"@id\":\"https:\/\/blog.phzh.ch\/schreibzentrum\/2021\/06\/pickel-sind-nicht-schoen\/#primaryimage\"},\"image\":{\"@id\":\"https:\/\/blog.phzh.ch\/schreibzentrum\/2021\/06\/pickel-sind-nicht-schoen\/#primaryimage\"},\"thumbnailUrl\":\"https:\/\/blog.phzh.ch\/schreibzentrum\/files\/2021\/06\/Seasons-for-All_S3E07.png\",\"datePublished\":\"2021-06-02T06:00:00+00:00\",\"dateModified\":\"2021-11-14T14:28:56+00:00\",\"author\":{\"@id\":\"https:\/\/blog.phzh.ch\/schreibzentrum\/#\/schema\/person\/95ec4c371e1883b477c94ada9a021e23\"},\"breadcrumb\":{\"@id\":\"https:\/\/blog.phzh.ch\/schreibzentrum\/2021\/06\/pickel-sind-nicht-schoen\/#breadcrumb\"},\"inLanguage\":\"de\",\"potentialAction\":[{\"@type\":\"ReadAction\",\"target\":[\"https:\/\/blog.phzh.ch\/schreibzentrum\/2021\/06\/pickel-sind-nicht-schoen\/\"]}]},{\"@type\":\"ImageObject\",\"inLanguage\":\"de\",\"@id\":\"https:\/\/blog.phzh.ch\/schreibzentrum\/2021\/06\/pickel-sind-nicht-schoen\/#primaryimage\",\"url\":\"https:\/\/blog.phzh.ch\/schreibzentrum\/files\/2021\/06\/Seasons-for-All_S3E07.png\",\"contentUrl\":\"https:\/\/blog.phzh.ch\/schreibzentrum\/files\/2021\/06\/Seasons-for-All_S3E07.png\",\"width\":1024,\"height\":194},{\"@type\":\"BreadcrumbList\",\"@id\":\"https:\/\/blog.phzh.ch\/schreibzentrum\/2021\/06\/pickel-sind-nicht-schoen\/#breadcrumb\",\"itemListElement\":[{\"@type\":\"ListItem\",\"position\":1,\"name\":\"Start\",\"item\":\"https:\/\/blog.phzh.ch\/schreibzentrum\/\"},{\"@type\":\"ListItem\",\"position\":2,\"name\":\"Pickel sind nicht sch\u00f6n\"}]},{\"@type\":\"WebSite\",\"@id\":\"https:\/\/blog.phzh.ch\/schreibzentrum\/#website\",\"url\":\"https:\/\/blog.phzh.ch\/schreibzentrum\/\",\"name\":\"Das SchreibBLOGzentrum\",\"description\":\"Texte und Events\",\"potentialAction\":[{\"@type\":\"SearchAction\",\"target\":{\"@type\":\"EntryPoint\",\"urlTemplate\":\"https:\/\/blog.phzh.ch\/schreibzentrum\/?s={search_term_string}\"},\"query-input\":{\"@type\":\"PropertyValueSpecification\",\"valueRequired\":true,\"valueName\":\"search_term_string\"}}],\"inLanguage\":\"de\"},{\"@type\":\"Person\",\"@id\":\"https:\/\/blog.phzh.ch\/schreibzentrum\/#\/schema\/person\/95ec4c371e1883b477c94ada9a021e23\",\"name\":\"Schreibzentrum\",\"image\":{\"@type\":\"ImageObject\",\"inLanguage\":\"de\",\"@id\":\"https:\/\/blog.phzh.ch\/schreibzentrum\/#\/schema\/person\/image\/\",\"url\":\"https:\/\/secure.gravatar.com\/avatar\/0c32268ba336aca6d00b43d3e0a2840f?s=96&d=mm&r=g\",\"contentUrl\":\"https:\/\/secure.gravatar.com\/avatar\/0c32268ba336aca6d00b43d3e0a2840f?s=96&d=mm&r=g\",\"caption\":\"Schreibzentrum\"},\"sameAs\":[\"http:\/\/www.phzh.ch\/schreibzentrum\"],\"url\":\"https:\/\/blog.phzh.ch\/schreibzentrum\/author\/schreibzentrum\/\"}]}<\/script>\n<!-- \/ Yoast SEO plugin. -->","yoast_head_json":{"title":"Pickel sind nicht sch\u00f6n - Das SchreibBLOGzentrum","robots":{"index":"index","follow":"follow","max-snippet":"max-snippet:-1","max-image-preview":"max-image-preview:large","max-video-preview":"max-video-preview:-1"},"canonical":"https:\/\/blog.phzh.ch\/schreibzentrum\/2021\/06\/pickel-sind-nicht-schoen\/","og_locale":"de_DE","og_type":"article","og_title":"Pickel sind nicht sch\u00f6n - Das SchreibBLOGzentrum","og_description":"Ich habe einen Pickel auf meiner Nas,der ist so gross, das macht keinen Spass.So kann ich mich nicht zeigen!Ich br\u00fcll ihn an, doch wie unerh\u00f6rt \u2026 er tut nichts dergleichen. Ich merk, so werd ich den nicht los.\u00dcberleg mir einen Plan, schliesslich bin ich ja Philosoph.Ich hab\u2019s! Ich gib diesem Kerl einfach ein anderes Gesicht!\u00abDas &hellip; Pickel sind nicht sch\u00f6n weiterlesen","og_url":"https:\/\/blog.phzh.ch\/schreibzentrum\/2021\/06\/pickel-sind-nicht-schoen\/","og_site_name":"Das SchreibBLOGzentrum","article_published_time":"2021-06-02T06:00:00+00:00","article_modified_time":"2021-11-14T14:28:56+00:00","og_image":[{"width":1024,"height":194,"url":"https:\/\/blog.phzh.ch\/schreibzentrum\/files\/2021\/06\/Seasons-for-All_S3E07.png","type":"image\/png"}],"author":"Schreibzentrum","twitter_card":"summary_large_image","twitter_misc":{"Verfasst von":"Schreibzentrum","Gesch\u00e4tzte Lesezeit":"1\u00a0Minute"},"schema":{"@context":"https:\/\/schema.org","@graph":[{"@type":"Article","@id":"https:\/\/blog.phzh.ch\/schreibzentrum\/2021\/06\/pickel-sind-nicht-schoen\/#article","isPartOf":{"@id":"https:\/\/blog.phzh.ch\/schreibzentrum\/2021\/06\/pickel-sind-nicht-schoen\/"},"author":{"name":"Schreibzentrum","@id":"https:\/\/blog.phzh.ch\/schreibzentrum\/#\/schema\/person\/95ec4c371e1883b477c94ada9a021e23"},"headline":"Pickel sind nicht sch\u00f6n","datePublished":"2021-06-02T06:00:00+00:00","dateModified":"2021-11-14T14:28:56+00:00","mainEntityOfPage":{"@id":"https:\/\/blog.phzh.ch\/schreibzentrum\/2021\/06\/pickel-sind-nicht-schoen\/"},"wordCount":256,"commentCount":0,"image":{"@id":"https:\/\/blog.phzh.ch\/schreibzentrum\/2021\/06\/pickel-sind-nicht-schoen\/#primaryimage"},"thumbnailUrl":"https:\/\/blog.phzh.ch\/schreibzentrum\/files\/2021\/06\/Seasons-for-All_S3E07.png","articleSection":["Schreibzentrum schreibt","Seasons for All","Serie","TutorInnen schreiben"],"inLanguage":"de","potentialAction":[{"@type":"CommentAction","name":"Comment","target":["https:\/\/blog.phzh.ch\/schreibzentrum\/2021\/06\/pickel-sind-nicht-schoen\/#respond"]}]},{"@type":"WebPage","@id":"https:\/\/blog.phzh.ch\/schreibzentrum\/2021\/06\/pickel-sind-nicht-schoen\/","url":"https:\/\/blog.phzh.ch\/schreibzentrum\/2021\/06\/pickel-sind-nicht-schoen\/","name":"Pickel sind nicht sch\u00f6n - Das SchreibBLOGzentrum","isPartOf":{"@id":"https:\/\/blog.phzh.ch\/schreibzentrum\/#website"},"primaryImageOfPage":{"@id":"https:\/\/blog.phzh.ch\/schreibzentrum\/2021\/06\/pickel-sind-nicht-schoen\/#primaryimage"},"image":{"@id":"https:\/\/blog.phzh.ch\/schreibzentrum\/2021\/06\/pickel-sind-nicht-schoen\/#primaryimage"},"thumbnailUrl":"https:\/\/blog.phzh.ch\/schreibzentrum\/files\/2021\/06\/Seasons-for-All_S3E07.png","datePublished":"2021-06-02T06:00:00+00:00","dateModified":"2021-11-14T14:28:56+00:00","author":{"@id":"https:\/\/blog.phzh.ch\/schreibzentrum\/#\/schema\/person\/95ec4c371e1883b477c94ada9a021e23"},"breadcrumb":{"@id":"https:\/\/blog.phzh.ch\/schreibzentrum\/2021\/06\/pickel-sind-nicht-schoen\/#breadcrumb"},"inLanguage":"de","potentialAction":[{"@type":"ReadAction","target":["https:\/\/blog.phzh.ch\/schreibzentrum\/2021\/06\/pickel-sind-nicht-schoen\/"]}]},{"@type":"ImageObject","inLanguage":"de","@id":"https:\/\/blog.phzh.ch\/schreibzentrum\/2021\/06\/pickel-sind-nicht-schoen\/#primaryimage","url":"https:\/\/blog.phzh.ch\/schreibzentrum\/files\/2021\/06\/Seasons-for-All_S3E07.png","contentUrl":"https:\/\/blog.phzh.ch\/schreibzentrum\/files\/2021\/06\/Seasons-for-All_S3E07.png","width":1024,"height":194},{"@type":"BreadcrumbList","@id":"https:\/\/blog.phzh.ch\/schreibzentrum\/2021\/06\/pickel-sind-nicht-schoen\/#breadcrumb","itemListElement":[{"@type":"ListItem","position":1,"name":"Start","item":"https:\/\/blog.phzh.ch\/schreibzentrum\/"},{"@type":"ListItem","position":2,"name":"Pickel sind nicht sch\u00f6n"}]},{"@type":"WebSite","@id":"https:\/\/blog.phzh.ch\/schreibzentrum\/#website","url":"https:\/\/blog.phzh.ch\/schreibzentrum\/","name":"Das SchreibBLOGzentrum","description":"Texte und Events","potentialAction":[{"@type":"SearchAction","target":{"@type":"EntryPoint","urlTemplate":"https:\/\/blog.phzh.ch\/schreibzentrum\/?s={search_term_string}"},"query-input":{"@type":"PropertyValueSpecification","valueRequired":true,"valueName":"search_term_string"}}],"inLanguage":"de"},{"@type":"Person","@id":"https:\/\/blog.phzh.ch\/schreibzentrum\/#\/schema\/person\/95ec4c371e1883b477c94ada9a021e23","name":"Schreibzentrum","image":{"@type":"ImageObject","inLanguage":"de","@id":"https:\/\/blog.phzh.ch\/schreibzentrum\/#\/schema\/person\/image\/","url":"https:\/\/secure.gravatar.com\/avatar\/0c32268ba336aca6d00b43d3e0a2840f?s=96&d=mm&r=g","contentUrl":"https:\/\/secure.gravatar.com\/avatar\/0c32268ba336aca6d00b43d3e0a2840f?s=96&d=mm&r=g","caption":"Schreibzentrum"},"sameAs":["http:\/\/www.phzh.ch\/schreibzentrum"],"url":"https:\/\/blog.phzh.ch\/schreibzentrum\/author\/schreibzentrum\/"}]}},"_links":{"self":[{"href":"https:\/\/blog.phzh.ch\/schreibzentrum\/wp-json\/wp\/v2\/posts\/6224","targetHints":{"allow":["GET"]}}],"collection":[{"href":"https:\/\/blog.phzh.ch\/schreibzentrum\/wp-json\/wp\/v2\/posts"}],"about":[{"href":"https:\/\/blog.phzh.ch\/schreibzentrum\/wp-json\/wp\/v2\/types\/post"}],"author":[{"embeddable":true,"href":"https:\/\/blog.phzh.ch\/schreibzentrum\/wp-json\/wp\/v2\/users\/411"}],"replies":[{"embeddable":true,"href":"https:\/\/blog.phzh.ch\/schreibzentrum\/wp-json\/wp\/v2\/comments?post=6224"}],"version-history":[{"count":8,"href":"https:\/\/blog.phzh.ch\/schreibzentrum\/wp-json\/wp\/v2\/posts\/6224\/revisions"}],"predecessor-version":[{"id":6299,"href":"https:\/\/blog.phzh.ch\/schreibzentrum\/wp-json\/wp\/v2\/posts\/6224\/revisions\/6299"}],"wp:featuredmedia":[{"embeddable":true,"href":"https:\/\/blog.phzh.ch\/schreibzentrum\/wp-json\/wp\/v2\/media\/6242"}],"wp:attachment":[{"href":"https:\/\/blog.phzh.ch\/schreibzentrum\/wp-json\/wp\/v2\/media?parent=6224"}],"wp:term":[{"taxonomy":"category","embeddable":true,"href":"https:\/\/blog.phzh.ch\/schreibzentrum\/wp-json\/wp\/v2\/categories?post=6224"},{"taxonomy":"post_tag","embeddable":true,"href":"https:\/\/blog.phzh.ch\/schreibzentrum\/wp-json\/wp\/v2\/tags?post=6224"}],"curies":[{"name":"wp","href":"https:\/\/api.w.org\/{rel}","templated":true}]}}