{"id":5941,"date":"2020-12-23T08:00:00","date_gmt":"2020-12-23T07:00:00","guid":{"rendered":"https:\/\/blog.phzh.ch\/schreibzentrum\/?p=5941"},"modified":"2021-01-09T08:15:35","modified_gmt":"2021-01-09T07:15:35","slug":"wer-hat-das-zeug-zum-schreibgenie","status":"publish","type":"post","link":"https:\/\/blog.phzh.ch\/schreibzentrum\/2020\/12\/wer-hat-das-zeug-zum-schreibgenie\/","title":{"rendered":"Wer hat das Zeug zum Schreibgenie?"},"content":{"rendered":"\n<div class=\"wp-block-image\"><figure class=\"alignright size-large\"><img decoding=\"async\" src=\"https:\/\/blog.phzh.ch\/akzente\/files\/2020\/11\/Akzente_4_2020.jpg\" alt=\"\" \/><\/figure><\/div>\n\n\n\n<p>In der \u00abSeitenblick\u00bb-Kolumne von&nbsp;<em>Akzente<\/em>&nbsp;(Heft 4\/2020, S. 9) fragt sich Schreibberater und Zentrumsleiter Alex Rickert diesmal, was es mit den Schreibgenies eigentlich auf sich hat. Liegt das Talent schon in den Genen, braucht es f\u00fcr Schreibkompetenz einen hohen IQ oder muss man sich einfach mehr M\u00fche geben und viel \u00fcben, um Herausragendes zu leisten? <\/p>\n\n\n\n<figure class=\"wp-block-embed-wordpress wp-block-embed is-type-wp-embed is-provider-akzente\"><div class=\"wp-block-embed__wrapper\">\n<blockquote class=\"wp-embedded-content\" data-secret=\"wsHAyX1MNM\"><a href=\"https:\/\/blog.phzh.ch\/akzente\/2020\/11\/25\/das-schreibgenie-verbirgt-sich-nicht-in-den-genen\/\">Das Schreibgenie verbirgt sich nicht in den Genen<\/a><\/blockquote><iframe loading=\"lazy\" class=\"wp-embedded-content\" sandbox=\"allow-scripts\" security=\"restricted\" style=\"position: absolute; clip: rect(1px, 1px, 1px, 1px);\" title=\"&#8222;Das Schreibgenie verbirgt sich nicht in den Genen&#8220; &#8212; Akzente\" src=\"https:\/\/blog.phzh.ch\/akzente\/2020\/11\/25\/das-schreibgenie-verbirgt-sich-nicht-in-den-genen\/embed\/#?secret=Qv3jQp7mTT#?secret=wsHAyX1MNM\" data-secret=\"wsHAyX1MNM\" width=\"600\" height=\"338\" frameborder=\"0\" marginwidth=\"0\" marginheight=\"0\" scrolling=\"no\"><\/iframe>\n<\/div><\/figure>\n","protected":false},"excerpt":{"rendered":"<p>In der \u00abSeitenblick\u00bb-Kolumne von&nbsp;Akzente&nbsp;(Heft 4\/2020, S. 9) fragt sich Schreibberater und Zentrumsleiter Alex Rickert diesmal, was es mit den Schreibgenies eigentlich auf sich hat. Liegt das Talent schon in den Genen, braucht es f\u00fcr Schreibkompetenz einen hohen IQ oder muss man sich einfach mehr M\u00fche geben und viel \u00fcben, um Herausragendes zu leisten?<\/p>\n","protected":false},"author":411,"featured_media":0,"comment_status":"open","ping_status":"closed","sticky":false,"template":"","format":"standard","meta":{"footnotes":""},"categories":[44911,66916],"tags":[],"class_list":["post-5941","post","type-post","status-publish","format-standard","hentry","category-kolumne","category-schreibzentrum-schreibt"],"yoast_head":"<!-- This site is optimized with the Yoast SEO plugin v26.8 - https:\/\/yoast.com\/product\/yoast-seo-wordpress\/ -->\n<title>Wer hat das Zeug zum Schreibgenie? - Das SchreibBLOGzentrum<\/title>\n<meta name=\"robots\" content=\"index, follow, max-snippet:-1, max-image-preview:large, max-video-preview:-1\" \/>\n<link rel=\"canonical\" href=\"https:\/\/blog.phzh.ch\/schreibzentrum\/2020\/12\/wer-hat-das-zeug-zum-schreibgenie\/\" \/>\n<meta property=\"og:locale\" content=\"de_DE\" \/>\n<meta property=\"og:type\" content=\"article\" \/>\n<meta property=\"og:title\" content=\"Wer hat das Zeug zum Schreibgenie? - Das SchreibBLOGzentrum\" \/>\n<meta property=\"og:description\" content=\"In der \u00abSeitenblick\u00bb-Kolumne von&nbsp;Akzente&nbsp;(Heft 4\/2020, S. 9) fragt sich Schreibberater und Zentrumsleiter Alex Rickert diesmal, was es mit den Schreibgenies eigentlich auf sich hat. Liegt das Talent schon in den Genen, braucht es f\u00fcr Schreibkompetenz einen hohen IQ oder muss man sich einfach mehr M\u00fche geben und viel \u00fcben, um Herausragendes zu leisten?\" \/>\n<meta property=\"og:url\" content=\"https:\/\/blog.phzh.ch\/schreibzentrum\/2020\/12\/wer-hat-das-zeug-zum-schreibgenie\/\" \/>\n<meta property=\"og:site_name\" content=\"Das SchreibBLOGzentrum\" \/>\n<meta property=\"article:published_time\" content=\"2020-12-23T07:00:00+00:00\" \/>\n<meta property=\"article:modified_time\" content=\"2021-01-09T07:15:35+00:00\" \/>\n<meta property=\"og:image\" content=\"https:\/\/blog.phzh.ch\/akzente\/files\/2020\/11\/Akzente_4_2020.jpg\" \/>\n<meta name=\"author\" content=\"Schreibzentrum\" \/>\n<meta name=\"twitter:card\" content=\"summary_large_image\" \/>\n<meta name=\"twitter:label1\" content=\"Verfasst von\" \/>\n\t<meta name=\"twitter:data1\" content=\"Schreibzentrum\" \/>\n<script type=\"application\/ld+json\" class=\"yoast-schema-graph\">{\"@context\":\"https:\/\/schema.org\",\"@graph\":[{\"@type\":\"Article\",\"@id\":\"https:\/\/blog.phzh.ch\/schreibzentrum\/2020\/12\/wer-hat-das-zeug-zum-schreibgenie\/#article\",\"isPartOf\":{\"@id\":\"https:\/\/blog.phzh.ch\/schreibzentrum\/2020\/12\/wer-hat-das-zeug-zum-schreibgenie\/\"},\"author\":{\"name\":\"Schreibzentrum\",\"@id\":\"https:\/\/blog.phzh.ch\/schreibzentrum\/#\/schema\/person\/95ec4c371e1883b477c94ada9a021e23\"},\"headline\":\"Wer hat das Zeug zum Schreibgenie?\",\"datePublished\":\"2020-12-23T07:00:00+00:00\",\"dateModified\":\"2021-01-09T07:15:35+00:00\",\"mainEntityOfPage\":{\"@id\":\"https:\/\/blog.phzh.ch\/schreibzentrum\/2020\/12\/wer-hat-das-zeug-zum-schreibgenie\/\"},\"wordCount\":70,\"commentCount\":0,\"image\":{\"@id\":\"https:\/\/blog.phzh.ch\/schreibzentrum\/2020\/12\/wer-hat-das-zeug-zum-schreibgenie\/#primaryimage\"},\"thumbnailUrl\":\"https:\/\/blog.phzh.ch\/akzente\/files\/2020\/11\/Akzente_4_2020.jpg\",\"articleSection\":[\"Kolumne\",\"Schreibzentrum schreibt\"],\"inLanguage\":\"de\",\"potentialAction\":[{\"@type\":\"CommentAction\",\"name\":\"Comment\",\"target\":[\"https:\/\/blog.phzh.ch\/schreibzentrum\/2020\/12\/wer-hat-das-zeug-zum-schreibgenie\/#respond\"]}]},{\"@type\":\"WebPage\",\"@id\":\"https:\/\/blog.phzh.ch\/schreibzentrum\/2020\/12\/wer-hat-das-zeug-zum-schreibgenie\/\",\"url\":\"https:\/\/blog.phzh.ch\/schreibzentrum\/2020\/12\/wer-hat-das-zeug-zum-schreibgenie\/\",\"name\":\"Wer hat das Zeug zum Schreibgenie? - Das SchreibBLOGzentrum\",\"isPartOf\":{\"@id\":\"https:\/\/blog.phzh.ch\/schreibzentrum\/#website\"},\"primaryImageOfPage\":{\"@id\":\"https:\/\/blog.phzh.ch\/schreibzentrum\/2020\/12\/wer-hat-das-zeug-zum-schreibgenie\/#primaryimage\"},\"image\":{\"@id\":\"https:\/\/blog.phzh.ch\/schreibzentrum\/2020\/12\/wer-hat-das-zeug-zum-schreibgenie\/#primaryimage\"},\"thumbnailUrl\":\"https:\/\/blog.phzh.ch\/akzente\/files\/2020\/11\/Akzente_4_2020.jpg\",\"datePublished\":\"2020-12-23T07:00:00+00:00\",\"dateModified\":\"2021-01-09T07:15:35+00:00\",\"author\":{\"@id\":\"https:\/\/blog.phzh.ch\/schreibzentrum\/#\/schema\/person\/95ec4c371e1883b477c94ada9a021e23\"},\"breadcrumb\":{\"@id\":\"https:\/\/blog.phzh.ch\/schreibzentrum\/2020\/12\/wer-hat-das-zeug-zum-schreibgenie\/#breadcrumb\"},\"inLanguage\":\"de\",\"potentialAction\":[{\"@type\":\"ReadAction\",\"target\":[\"https:\/\/blog.phzh.ch\/schreibzentrum\/2020\/12\/wer-hat-das-zeug-zum-schreibgenie\/\"]}]},{\"@type\":\"ImageObject\",\"inLanguage\":\"de\",\"@id\":\"https:\/\/blog.phzh.ch\/schreibzentrum\/2020\/12\/wer-hat-das-zeug-zum-schreibgenie\/#primaryimage\",\"url\":\"https:\/\/blog.phzh.ch\/akzente\/files\/2020\/11\/Akzente_4_2020.jpg\",\"contentUrl\":\"https:\/\/blog.phzh.ch\/akzente\/files\/2020\/11\/Akzente_4_2020.jpg\"},{\"@type\":\"BreadcrumbList\",\"@id\":\"https:\/\/blog.phzh.ch\/schreibzentrum\/2020\/12\/wer-hat-das-zeug-zum-schreibgenie\/#breadcrumb\",\"itemListElement\":[{\"@type\":\"ListItem\",\"position\":1,\"name\":\"Start\",\"item\":\"https:\/\/blog.phzh.ch\/schreibzentrum\/\"},{\"@type\":\"ListItem\",\"position\":2,\"name\":\"Wer hat das Zeug zum Schreibgenie?\"}]},{\"@type\":\"WebSite\",\"@id\":\"https:\/\/blog.phzh.ch\/schreibzentrum\/#website\",\"url\":\"https:\/\/blog.phzh.ch\/schreibzentrum\/\",\"name\":\"Das SchreibBLOGzentrum\",\"description\":\"Texte und Events\",\"potentialAction\":[{\"@type\":\"SearchAction\",\"target\":{\"@type\":\"EntryPoint\",\"urlTemplate\":\"https:\/\/blog.phzh.ch\/schreibzentrum\/?s={search_term_string}\"},\"query-input\":{\"@type\":\"PropertyValueSpecification\",\"valueRequired\":true,\"valueName\":\"search_term_string\"}}],\"inLanguage\":\"de\"},{\"@type\":\"Person\",\"@id\":\"https:\/\/blog.phzh.ch\/schreibzentrum\/#\/schema\/person\/95ec4c371e1883b477c94ada9a021e23\",\"name\":\"Schreibzentrum\",\"image\":{\"@type\":\"ImageObject\",\"inLanguage\":\"de\",\"@id\":\"https:\/\/blog.phzh.ch\/schreibzentrum\/#\/schema\/person\/image\/\",\"url\":\"https:\/\/secure.gravatar.com\/avatar\/0c32268ba336aca6d00b43d3e0a2840f?s=96&d=mm&r=g\",\"contentUrl\":\"https:\/\/secure.gravatar.com\/avatar\/0c32268ba336aca6d00b43d3e0a2840f?s=96&d=mm&r=g\",\"caption\":\"Schreibzentrum\"},\"sameAs\":[\"http:\/\/www.phzh.ch\/schreibzentrum\"],\"url\":\"https:\/\/blog.phzh.ch\/schreibzentrum\/author\/schreibzentrum\/\"}]}<\/script>\n<!-- \/ Yoast SEO plugin. -->","yoast_head_json":{"title":"Wer hat das Zeug zum Schreibgenie? - Das SchreibBLOGzentrum","robots":{"index":"index","follow":"follow","max-snippet":"max-snippet:-1","max-image-preview":"max-image-preview:large","max-video-preview":"max-video-preview:-1"},"canonical":"https:\/\/blog.phzh.ch\/schreibzentrum\/2020\/12\/wer-hat-das-zeug-zum-schreibgenie\/","og_locale":"de_DE","og_type":"article","og_title":"Wer hat das Zeug zum Schreibgenie? - Das SchreibBLOGzentrum","og_description":"In der \u00abSeitenblick\u00bb-Kolumne von&nbsp;Akzente&nbsp;(Heft 4\/2020, S. 9) fragt sich Schreibberater und Zentrumsleiter Alex Rickert diesmal, was es mit den Schreibgenies eigentlich auf sich hat. Liegt das Talent schon in den Genen, braucht es f\u00fcr Schreibkompetenz einen hohen IQ oder muss man sich einfach mehr M\u00fche geben und viel \u00fcben, um Herausragendes zu leisten?","og_url":"https:\/\/blog.phzh.ch\/schreibzentrum\/2020\/12\/wer-hat-das-zeug-zum-schreibgenie\/","og_site_name":"Das SchreibBLOGzentrum","article_published_time":"2020-12-23T07:00:00+00:00","article_modified_time":"2021-01-09T07:15:35+00:00","og_image":[{"url":"https:\/\/blog.phzh.ch\/akzente\/files\/2020\/11\/Akzente_4_2020.jpg","type":"","width":"","height":""}],"author":"Schreibzentrum","twitter_card":"summary_large_image","twitter_misc":{"Verfasst von":"Schreibzentrum"},"schema":{"@context":"https:\/\/schema.org","@graph":[{"@type":"Article","@id":"https:\/\/blog.phzh.ch\/schreibzentrum\/2020\/12\/wer-hat-das-zeug-zum-schreibgenie\/#article","isPartOf":{"@id":"https:\/\/blog.phzh.ch\/schreibzentrum\/2020\/12\/wer-hat-das-zeug-zum-schreibgenie\/"},"author":{"name":"Schreibzentrum","@id":"https:\/\/blog.phzh.ch\/schreibzentrum\/#\/schema\/person\/95ec4c371e1883b477c94ada9a021e23"},"headline":"Wer hat das Zeug zum Schreibgenie?","datePublished":"2020-12-23T07:00:00+00:00","dateModified":"2021-01-09T07:15:35+00:00","mainEntityOfPage":{"@id":"https:\/\/blog.phzh.ch\/schreibzentrum\/2020\/12\/wer-hat-das-zeug-zum-schreibgenie\/"},"wordCount":70,"commentCount":0,"image":{"@id":"https:\/\/blog.phzh.ch\/schreibzentrum\/2020\/12\/wer-hat-das-zeug-zum-schreibgenie\/#primaryimage"},"thumbnailUrl":"https:\/\/blog.phzh.ch\/akzente\/files\/2020\/11\/Akzente_4_2020.jpg","articleSection":["Kolumne","Schreibzentrum schreibt"],"inLanguage":"de","potentialAction":[{"@type":"CommentAction","name":"Comment","target":["https:\/\/blog.phzh.ch\/schreibzentrum\/2020\/12\/wer-hat-das-zeug-zum-schreibgenie\/#respond"]}]},{"@type":"WebPage","@id":"https:\/\/blog.phzh.ch\/schreibzentrum\/2020\/12\/wer-hat-das-zeug-zum-schreibgenie\/","url":"https:\/\/blog.phzh.ch\/schreibzentrum\/2020\/12\/wer-hat-das-zeug-zum-schreibgenie\/","name":"Wer hat das Zeug zum Schreibgenie? - Das SchreibBLOGzentrum","isPartOf":{"@id":"https:\/\/blog.phzh.ch\/schreibzentrum\/#website"},"primaryImageOfPage":{"@id":"https:\/\/blog.phzh.ch\/schreibzentrum\/2020\/12\/wer-hat-das-zeug-zum-schreibgenie\/#primaryimage"},"image":{"@id":"https:\/\/blog.phzh.ch\/schreibzentrum\/2020\/12\/wer-hat-das-zeug-zum-schreibgenie\/#primaryimage"},"thumbnailUrl":"https:\/\/blog.phzh.ch\/akzente\/files\/2020\/11\/Akzente_4_2020.jpg","datePublished":"2020-12-23T07:00:00+00:00","dateModified":"2021-01-09T07:15:35+00:00","author":{"@id":"https:\/\/blog.phzh.ch\/schreibzentrum\/#\/schema\/person\/95ec4c371e1883b477c94ada9a021e23"},"breadcrumb":{"@id":"https:\/\/blog.phzh.ch\/schreibzentrum\/2020\/12\/wer-hat-das-zeug-zum-schreibgenie\/#breadcrumb"},"inLanguage":"de","potentialAction":[{"@type":"ReadAction","target":["https:\/\/blog.phzh.ch\/schreibzentrum\/2020\/12\/wer-hat-das-zeug-zum-schreibgenie\/"]}]},{"@type":"ImageObject","inLanguage":"de","@id":"https:\/\/blog.phzh.ch\/schreibzentrum\/2020\/12\/wer-hat-das-zeug-zum-schreibgenie\/#primaryimage","url":"https:\/\/blog.phzh.ch\/akzente\/files\/2020\/11\/Akzente_4_2020.jpg","contentUrl":"https:\/\/blog.phzh.ch\/akzente\/files\/2020\/11\/Akzente_4_2020.jpg"},{"@type":"BreadcrumbList","@id":"https:\/\/blog.phzh.ch\/schreibzentrum\/2020\/12\/wer-hat-das-zeug-zum-schreibgenie\/#breadcrumb","itemListElement":[{"@type":"ListItem","position":1,"name":"Start","item":"https:\/\/blog.phzh.ch\/schreibzentrum\/"},{"@type":"ListItem","position":2,"name":"Wer hat das Zeug zum Schreibgenie?"}]},{"@type":"WebSite","@id":"https:\/\/blog.phzh.ch\/schreibzentrum\/#website","url":"https:\/\/blog.phzh.ch\/schreibzentrum\/","name":"Das SchreibBLOGzentrum","description":"Texte und Events","potentialAction":[{"@type":"SearchAction","target":{"@type":"EntryPoint","urlTemplate":"https:\/\/blog.phzh.ch\/schreibzentrum\/?s={search_term_string}"},"query-input":{"@type":"PropertyValueSpecification","valueRequired":true,"valueName":"search_term_string"}}],"inLanguage":"de"},{"@type":"Person","@id":"https:\/\/blog.phzh.ch\/schreibzentrum\/#\/schema\/person\/95ec4c371e1883b477c94ada9a021e23","name":"Schreibzentrum","image":{"@type":"ImageObject","inLanguage":"de","@id":"https:\/\/blog.phzh.ch\/schreibzentrum\/#\/schema\/person\/image\/","url":"https:\/\/secure.gravatar.com\/avatar\/0c32268ba336aca6d00b43d3e0a2840f?s=96&d=mm&r=g","contentUrl":"https:\/\/secure.gravatar.com\/avatar\/0c32268ba336aca6d00b43d3e0a2840f?s=96&d=mm&r=g","caption":"Schreibzentrum"},"sameAs":["http:\/\/www.phzh.ch\/schreibzentrum"],"url":"https:\/\/blog.phzh.ch\/schreibzentrum\/author\/schreibzentrum\/"}]}},"_links":{"self":[{"href":"https:\/\/blog.phzh.ch\/schreibzentrum\/wp-json\/wp\/v2\/posts\/5941","targetHints":{"allow":["GET"]}}],"collection":[{"href":"https:\/\/blog.phzh.ch\/schreibzentrum\/wp-json\/wp\/v2\/posts"}],"about":[{"href":"https:\/\/blog.phzh.ch\/schreibzentrum\/wp-json\/wp\/v2\/types\/post"}],"author":[{"embeddable":true,"href":"https:\/\/blog.phzh.ch\/schreibzentrum\/wp-json\/wp\/v2\/users\/411"}],"replies":[{"embeddable":true,"href":"https:\/\/blog.phzh.ch\/schreibzentrum\/wp-json\/wp\/v2\/comments?post=5941"}],"version-history":[{"count":2,"href":"https:\/\/blog.phzh.ch\/schreibzentrum\/wp-json\/wp\/v2\/posts\/5941\/revisions"}],"predecessor-version":[{"id":6018,"href":"https:\/\/blog.phzh.ch\/schreibzentrum\/wp-json\/wp\/v2\/posts\/5941\/revisions\/6018"}],"wp:attachment":[{"href":"https:\/\/blog.phzh.ch\/schreibzentrum\/wp-json\/wp\/v2\/media?parent=5941"}],"wp:term":[{"taxonomy":"category","embeddable":true,"href":"https:\/\/blog.phzh.ch\/schreibzentrum\/wp-json\/wp\/v2\/categories?post=5941"},{"taxonomy":"post_tag","embeddable":true,"href":"https:\/\/blog.phzh.ch\/schreibzentrum\/wp-json\/wp\/v2\/tags?post=5941"}],"curies":[{"name":"wp","href":"https:\/\/api.w.org\/{rel}","templated":true}]}}