{"id":4874,"date":"2019-05-29T08:00:33","date_gmt":"2019-05-29T07:00:33","guid":{"rendered":"https:\/\/blog.phzh.ch\/schreibzentrum\/?p=4874"},"modified":"2020-05-11T11:07:42","modified_gmt":"2020-05-11T09:07:42","slug":"wortlaut","status":"publish","type":"post","link":"https:\/\/blog.phzh.ch\/schreibzentrum\/2019\/05\/wortlaut\/","title":{"rendered":"Herr Ibis in St. Gallen \u2013 ein Nachtrag zum Literaturfestival"},"content":{"rendered":"\n<figure class=\"wp-block-image\"><img loading=\"lazy\" decoding=\"async\" width=\"531\" height=\"763\" src=\"https:\/\/blog.phzh.ch\/schreibzentrum\/files\/2019\/05\/DAM-Kleinkunst.jpg\" alt=\"\" class=\"wp-image-4875\" srcset=\"https:\/\/blog.phzh.ch\/schreibzentrum\/files\/2019\/05\/DAM-Kleinkunst.jpg 531w, https:\/\/blog.phzh.ch\/schreibzentrum\/files\/2019\/05\/DAM-Kleinkunst-104x150.jpg 104w, https:\/\/blog.phzh.ch\/schreibzentrum\/files\/2019\/05\/DAM-Kleinkunst-209x300.jpg 209w\" sizes=\"auto, (max-width: 531px) 100vw, 531px\" \/><figcaption>Der Autor Daniel Ammann hat am Literaturfestival Wortlaut aus <br>\u00abDer weisse Schatten und andere Geschichten\u00bb gelesen. <\/figcaption><\/figure>\n\n\n\n<p>\u00abIdeen, W\u00f6rter und S\u00e4tze, die irgendwann zu Text, zu Literatur werden wollen\u00bb, antwortete der Autor Daniel Ammann auf die Frage, was ihn zum Schreiben inspiriere. Entstanden ist eine ganze Sammlung von Kurzgeschichten <em>Der weisse Schatten und andere Geschichten<\/em> (2018). Eine Kostprobe gabs am diesj\u00e4hrigen <a rel=\"noreferrer noopener\" aria-label=\"St. Galler Literaturfestival Wortlaut (\u00f6ffnet in neuem Tab)\" href=\"http:\/\/www.wortlaut.ch\/programm\/\" target=\"_blank\">St. Galler Literaturfestival Wortlaut<\/a>: \u00abDas Tonband l\u00e4uft, aber ich habe noch kein einziges Wort rausgebracht. Ich lege mir die S\u00e4tze zurecht wie Sezierbesteck. Ich baue Druck auf. Es muss authentisch klingen. Mann muss die Angst in der Stimme sp\u00fcren\u00bb, so der Protagonist in \u00abStimmprobe\u00bb. Nichts dergleichen war beim Autor zu vernehmen \u2013 souver\u00e4n las Daniel Ammann aus seinem neuesten Werk und erntete grossen Beifall an der vollbesetzten Ostschweizer B\u00fchne im Spl\u00fcgeneck. Zwar hat Daniel Ammann die Frage offen gelassen, was mit Herrn Ibis (der Schl\u00fcsselfigur seiner gleichnamigen Kurzgeschichte) geschehen ist. Mit Sicherheit l\u00e4sst sich aber sagen, dass sowohl der Autor als auch Herr Ibis gut beim Publikum angekommen sind. &nbsp;&nbsp;&nbsp;<br><\/p>\n\n\n\n<div class=\"wp-block-image\"><figure class=\"alignleft\"><img decoding=\"async\" src=\"https:\/\/blog.phzh.ch\/akzente\/files\/2018\/11\/Der-weisse-Schatten_cover-e1545207309828.png\" alt=\"\" \/><\/figure><\/div>\n\n\n\n<pre class=\"wp-block-preformatted\">Eine Rezension zum Kurzgeschichtenband \u00abDer weisse Schatten und andere Geschichten\u00bb (2018) von Daniel Ammann ist im <a href=\"https:\/\/blog.phzh.ch\/akzente\/2018\/11\/28\/schatten-und-schleier\/\" target=\"_blank\" rel=\"noreferrer noopener\">Akzente<\/a> (4\/2018) erschienen. <\/pre>\n\n\n\n<p><br><\/p>\n","protected":false},"excerpt":{"rendered":"<p>\u00abIdeen, W\u00f6rter und S\u00e4tze, die irgendwann zu Text, zu Literatur werden wollen\u00bb, antwortete der Autor Daniel Ammann auf die Frage, was ihn zum Schreiben inspiriere. Entstanden ist eine ganze Sammlung von Kurzgeschichten Der weisse Schatten und andere Geschichten (2018). Eine Kostprobe gabs am diesj\u00e4hrigen St. Galler Literaturfestival Wortlaut: \u00abDas Tonband l\u00e4uft, aber ich habe noch &hellip; <a href=\"https:\/\/blog.phzh.ch\/schreibzentrum\/2019\/05\/wortlaut\/\" class=\"more-link\"><span class=\"screen-reader-text\">Herr Ibis in St. Gallen \u2013 ein Nachtrag zum Literaturfestival<\/span> weiterlesen<\/a><\/p>\n","protected":false},"author":1172,"featured_media":0,"comment_status":"open","ping_status":"closed","sticky":false,"template":"","format":"standard","meta":{"footnotes":""},"categories":[66708,66916],"tags":[],"class_list":["post-4874","post","type-post","status-publish","format-standard","hentry","category-buchtipp","category-schreibzentrum-schreibt"],"yoast_head":"<!-- This site is optimized with the Yoast SEO plugin v26.8 - https:\/\/yoast.com\/product\/yoast-seo-wordpress\/ -->\n<title>Herr Ibis in St. Gallen \u2013 ein Nachtrag zum Literaturfestival - Das SchreibBLOGzentrum<\/title>\n<meta name=\"robots\" content=\"index, follow, max-snippet:-1, max-image-preview:large, max-video-preview:-1\" \/>\n<link rel=\"canonical\" href=\"https:\/\/blog.phzh.ch\/schreibzentrum\/2019\/05\/wortlaut\/\" \/>\n<meta property=\"og:locale\" content=\"de_DE\" \/>\n<meta property=\"og:type\" content=\"article\" \/>\n<meta property=\"og:title\" content=\"Herr Ibis in St. Gallen \u2013 ein Nachtrag zum Literaturfestival - Das SchreibBLOGzentrum\" \/>\n<meta property=\"og:description\" content=\"\u00abIdeen, W\u00f6rter und S\u00e4tze, die irgendwann zu Text, zu Literatur werden wollen\u00bb, antwortete der Autor Daniel Ammann auf die Frage, was ihn zum Schreiben inspiriere. Entstanden ist eine ganze Sammlung von Kurzgeschichten Der weisse Schatten und andere Geschichten (2018). Eine Kostprobe gabs am diesj\u00e4hrigen St. Galler Literaturfestival Wortlaut: \u00abDas Tonband l\u00e4uft, aber ich habe noch &hellip; Herr Ibis in St. Gallen \u2013 ein Nachtrag zum Literaturfestival weiterlesen\" \/>\n<meta property=\"og:url\" content=\"https:\/\/blog.phzh.ch\/schreibzentrum\/2019\/05\/wortlaut\/\" \/>\n<meta property=\"og:site_name\" content=\"Das SchreibBLOGzentrum\" \/>\n<meta property=\"article:published_time\" content=\"2019-05-29T07:00:33+00:00\" \/>\n<meta property=\"article:modified_time\" content=\"2020-05-11T09:07:42+00:00\" \/>\n<meta property=\"og:image\" content=\"https:\/\/blog.phzh.ch\/schreibzentrum\/files\/2019\/05\/DAM-Kleinkunst.jpg\" \/>\n<meta name=\"author\" content=\"Martina Meienberg\" \/>\n<meta name=\"twitter:card\" content=\"summary_large_image\" \/>\n<meta name=\"twitter:label1\" content=\"Verfasst von\" \/>\n\t<meta name=\"twitter:data1\" content=\"Martina Meienberg\" \/>\n\t<meta name=\"twitter:label2\" content=\"Gesch\u00e4tzte Lesezeit\" \/>\n\t<meta name=\"twitter:data2\" content=\"1\u00a0Minute\" \/>\n<script type=\"application\/ld+json\" class=\"yoast-schema-graph\">{\"@context\":\"https:\/\/schema.org\",\"@graph\":[{\"@type\":\"Article\",\"@id\":\"https:\/\/blog.phzh.ch\/schreibzentrum\/2019\/05\/wortlaut\/#article\",\"isPartOf\":{\"@id\":\"https:\/\/blog.phzh.ch\/schreibzentrum\/2019\/05\/wortlaut\/\"},\"author\":{\"name\":\"Martina Meienberg\",\"@id\":\"https:\/\/blog.phzh.ch\/schreibzentrum\/#\/schema\/person\/51c3d35f83792bca18b21a66c00a6c3c\"},\"headline\":\"Herr Ibis in St. Gallen \u2013 ein Nachtrag zum Literaturfestival\",\"datePublished\":\"2019-05-29T07:00:33+00:00\",\"dateModified\":\"2020-05-11T09:07:42+00:00\",\"mainEntityOfPage\":{\"@id\":\"https:\/\/blog.phzh.ch\/schreibzentrum\/2019\/05\/wortlaut\/\"},\"wordCount\":190,\"commentCount\":1,\"image\":{\"@id\":\"https:\/\/blog.phzh.ch\/schreibzentrum\/2019\/05\/wortlaut\/#primaryimage\"},\"thumbnailUrl\":\"https:\/\/blog.phzh.ch\/schreibzentrum\/files\/2019\/05\/DAM-Kleinkunst.jpg\",\"articleSection\":[\"Medientipp\",\"Schreibzentrum schreibt\"],\"inLanguage\":\"de\",\"potentialAction\":[{\"@type\":\"CommentAction\",\"name\":\"Comment\",\"target\":[\"https:\/\/blog.phzh.ch\/schreibzentrum\/2019\/05\/wortlaut\/#respond\"]}]},{\"@type\":\"WebPage\",\"@id\":\"https:\/\/blog.phzh.ch\/schreibzentrum\/2019\/05\/wortlaut\/\",\"url\":\"https:\/\/blog.phzh.ch\/schreibzentrum\/2019\/05\/wortlaut\/\",\"name\":\"Herr Ibis in St. Gallen \u2013 ein Nachtrag zum Literaturfestival - Das SchreibBLOGzentrum\",\"isPartOf\":{\"@id\":\"https:\/\/blog.phzh.ch\/schreibzentrum\/#website\"},\"primaryImageOfPage\":{\"@id\":\"https:\/\/blog.phzh.ch\/schreibzentrum\/2019\/05\/wortlaut\/#primaryimage\"},\"image\":{\"@id\":\"https:\/\/blog.phzh.ch\/schreibzentrum\/2019\/05\/wortlaut\/#primaryimage\"},\"thumbnailUrl\":\"https:\/\/blog.phzh.ch\/schreibzentrum\/files\/2019\/05\/DAM-Kleinkunst.jpg\",\"datePublished\":\"2019-05-29T07:00:33+00:00\",\"dateModified\":\"2020-05-11T09:07:42+00:00\",\"author\":{\"@id\":\"https:\/\/blog.phzh.ch\/schreibzentrum\/#\/schema\/person\/51c3d35f83792bca18b21a66c00a6c3c\"},\"breadcrumb\":{\"@id\":\"https:\/\/blog.phzh.ch\/schreibzentrum\/2019\/05\/wortlaut\/#breadcrumb\"},\"inLanguage\":\"de\",\"potentialAction\":[{\"@type\":\"ReadAction\",\"target\":[\"https:\/\/blog.phzh.ch\/schreibzentrum\/2019\/05\/wortlaut\/\"]}]},{\"@type\":\"ImageObject\",\"inLanguage\":\"de\",\"@id\":\"https:\/\/blog.phzh.ch\/schreibzentrum\/2019\/05\/wortlaut\/#primaryimage\",\"url\":\"https:\/\/blog.phzh.ch\/schreibzentrum\/files\/2019\/05\/DAM-Kleinkunst.jpg\",\"contentUrl\":\"https:\/\/blog.phzh.ch\/schreibzentrum\/files\/2019\/05\/DAM-Kleinkunst.jpg\",\"width\":531,\"height\":763,\"caption\":\"Literaturfestival Wortlaut St. Gallen\"},{\"@type\":\"BreadcrumbList\",\"@id\":\"https:\/\/blog.phzh.ch\/schreibzentrum\/2019\/05\/wortlaut\/#breadcrumb\",\"itemListElement\":[{\"@type\":\"ListItem\",\"position\":1,\"name\":\"Start\",\"item\":\"https:\/\/blog.phzh.ch\/schreibzentrum\/\"},{\"@type\":\"ListItem\",\"position\":2,\"name\":\"Herr Ibis in St. Gallen \u2013 ein Nachtrag zum Literaturfestival\"}]},{\"@type\":\"WebSite\",\"@id\":\"https:\/\/blog.phzh.ch\/schreibzentrum\/#website\",\"url\":\"https:\/\/blog.phzh.ch\/schreibzentrum\/\",\"name\":\"Das SchreibBLOGzentrum\",\"description\":\"Texte und Events\",\"potentialAction\":[{\"@type\":\"SearchAction\",\"target\":{\"@type\":\"EntryPoint\",\"urlTemplate\":\"https:\/\/blog.phzh.ch\/schreibzentrum\/?s={search_term_string}\"},\"query-input\":{\"@type\":\"PropertyValueSpecification\",\"valueRequired\":true,\"valueName\":\"search_term_string\"}}],\"inLanguage\":\"de\"},{\"@type\":\"Person\",\"@id\":\"https:\/\/blog.phzh.ch\/schreibzentrum\/#\/schema\/person\/51c3d35f83792bca18b21a66c00a6c3c\",\"name\":\"Martina Meienberg\",\"image\":{\"@type\":\"ImageObject\",\"inLanguage\":\"de\",\"@id\":\"https:\/\/blog.phzh.ch\/schreibzentrum\/#\/schema\/person\/image\/\",\"url\":\"https:\/\/secure.gravatar.com\/avatar\/ff3ac2af18fe72e3520460a6a8cad535?s=96&d=mm&r=g\",\"contentUrl\":\"https:\/\/secure.gravatar.com\/avatar\/ff3ac2af18fe72e3520460a6a8cad535?s=96&d=mm&r=g\",\"caption\":\"Martina Meienberg\"},\"url\":\"https:\/\/blog.phzh.ch\/schreibzentrum\/author\/martinameienberg\/\"}]}<\/script>\n<!-- \/ Yoast SEO plugin. -->","yoast_head_json":{"title":"Herr Ibis in St. Gallen \u2013 ein Nachtrag zum Literaturfestival - Das SchreibBLOGzentrum","robots":{"index":"index","follow":"follow","max-snippet":"max-snippet:-1","max-image-preview":"max-image-preview:large","max-video-preview":"max-video-preview:-1"},"canonical":"https:\/\/blog.phzh.ch\/schreibzentrum\/2019\/05\/wortlaut\/","og_locale":"de_DE","og_type":"article","og_title":"Herr Ibis in St. Gallen \u2013 ein Nachtrag zum Literaturfestival - Das SchreibBLOGzentrum","og_description":"\u00abIdeen, W\u00f6rter und S\u00e4tze, die irgendwann zu Text, zu Literatur werden wollen\u00bb, antwortete der Autor Daniel Ammann auf die Frage, was ihn zum Schreiben inspiriere. Entstanden ist eine ganze Sammlung von Kurzgeschichten Der weisse Schatten und andere Geschichten (2018). Eine Kostprobe gabs am diesj\u00e4hrigen St. Galler Literaturfestival Wortlaut: \u00abDas Tonband l\u00e4uft, aber ich habe noch &hellip; Herr Ibis in St. Gallen \u2013 ein Nachtrag zum Literaturfestival weiterlesen","og_url":"https:\/\/blog.phzh.ch\/schreibzentrum\/2019\/05\/wortlaut\/","og_site_name":"Das SchreibBLOGzentrum","article_published_time":"2019-05-29T07:00:33+00:00","article_modified_time":"2020-05-11T09:07:42+00:00","og_image":[{"url":"https:\/\/blog.phzh.ch\/schreibzentrum\/files\/2019\/05\/DAM-Kleinkunst.jpg","type":"","width":"","height":""}],"author":"Martina Meienberg","twitter_card":"summary_large_image","twitter_misc":{"Verfasst von":"Martina Meienberg","Gesch\u00e4tzte Lesezeit":"1\u00a0Minute"},"schema":{"@context":"https:\/\/schema.org","@graph":[{"@type":"Article","@id":"https:\/\/blog.phzh.ch\/schreibzentrum\/2019\/05\/wortlaut\/#article","isPartOf":{"@id":"https:\/\/blog.phzh.ch\/schreibzentrum\/2019\/05\/wortlaut\/"},"author":{"name":"Martina Meienberg","@id":"https:\/\/blog.phzh.ch\/schreibzentrum\/#\/schema\/person\/51c3d35f83792bca18b21a66c00a6c3c"},"headline":"Herr Ibis in St. Gallen \u2013 ein Nachtrag zum Literaturfestival","datePublished":"2019-05-29T07:00:33+00:00","dateModified":"2020-05-11T09:07:42+00:00","mainEntityOfPage":{"@id":"https:\/\/blog.phzh.ch\/schreibzentrum\/2019\/05\/wortlaut\/"},"wordCount":190,"commentCount":1,"image":{"@id":"https:\/\/blog.phzh.ch\/schreibzentrum\/2019\/05\/wortlaut\/#primaryimage"},"thumbnailUrl":"https:\/\/blog.phzh.ch\/schreibzentrum\/files\/2019\/05\/DAM-Kleinkunst.jpg","articleSection":["Medientipp","Schreibzentrum schreibt"],"inLanguage":"de","potentialAction":[{"@type":"CommentAction","name":"Comment","target":["https:\/\/blog.phzh.ch\/schreibzentrum\/2019\/05\/wortlaut\/#respond"]}]},{"@type":"WebPage","@id":"https:\/\/blog.phzh.ch\/schreibzentrum\/2019\/05\/wortlaut\/","url":"https:\/\/blog.phzh.ch\/schreibzentrum\/2019\/05\/wortlaut\/","name":"Herr Ibis in St. Gallen \u2013 ein Nachtrag zum Literaturfestival - Das SchreibBLOGzentrum","isPartOf":{"@id":"https:\/\/blog.phzh.ch\/schreibzentrum\/#website"},"primaryImageOfPage":{"@id":"https:\/\/blog.phzh.ch\/schreibzentrum\/2019\/05\/wortlaut\/#primaryimage"},"image":{"@id":"https:\/\/blog.phzh.ch\/schreibzentrum\/2019\/05\/wortlaut\/#primaryimage"},"thumbnailUrl":"https:\/\/blog.phzh.ch\/schreibzentrum\/files\/2019\/05\/DAM-Kleinkunst.jpg","datePublished":"2019-05-29T07:00:33+00:00","dateModified":"2020-05-11T09:07:42+00:00","author":{"@id":"https:\/\/blog.phzh.ch\/schreibzentrum\/#\/schema\/person\/51c3d35f83792bca18b21a66c00a6c3c"},"breadcrumb":{"@id":"https:\/\/blog.phzh.ch\/schreibzentrum\/2019\/05\/wortlaut\/#breadcrumb"},"inLanguage":"de","potentialAction":[{"@type":"ReadAction","target":["https:\/\/blog.phzh.ch\/schreibzentrum\/2019\/05\/wortlaut\/"]}]},{"@type":"ImageObject","inLanguage":"de","@id":"https:\/\/blog.phzh.ch\/schreibzentrum\/2019\/05\/wortlaut\/#primaryimage","url":"https:\/\/blog.phzh.ch\/schreibzentrum\/files\/2019\/05\/DAM-Kleinkunst.jpg","contentUrl":"https:\/\/blog.phzh.ch\/schreibzentrum\/files\/2019\/05\/DAM-Kleinkunst.jpg","width":531,"height":763,"caption":"Literaturfestival Wortlaut St. Gallen"},{"@type":"BreadcrumbList","@id":"https:\/\/blog.phzh.ch\/schreibzentrum\/2019\/05\/wortlaut\/#breadcrumb","itemListElement":[{"@type":"ListItem","position":1,"name":"Start","item":"https:\/\/blog.phzh.ch\/schreibzentrum\/"},{"@type":"ListItem","position":2,"name":"Herr Ibis in St. Gallen \u2013 ein Nachtrag zum Literaturfestival"}]},{"@type":"WebSite","@id":"https:\/\/blog.phzh.ch\/schreibzentrum\/#website","url":"https:\/\/blog.phzh.ch\/schreibzentrum\/","name":"Das SchreibBLOGzentrum","description":"Texte und Events","potentialAction":[{"@type":"SearchAction","target":{"@type":"EntryPoint","urlTemplate":"https:\/\/blog.phzh.ch\/schreibzentrum\/?s={search_term_string}"},"query-input":{"@type":"PropertyValueSpecification","valueRequired":true,"valueName":"search_term_string"}}],"inLanguage":"de"},{"@type":"Person","@id":"https:\/\/blog.phzh.ch\/schreibzentrum\/#\/schema\/person\/51c3d35f83792bca18b21a66c00a6c3c","name":"Martina Meienberg","image":{"@type":"ImageObject","inLanguage":"de","@id":"https:\/\/blog.phzh.ch\/schreibzentrum\/#\/schema\/person\/image\/","url":"https:\/\/secure.gravatar.com\/avatar\/ff3ac2af18fe72e3520460a6a8cad535?s=96&d=mm&r=g","contentUrl":"https:\/\/secure.gravatar.com\/avatar\/ff3ac2af18fe72e3520460a6a8cad535?s=96&d=mm&r=g","caption":"Martina Meienberg"},"url":"https:\/\/blog.phzh.ch\/schreibzentrum\/author\/martinameienberg\/"}]}},"_links":{"self":[{"href":"https:\/\/blog.phzh.ch\/schreibzentrum\/wp-json\/wp\/v2\/posts\/4874","targetHints":{"allow":["GET"]}}],"collection":[{"href":"https:\/\/blog.phzh.ch\/schreibzentrum\/wp-json\/wp\/v2\/posts"}],"about":[{"href":"https:\/\/blog.phzh.ch\/schreibzentrum\/wp-json\/wp\/v2\/types\/post"}],"author":[{"embeddable":true,"href":"https:\/\/blog.phzh.ch\/schreibzentrum\/wp-json\/wp\/v2\/users\/1172"}],"replies":[{"embeddable":true,"href":"https:\/\/blog.phzh.ch\/schreibzentrum\/wp-json\/wp\/v2\/comments?post=4874"}],"version-history":[{"count":15,"href":"https:\/\/blog.phzh.ch\/schreibzentrum\/wp-json\/wp\/v2\/posts\/4874\/revisions"}],"predecessor-version":[{"id":5415,"href":"https:\/\/blog.phzh.ch\/schreibzentrum\/wp-json\/wp\/v2\/posts\/4874\/revisions\/5415"}],"wp:attachment":[{"href":"https:\/\/blog.phzh.ch\/schreibzentrum\/wp-json\/wp\/v2\/media?parent=4874"}],"wp:term":[{"taxonomy":"category","embeddable":true,"href":"https:\/\/blog.phzh.ch\/schreibzentrum\/wp-json\/wp\/v2\/categories?post=4874"},{"taxonomy":"post_tag","embeddable":true,"href":"https:\/\/blog.phzh.ch\/schreibzentrum\/wp-json\/wp\/v2\/tags?post=4874"}],"curies":[{"name":"wp","href":"https:\/\/api.w.org\/{rel}","templated":true}]}}