{"id":4056,"date":"2017-09-19T16:13:30","date_gmt":"2017-09-19T14:13:30","guid":{"rendered":"https:\/\/blog.phzh.ch\/schreibzentrum\/?p=4056"},"modified":"2025-03-09T22:40:56","modified_gmt":"2025-03-09T21:40:56","slug":"qa-zitieren-12-standards-der-ph-zuerich","status":"publish","type":"post","link":"https:\/\/blog.phzh.ch\/schreibzentrum\/2017\/09\/qa-zitieren-12-standards-der-ph-zuerich\/","title":{"rendered":"Q&amp;A Zitieren #12: Standards der PH Z\u00fcrich"},"content":{"rendered":"<div class=\"wp-block-image\">\n<figure class=\"alignright\"><img loading=\"lazy\" decoding=\"async\" width=\"300\" height=\"300\" src=\"https:\/\/blog.phzh.ch\/schreibzentrum\/files\/2017\/09\/Kompetenzstrukturmodell-300x300.png\" alt=\"\" class=\"wp-image-4057\" srcset=\"https:\/\/blog.phzh.ch\/schreibzentrum\/files\/2017\/09\/Kompetenzstrukturmodell-300x300.png 300w, https:\/\/blog.phzh.ch\/schreibzentrum\/files\/2017\/09\/Kompetenzstrukturmodell-150x150.png 150w, https:\/\/blog.phzh.ch\/schreibzentrum\/files\/2017\/09\/Kompetenzstrukturmodell.png 510w\" sizes=\"auto, (max-width: 300px) 100vw, 300px\" \/><\/figure><\/div>\n\n\n<p>Viele Arbeiten an der PH Z\u00fcrich (wie Leistungsnachweise oder Portfolio) nehmen Bezug auf die 12 Standards der Ausbildung. Beschrieben werden diese unter anderem in der Brosch\u00fcre \u00abKompetenzstrukturmodell\u00bb* des Prorektorats Ausbildung. Da es sich bei dieser internen Publikation um sogenannte&nbsp;graue Literatur&nbsp;handelt, reicht es, wenn im Text auf die Handreichung verwiesen wird. Ein Eintrag im Literaturverzeichnis ist nicht n\u00f6tig. Erg\u00e4nzende Angaben zur Brosch\u00fcre k\u00f6nnen jedoch als&nbsp;Anmerkung in einer Fussnote&nbsp;geliefert werden:<\/p>\n\n\n\n<p>* P\u00e4dagogische Hochschule Z\u00fcrich. 2017. \u00abKompetenzstrukturmodell: Ausbildungsmodell.\u00bb Z\u00fcrich: PH Z\u00fcrich, Prorektorat Ausbildung.\u00a0tiny.phzh.ch\/Kompetenzstrukturmodell.<\/p>\n\n\n\n<p>Weitere Informationen zu Internetquellen, Brosch\u00fcren, grauer Literatur etc. finden Sie im neuen \u00abA\u2013Z des wissenschaftlichen Schreibens\u00bb (2024; als PDF verf\u00fcgbar unter <a href=\"http:\/\/tiny.phzh.ch\/my-a-z-schreiben\" target=\"_blank\" rel=\"noreferrer noopener\">tiny.phzh.ch\/my-a-z-schreiben<\/a>).<\/p>\n\n\n\n<p class=\"has-text-align-right has-small-font-size\">[aktualisiert 2.4.2024]<\/p>\n","protected":false},"excerpt":{"rendered":"<p>Viele Arbeiten an der PH Z\u00fcrich (wie Leistungsnachweise oder Portfolio) nehmen Bezug auf die 12 Standards der Ausbildung. Beschrieben werden diese unter anderem in der Brosch\u00fcre \u00abKompetenzstrukturmodell\u00bb* des Prorektorats Ausbildung. Da es sich bei dieser internen Publikation um sogenannte&nbsp;graue Literatur&nbsp;handelt, reicht es, wenn im Text auf die Handreichung verwiesen wird. Ein Eintrag im Literaturverzeichnis ist &hellip; <a href=\"https:\/\/blog.phzh.ch\/schreibzentrum\/2017\/09\/qa-zitieren-12-standards-der-ph-zuerich\/\" class=\"more-link\"><span class=\"screen-reader-text\">Q&amp;A Zitieren #12: Standards der PH Z\u00fcrich<\/span> weiterlesen<\/a><\/p>\n","protected":false},"author":411,"featured_media":0,"comment_status":"open","ping_status":"closed","sticky":false,"template":"","format":"standard","meta":{"footnotes":""},"categories":[66711,17623,45049],"tags":[],"class_list":["post-4056","post","type-post","status-publish","format-standard","hentry","category-qa-zitieren","category-schreibberatung","category-wissenschaftliches-schreiben"],"yoast_head":"<!-- This site is optimized with the Yoast SEO plugin v26.8 - https:\/\/yoast.com\/product\/yoast-seo-wordpress\/ -->\n<title>Q&amp;A Zitieren #12: Standards der PH Z\u00fcrich - Das SchreibBLOGzentrum<\/title>\n<meta name=\"robots\" content=\"index, follow, max-snippet:-1, max-image-preview:large, max-video-preview:-1\" \/>\n<link rel=\"canonical\" href=\"https:\/\/blog.phzh.ch\/schreibzentrum\/2017\/09\/qa-zitieren-12-standards-der-ph-zuerich\/\" \/>\n<meta property=\"og:locale\" content=\"de_DE\" \/>\n<meta property=\"og:type\" content=\"article\" \/>\n<meta property=\"og:title\" content=\"Q&amp;A Zitieren #12: Standards der PH Z\u00fcrich - Das SchreibBLOGzentrum\" \/>\n<meta property=\"og:description\" content=\"Viele Arbeiten an der PH Z\u00fcrich (wie Leistungsnachweise oder Portfolio) nehmen Bezug auf die 12 Standards der Ausbildung. Beschrieben werden diese unter anderem in der Brosch\u00fcre \u00abKompetenzstrukturmodell\u00bb* des Prorektorats Ausbildung. Da es sich bei dieser internen Publikation um sogenannte&nbsp;graue Literatur&nbsp;handelt, reicht es, wenn im Text auf die Handreichung verwiesen wird. Ein Eintrag im Literaturverzeichnis ist &hellip; Q&amp;A Zitieren #12: Standards der PH Z\u00fcrich weiterlesen\" \/>\n<meta property=\"og:url\" content=\"https:\/\/blog.phzh.ch\/schreibzentrum\/2017\/09\/qa-zitieren-12-standards-der-ph-zuerich\/\" \/>\n<meta property=\"og:site_name\" content=\"Das SchreibBLOGzentrum\" \/>\n<meta property=\"article:published_time\" content=\"2017-09-19T14:13:30+00:00\" \/>\n<meta property=\"article:modified_time\" content=\"2025-03-09T21:40:56+00:00\" \/>\n<meta property=\"og:image\" content=\"https:\/\/blog.phzh.ch\/schreibzentrum\/files\/2017\/09\/Kompetenzstrukturmodell.png\" \/>\n\t<meta property=\"og:image:width\" content=\"510\" \/>\n\t<meta property=\"og:image:height\" content=\"508\" \/>\n\t<meta property=\"og:image:type\" content=\"image\/png\" \/>\n<meta name=\"author\" content=\"Schreibzentrum\" \/>\n<meta name=\"twitter:card\" content=\"summary_large_image\" \/>\n<meta name=\"twitter:label1\" content=\"Verfasst von\" \/>\n\t<meta name=\"twitter:data1\" content=\"Schreibzentrum\" \/>\n\t<meta name=\"twitter:label2\" content=\"Gesch\u00e4tzte Lesezeit\" \/>\n\t<meta name=\"twitter:data2\" content=\"1\u00a0Minute\" \/>\n<script type=\"application\/ld+json\" class=\"yoast-schema-graph\">{\"@context\":\"https:\/\/schema.org\",\"@graph\":[{\"@type\":\"Article\",\"@id\":\"https:\/\/blog.phzh.ch\/schreibzentrum\/2017\/09\/qa-zitieren-12-standards-der-ph-zuerich\/#article\",\"isPartOf\":{\"@id\":\"https:\/\/blog.phzh.ch\/schreibzentrum\/2017\/09\/qa-zitieren-12-standards-der-ph-zuerich\/\"},\"author\":{\"name\":\"Schreibzentrum\",\"@id\":\"https:\/\/blog.phzh.ch\/schreibzentrum\/#\/schema\/person\/95ec4c371e1883b477c94ada9a021e23\"},\"headline\":\"Q&amp;A Zitieren #12: Standards der PH Z\u00fcrich\",\"datePublished\":\"2017-09-19T14:13:30+00:00\",\"dateModified\":\"2025-03-09T21:40:56+00:00\",\"mainEntityOfPage\":{\"@id\":\"https:\/\/blog.phzh.ch\/schreibzentrum\/2017\/09\/qa-zitieren-12-standards-der-ph-zuerich\/\"},\"wordCount\":136,\"commentCount\":0,\"image\":{\"@id\":\"https:\/\/blog.phzh.ch\/schreibzentrum\/2017\/09\/qa-zitieren-12-standards-der-ph-zuerich\/#primaryimage\"},\"thumbnailUrl\":\"https:\/\/blog.phzh.ch\/schreibzentrum\/files\/2017\/09\/Kompetenzstrukturmodell-300x300.png\",\"articleSection\":[\"Q&amp;A Zitieren\",\"Schreibberatung\",\"Wissenschaftliches Schreiben\"],\"inLanguage\":\"de\",\"potentialAction\":[{\"@type\":\"CommentAction\",\"name\":\"Comment\",\"target\":[\"https:\/\/blog.phzh.ch\/schreibzentrum\/2017\/09\/qa-zitieren-12-standards-der-ph-zuerich\/#respond\"]}]},{\"@type\":\"WebPage\",\"@id\":\"https:\/\/blog.phzh.ch\/schreibzentrum\/2017\/09\/qa-zitieren-12-standards-der-ph-zuerich\/\",\"url\":\"https:\/\/blog.phzh.ch\/schreibzentrum\/2017\/09\/qa-zitieren-12-standards-der-ph-zuerich\/\",\"name\":\"Q&amp;A Zitieren #12: Standards der PH Z\u00fcrich - Das SchreibBLOGzentrum\",\"isPartOf\":{\"@id\":\"https:\/\/blog.phzh.ch\/schreibzentrum\/#website\"},\"primaryImageOfPage\":{\"@id\":\"https:\/\/blog.phzh.ch\/schreibzentrum\/2017\/09\/qa-zitieren-12-standards-der-ph-zuerich\/#primaryimage\"},\"image\":{\"@id\":\"https:\/\/blog.phzh.ch\/schreibzentrum\/2017\/09\/qa-zitieren-12-standards-der-ph-zuerich\/#primaryimage\"},\"thumbnailUrl\":\"https:\/\/blog.phzh.ch\/schreibzentrum\/files\/2017\/09\/Kompetenzstrukturmodell-300x300.png\",\"datePublished\":\"2017-09-19T14:13:30+00:00\",\"dateModified\":\"2025-03-09T21:40:56+00:00\",\"author\":{\"@id\":\"https:\/\/blog.phzh.ch\/schreibzentrum\/#\/schema\/person\/95ec4c371e1883b477c94ada9a021e23\"},\"breadcrumb\":{\"@id\":\"https:\/\/blog.phzh.ch\/schreibzentrum\/2017\/09\/qa-zitieren-12-standards-der-ph-zuerich\/#breadcrumb\"},\"inLanguage\":\"de\",\"potentialAction\":[{\"@type\":\"ReadAction\",\"target\":[\"https:\/\/blog.phzh.ch\/schreibzentrum\/2017\/09\/qa-zitieren-12-standards-der-ph-zuerich\/\"]}]},{\"@type\":\"ImageObject\",\"inLanguage\":\"de\",\"@id\":\"https:\/\/blog.phzh.ch\/schreibzentrum\/2017\/09\/qa-zitieren-12-standards-der-ph-zuerich\/#primaryimage\",\"url\":\"https:\/\/blog.phzh.ch\/schreibzentrum\/files\/2017\/09\/Kompetenzstrukturmodell.png\",\"contentUrl\":\"https:\/\/blog.phzh.ch\/schreibzentrum\/files\/2017\/09\/Kompetenzstrukturmodell.png\",\"width\":510,\"height\":508},{\"@type\":\"BreadcrumbList\",\"@id\":\"https:\/\/blog.phzh.ch\/schreibzentrum\/2017\/09\/qa-zitieren-12-standards-der-ph-zuerich\/#breadcrumb\",\"itemListElement\":[{\"@type\":\"ListItem\",\"position\":1,\"name\":\"Start\",\"item\":\"https:\/\/blog.phzh.ch\/schreibzentrum\/\"},{\"@type\":\"ListItem\",\"position\":2,\"name\":\"Q&amp;A Zitieren #12: Standards der PH Z\u00fcrich\"}]},{\"@type\":\"WebSite\",\"@id\":\"https:\/\/blog.phzh.ch\/schreibzentrum\/#website\",\"url\":\"https:\/\/blog.phzh.ch\/schreibzentrum\/\",\"name\":\"Das SchreibBLOGzentrum\",\"description\":\"Texte und Events\",\"potentialAction\":[{\"@type\":\"SearchAction\",\"target\":{\"@type\":\"EntryPoint\",\"urlTemplate\":\"https:\/\/blog.phzh.ch\/schreibzentrum\/?s={search_term_string}\"},\"query-input\":{\"@type\":\"PropertyValueSpecification\",\"valueRequired\":true,\"valueName\":\"search_term_string\"}}],\"inLanguage\":\"de\"},{\"@type\":\"Person\",\"@id\":\"https:\/\/blog.phzh.ch\/schreibzentrum\/#\/schema\/person\/95ec4c371e1883b477c94ada9a021e23\",\"name\":\"Schreibzentrum\",\"image\":{\"@type\":\"ImageObject\",\"inLanguage\":\"de\",\"@id\":\"https:\/\/blog.phzh.ch\/schreibzentrum\/#\/schema\/person\/image\/\",\"url\":\"https:\/\/secure.gravatar.com\/avatar\/0c32268ba336aca6d00b43d3e0a2840f?s=96&d=mm&r=g\",\"contentUrl\":\"https:\/\/secure.gravatar.com\/avatar\/0c32268ba336aca6d00b43d3e0a2840f?s=96&d=mm&r=g\",\"caption\":\"Schreibzentrum\"},\"sameAs\":[\"http:\/\/www.phzh.ch\/schreibzentrum\"],\"url\":\"https:\/\/blog.phzh.ch\/schreibzentrum\/author\/schreibzentrum\/\"}]}<\/script>\n<!-- \/ Yoast SEO plugin. -->","yoast_head_json":{"title":"Q&amp;A Zitieren #12: Standards der PH Z\u00fcrich - Das SchreibBLOGzentrum","robots":{"index":"index","follow":"follow","max-snippet":"max-snippet:-1","max-image-preview":"max-image-preview:large","max-video-preview":"max-video-preview:-1"},"canonical":"https:\/\/blog.phzh.ch\/schreibzentrum\/2017\/09\/qa-zitieren-12-standards-der-ph-zuerich\/","og_locale":"de_DE","og_type":"article","og_title":"Q&amp;A Zitieren #12: Standards der PH Z\u00fcrich - Das SchreibBLOGzentrum","og_description":"Viele Arbeiten an der PH Z\u00fcrich (wie Leistungsnachweise oder Portfolio) nehmen Bezug auf die 12 Standards der Ausbildung. Beschrieben werden diese unter anderem in der Brosch\u00fcre \u00abKompetenzstrukturmodell\u00bb* des Prorektorats Ausbildung. Da es sich bei dieser internen Publikation um sogenannte&nbsp;graue Literatur&nbsp;handelt, reicht es, wenn im Text auf die Handreichung verwiesen wird. Ein Eintrag im Literaturverzeichnis ist &hellip; Q&amp;A Zitieren #12: Standards der PH Z\u00fcrich weiterlesen","og_url":"https:\/\/blog.phzh.ch\/schreibzentrum\/2017\/09\/qa-zitieren-12-standards-der-ph-zuerich\/","og_site_name":"Das SchreibBLOGzentrum","article_published_time":"2017-09-19T14:13:30+00:00","article_modified_time":"2025-03-09T21:40:56+00:00","og_image":[{"width":510,"height":508,"url":"https:\/\/blog.phzh.ch\/schreibzentrum\/files\/2017\/09\/Kompetenzstrukturmodell.png","type":"image\/png"}],"author":"Schreibzentrum","twitter_card":"summary_large_image","twitter_misc":{"Verfasst von":"Schreibzentrum","Gesch\u00e4tzte Lesezeit":"1\u00a0Minute"},"schema":{"@context":"https:\/\/schema.org","@graph":[{"@type":"Article","@id":"https:\/\/blog.phzh.ch\/schreibzentrum\/2017\/09\/qa-zitieren-12-standards-der-ph-zuerich\/#article","isPartOf":{"@id":"https:\/\/blog.phzh.ch\/schreibzentrum\/2017\/09\/qa-zitieren-12-standards-der-ph-zuerich\/"},"author":{"name":"Schreibzentrum","@id":"https:\/\/blog.phzh.ch\/schreibzentrum\/#\/schema\/person\/95ec4c371e1883b477c94ada9a021e23"},"headline":"Q&amp;A Zitieren #12: Standards der PH Z\u00fcrich","datePublished":"2017-09-19T14:13:30+00:00","dateModified":"2025-03-09T21:40:56+00:00","mainEntityOfPage":{"@id":"https:\/\/blog.phzh.ch\/schreibzentrum\/2017\/09\/qa-zitieren-12-standards-der-ph-zuerich\/"},"wordCount":136,"commentCount":0,"image":{"@id":"https:\/\/blog.phzh.ch\/schreibzentrum\/2017\/09\/qa-zitieren-12-standards-der-ph-zuerich\/#primaryimage"},"thumbnailUrl":"https:\/\/blog.phzh.ch\/schreibzentrum\/files\/2017\/09\/Kompetenzstrukturmodell-300x300.png","articleSection":["Q&amp;A Zitieren","Schreibberatung","Wissenschaftliches Schreiben"],"inLanguage":"de","potentialAction":[{"@type":"CommentAction","name":"Comment","target":["https:\/\/blog.phzh.ch\/schreibzentrum\/2017\/09\/qa-zitieren-12-standards-der-ph-zuerich\/#respond"]}]},{"@type":"WebPage","@id":"https:\/\/blog.phzh.ch\/schreibzentrum\/2017\/09\/qa-zitieren-12-standards-der-ph-zuerich\/","url":"https:\/\/blog.phzh.ch\/schreibzentrum\/2017\/09\/qa-zitieren-12-standards-der-ph-zuerich\/","name":"Q&amp;A Zitieren #12: Standards der PH Z\u00fcrich - Das SchreibBLOGzentrum","isPartOf":{"@id":"https:\/\/blog.phzh.ch\/schreibzentrum\/#website"},"primaryImageOfPage":{"@id":"https:\/\/blog.phzh.ch\/schreibzentrum\/2017\/09\/qa-zitieren-12-standards-der-ph-zuerich\/#primaryimage"},"image":{"@id":"https:\/\/blog.phzh.ch\/schreibzentrum\/2017\/09\/qa-zitieren-12-standards-der-ph-zuerich\/#primaryimage"},"thumbnailUrl":"https:\/\/blog.phzh.ch\/schreibzentrum\/files\/2017\/09\/Kompetenzstrukturmodell-300x300.png","datePublished":"2017-09-19T14:13:30+00:00","dateModified":"2025-03-09T21:40:56+00:00","author":{"@id":"https:\/\/blog.phzh.ch\/schreibzentrum\/#\/schema\/person\/95ec4c371e1883b477c94ada9a021e23"},"breadcrumb":{"@id":"https:\/\/blog.phzh.ch\/schreibzentrum\/2017\/09\/qa-zitieren-12-standards-der-ph-zuerich\/#breadcrumb"},"inLanguage":"de","potentialAction":[{"@type":"ReadAction","target":["https:\/\/blog.phzh.ch\/schreibzentrum\/2017\/09\/qa-zitieren-12-standards-der-ph-zuerich\/"]}]},{"@type":"ImageObject","inLanguage":"de","@id":"https:\/\/blog.phzh.ch\/schreibzentrum\/2017\/09\/qa-zitieren-12-standards-der-ph-zuerich\/#primaryimage","url":"https:\/\/blog.phzh.ch\/schreibzentrum\/files\/2017\/09\/Kompetenzstrukturmodell.png","contentUrl":"https:\/\/blog.phzh.ch\/schreibzentrum\/files\/2017\/09\/Kompetenzstrukturmodell.png","width":510,"height":508},{"@type":"BreadcrumbList","@id":"https:\/\/blog.phzh.ch\/schreibzentrum\/2017\/09\/qa-zitieren-12-standards-der-ph-zuerich\/#breadcrumb","itemListElement":[{"@type":"ListItem","position":1,"name":"Start","item":"https:\/\/blog.phzh.ch\/schreibzentrum\/"},{"@type":"ListItem","position":2,"name":"Q&amp;A Zitieren #12: Standards der PH Z\u00fcrich"}]},{"@type":"WebSite","@id":"https:\/\/blog.phzh.ch\/schreibzentrum\/#website","url":"https:\/\/blog.phzh.ch\/schreibzentrum\/","name":"Das SchreibBLOGzentrum","description":"Texte und Events","potentialAction":[{"@type":"SearchAction","target":{"@type":"EntryPoint","urlTemplate":"https:\/\/blog.phzh.ch\/schreibzentrum\/?s={search_term_string}"},"query-input":{"@type":"PropertyValueSpecification","valueRequired":true,"valueName":"search_term_string"}}],"inLanguage":"de"},{"@type":"Person","@id":"https:\/\/blog.phzh.ch\/schreibzentrum\/#\/schema\/person\/95ec4c371e1883b477c94ada9a021e23","name":"Schreibzentrum","image":{"@type":"ImageObject","inLanguage":"de","@id":"https:\/\/blog.phzh.ch\/schreibzentrum\/#\/schema\/person\/image\/","url":"https:\/\/secure.gravatar.com\/avatar\/0c32268ba336aca6d00b43d3e0a2840f?s=96&d=mm&r=g","contentUrl":"https:\/\/secure.gravatar.com\/avatar\/0c32268ba336aca6d00b43d3e0a2840f?s=96&d=mm&r=g","caption":"Schreibzentrum"},"sameAs":["http:\/\/www.phzh.ch\/schreibzentrum"],"url":"https:\/\/blog.phzh.ch\/schreibzentrum\/author\/schreibzentrum\/"}]}},"_links":{"self":[{"href":"https:\/\/blog.phzh.ch\/schreibzentrum\/wp-json\/wp\/v2\/posts\/4056","targetHints":{"allow":["GET"]}}],"collection":[{"href":"https:\/\/blog.phzh.ch\/schreibzentrum\/wp-json\/wp\/v2\/posts"}],"about":[{"href":"https:\/\/blog.phzh.ch\/schreibzentrum\/wp-json\/wp\/v2\/types\/post"}],"author":[{"embeddable":true,"href":"https:\/\/blog.phzh.ch\/schreibzentrum\/wp-json\/wp\/v2\/users\/411"}],"replies":[{"embeddable":true,"href":"https:\/\/blog.phzh.ch\/schreibzentrum\/wp-json\/wp\/v2\/comments?post=4056"}],"version-history":[{"count":6,"href":"https:\/\/blog.phzh.ch\/schreibzentrum\/wp-json\/wp\/v2\/posts\/4056\/revisions"}],"predecessor-version":[{"id":8525,"href":"https:\/\/blog.phzh.ch\/schreibzentrum\/wp-json\/wp\/v2\/posts\/4056\/revisions\/8525"}],"wp:attachment":[{"href":"https:\/\/blog.phzh.ch\/schreibzentrum\/wp-json\/wp\/v2\/media?parent=4056"}],"wp:term":[{"taxonomy":"category","embeddable":true,"href":"https:\/\/blog.phzh.ch\/schreibzentrum\/wp-json\/wp\/v2\/categories?post=4056"},{"taxonomy":"post_tag","embeddable":true,"href":"https:\/\/blog.phzh.ch\/schreibzentrum\/wp-json\/wp\/v2\/tags?post=4056"}],"curies":[{"name":"wp","href":"https:\/\/api.w.org\/{rel}","templated":true}]}}