{"id":3791,"date":"2017-02-22T06:00:34","date_gmt":"2017-02-22T05:00:34","guid":{"rendered":"https:\/\/blog.phzh.ch\/schreibzentrum\/?p=3791"},"modified":"2017-03-22T17:58:01","modified_gmt":"2017-03-22T16:58:01","slug":"mittwochswort","status":"publish","type":"post","link":"https:\/\/blog.phzh.ch\/schreibzentrum\/2017\/02\/mittwochswort\/","title":{"rendered":"Mittwochswort"},"content":{"rendered":"<p><strong>Vorfeld <\/strong><\/p>\n<p>\u00abDas Milit\u00e4rische schwitzt\u00a0der Sprache aus allen Poren. Sehr beliebt ist die Epaulettentr\u00e4gerformulierung \u2039im Vorfeld\u203a \u2013 die traditionell das Gel\u00e4nde beschreibt, das der eigenen Gefechtsstellung vorgelagert ist. Wenn es aber heisst, \u2039im Vorfeld eines EU-Gipfels\u203a sei dieses oder jenes geschehen oder zu erwarten, ist damit ganz simpel \u2039vor dem EU-Gipfel\u203a gemeint. Das scheint f\u00fcr die Zwiesprache aus Politik und ihrem Verlautbarungsjournalismus aber zu klein und zu wenig bedeutungssuggestiv zu sein; \u2039im Vorfeld\u203a klingt gravit\u00e4tisch, \u2039im Vorfeld\u203a bahnen sich grosse Dinge an, da dr\u00f6hnt schier schon der Boden. (&#8230;)\u00a0\u00a0\u00a0\u00a0\u00a0\u00a0\u00a0\u00a0\u00a0\u00a0\u00a0\u00a0\u00a0\u00a0\u00a0\u00a0\u00a0\u00a0\u00a0\u00a0\u00a0\u00a0\u00a0\u00a0\u00a0\u00a0\u00a0\u00a0\u00a0\u00a0\u00a0\u00a0\u00a0\u00a0\u00a0\u00a0\u00a0\u00a0\u00a0\u00a0\u00a0\u00a0\u00a0\u00a0\u00a0\u00a0\u00a0\u00a0\u00a0\u00a0\u00a0\u00a0\u00a0\u00a0\u00a0\u00a0\u00a0\u00a0\u00a0\u00a0\u00a0\u00a0\u00a0\u00a0\u00a0\u00a0\u00a0\u00a0\u00a0\u00a0\u00a0\u00a0\u00a0\u00a0\u00a0\u00a0\u00a0\u00a0\u00a0\u00a0\u00a0\u00a0\u00a0\u00a0\u00a0\u00a0\u00a0\u00a0\u00a0\u00a0\u00a0\u00a0\u00a0\u00a0\u00a0\u00a0\u00a0\u00a0\u00a0\u00a0\u00a0\u00a0\u00a0\u00a0\u00a0\u00a0\u00a0\u00a0\u00a0\u00a0\u00a0\u00a0\u00a0\u00a0\u00a0\u00a0\u00a0\u00a0\u00a0\u00a0\u00a0\u00a0\u00a0\u00a0\u00a0\u00a0\u00a0\u00a0\u00a0 Das urspr\u00fcngliche Vorfeld war ein geographisches; \u2039im Vorfeld\u203a einer Investition oder einer Wahl et cetera ist dagegen tempor\u00e4r aufzufassen. Die Formulierung ist also nicht nur aufgeplustert, sondern auch schlicht falsch. Das st\u00f6rt aber niemanden, der sich routiniert und gern im Vorfeld gewichtiger Ereignisse bewegt; f\u00fcr Luftpumpenrhetoriker kann es gar nicht genug Vorfelder geben. Und der deutsche Soldat bleibt sowieso f\u00fcr alle Zeiten unbesiegt, zumindest im Vorfelde\u00bb (Droste 2013, 69).<\/p>\n<p>Entfernen Sie die Floskeln und F\u00fcllw\u00f6rter aus Ihren Texten! Das\u00a0<a href=\"https:\/\/phzh.ch\/Schreibzentrum\/\" target=\"_blank\"><u>Schreibzentrum<\/u><\/a> hilft Ihnen gerne beim Aufr\u00e4umen.<\/p>\n<p><span style=\"text-align: left;color: #696969\">Aus: Droste, Wiglaf. 2013.\u00a0<em>Sprichst du noch oder kommunizierst du schon?<\/em>\u00a0Neue Sprachglossen. M\u00fcnchen: Wilhelm Goldmann.<\/span><\/p>\n","protected":false},"excerpt":{"rendered":"<p>Vorfeld \u00abDas Milit\u00e4rische schwitzt\u00a0der Sprache aus allen Poren. Sehr beliebt ist die Epaulettentr\u00e4gerformulierung \u2039im Vorfeld\u203a \u2013 die traditionell das Gel\u00e4nde beschreibt, das der eigenen Gefechtsstellung vorgelagert ist. Wenn es aber heisst, \u2039im Vorfeld eines EU-Gipfels\u203a sei dieses oder jenes geschehen oder zu erwarten, ist damit ganz simpel \u2039vor dem EU-Gipfel\u203a gemeint. Das scheint f\u00fcr die &hellip; <a href=\"https:\/\/blog.phzh.ch\/schreibzentrum\/2017\/02\/mittwochswort\/\" class=\"more-link\"><span class=\"screen-reader-text\">Mittwochswort<\/span> weiterlesen<\/a><\/p>\n","protected":false},"author":1172,"featured_media":0,"comment_status":"open","ping_status":"closed","sticky":false,"template":"","format":"standard","meta":{"footnotes":""},"categories":[17611,66899],"tags":[],"class_list":["post-3791","post","type-post","status-publish","format-standard","hentry","category-aufgelesen","category-zur-sache"],"yoast_head":"<!-- This site is optimized with the Yoast SEO plugin v26.8 - https:\/\/yoast.com\/product\/yoast-seo-wordpress\/ -->\n<title>Mittwochswort - Das SchreibBLOGzentrum<\/title>\n<meta name=\"robots\" content=\"index, follow, max-snippet:-1, max-image-preview:large, max-video-preview:-1\" \/>\n<link rel=\"canonical\" href=\"https:\/\/blog.phzh.ch\/schreibzentrum\/2017\/02\/mittwochswort\/\" \/>\n<meta property=\"og:locale\" content=\"de_DE\" \/>\n<meta property=\"og:type\" content=\"article\" \/>\n<meta property=\"og:title\" content=\"Mittwochswort - Das SchreibBLOGzentrum\" \/>\n<meta property=\"og:description\" content=\"Vorfeld \u00abDas Milit\u00e4rische schwitzt\u00a0der Sprache aus allen Poren. Sehr beliebt ist die Epaulettentr\u00e4gerformulierung \u2039im Vorfeld\u203a \u2013 die traditionell das Gel\u00e4nde beschreibt, das der eigenen Gefechtsstellung vorgelagert ist. Wenn es aber heisst, \u2039im Vorfeld eines EU-Gipfels\u203a sei dieses oder jenes geschehen oder zu erwarten, ist damit ganz simpel \u2039vor dem EU-Gipfel\u203a gemeint. Das scheint f\u00fcr die &hellip; Mittwochswort weiterlesen\" \/>\n<meta property=\"og:url\" content=\"https:\/\/blog.phzh.ch\/schreibzentrum\/2017\/02\/mittwochswort\/\" \/>\n<meta property=\"og:site_name\" content=\"Das SchreibBLOGzentrum\" \/>\n<meta property=\"article:published_time\" content=\"2017-02-22T05:00:34+00:00\" \/>\n<meta property=\"article:modified_time\" content=\"2017-03-22T16:58:01+00:00\" \/>\n<meta name=\"author\" content=\"Martina Meienberg\" \/>\n<meta name=\"twitter:card\" content=\"summary_large_image\" \/>\n<meta name=\"twitter:label1\" content=\"Verfasst von\" \/>\n\t<meta name=\"twitter:data1\" content=\"Martina Meienberg\" \/>\n\t<meta name=\"twitter:label2\" content=\"Gesch\u00e4tzte Lesezeit\" \/>\n\t<meta name=\"twitter:data2\" content=\"1\u00a0Minute\" \/>\n<script type=\"application\/ld+json\" class=\"yoast-schema-graph\">{\"@context\":\"https:\/\/schema.org\",\"@graph\":[{\"@type\":\"Article\",\"@id\":\"https:\/\/blog.phzh.ch\/schreibzentrum\/2017\/02\/mittwochswort\/#article\",\"isPartOf\":{\"@id\":\"https:\/\/blog.phzh.ch\/schreibzentrum\/2017\/02\/mittwochswort\/\"},\"author\":{\"name\":\"Martina Meienberg\",\"@id\":\"https:\/\/blog.phzh.ch\/schreibzentrum\/#\/schema\/person\/51c3d35f83792bca18b21a66c00a6c3c\"},\"headline\":\"Mittwochswort\",\"datePublished\":\"2017-02-22T05:00:34+00:00\",\"dateModified\":\"2017-03-22T16:58:01+00:00\",\"mainEntityOfPage\":{\"@id\":\"https:\/\/blog.phzh.ch\/schreibzentrum\/2017\/02\/mittwochswort\/\"},\"wordCount\":201,\"commentCount\":0,\"articleSection\":[\"Aufgelesen\",\"Zur Sache\"],\"inLanguage\":\"de\",\"potentialAction\":[{\"@type\":\"CommentAction\",\"name\":\"Comment\",\"target\":[\"https:\/\/blog.phzh.ch\/schreibzentrum\/2017\/02\/mittwochswort\/#respond\"]}]},{\"@type\":\"WebPage\",\"@id\":\"https:\/\/blog.phzh.ch\/schreibzentrum\/2017\/02\/mittwochswort\/\",\"url\":\"https:\/\/blog.phzh.ch\/schreibzentrum\/2017\/02\/mittwochswort\/\",\"name\":\"Mittwochswort - Das SchreibBLOGzentrum\",\"isPartOf\":{\"@id\":\"https:\/\/blog.phzh.ch\/schreibzentrum\/#website\"},\"datePublished\":\"2017-02-22T05:00:34+00:00\",\"dateModified\":\"2017-03-22T16:58:01+00:00\",\"author\":{\"@id\":\"https:\/\/blog.phzh.ch\/schreibzentrum\/#\/schema\/person\/51c3d35f83792bca18b21a66c00a6c3c\"},\"breadcrumb\":{\"@id\":\"https:\/\/blog.phzh.ch\/schreibzentrum\/2017\/02\/mittwochswort\/#breadcrumb\"},\"inLanguage\":\"de\",\"potentialAction\":[{\"@type\":\"ReadAction\",\"target\":[\"https:\/\/blog.phzh.ch\/schreibzentrum\/2017\/02\/mittwochswort\/\"]}]},{\"@type\":\"BreadcrumbList\",\"@id\":\"https:\/\/blog.phzh.ch\/schreibzentrum\/2017\/02\/mittwochswort\/#breadcrumb\",\"itemListElement\":[{\"@type\":\"ListItem\",\"position\":1,\"name\":\"Start\",\"item\":\"https:\/\/blog.phzh.ch\/schreibzentrum\/\"},{\"@type\":\"ListItem\",\"position\":2,\"name\":\"Mittwochswort\"}]},{\"@type\":\"WebSite\",\"@id\":\"https:\/\/blog.phzh.ch\/schreibzentrum\/#website\",\"url\":\"https:\/\/blog.phzh.ch\/schreibzentrum\/\",\"name\":\"Das SchreibBLOGzentrum\",\"description\":\"Texte und Events\",\"potentialAction\":[{\"@type\":\"SearchAction\",\"target\":{\"@type\":\"EntryPoint\",\"urlTemplate\":\"https:\/\/blog.phzh.ch\/schreibzentrum\/?s={search_term_string}\"},\"query-input\":{\"@type\":\"PropertyValueSpecification\",\"valueRequired\":true,\"valueName\":\"search_term_string\"}}],\"inLanguage\":\"de\"},{\"@type\":\"Person\",\"@id\":\"https:\/\/blog.phzh.ch\/schreibzentrum\/#\/schema\/person\/51c3d35f83792bca18b21a66c00a6c3c\",\"name\":\"Martina Meienberg\",\"image\":{\"@type\":\"ImageObject\",\"inLanguage\":\"de\",\"@id\":\"https:\/\/blog.phzh.ch\/schreibzentrum\/#\/schema\/person\/image\/\",\"url\":\"https:\/\/secure.gravatar.com\/avatar\/ff3ac2af18fe72e3520460a6a8cad535?s=96&d=mm&r=g\",\"contentUrl\":\"https:\/\/secure.gravatar.com\/avatar\/ff3ac2af18fe72e3520460a6a8cad535?s=96&d=mm&r=g\",\"caption\":\"Martina Meienberg\"},\"url\":\"https:\/\/blog.phzh.ch\/schreibzentrum\/author\/martinameienberg\/\"}]}<\/script>\n<!-- \/ Yoast SEO plugin. -->","yoast_head_json":{"title":"Mittwochswort - Das SchreibBLOGzentrum","robots":{"index":"index","follow":"follow","max-snippet":"max-snippet:-1","max-image-preview":"max-image-preview:large","max-video-preview":"max-video-preview:-1"},"canonical":"https:\/\/blog.phzh.ch\/schreibzentrum\/2017\/02\/mittwochswort\/","og_locale":"de_DE","og_type":"article","og_title":"Mittwochswort - Das SchreibBLOGzentrum","og_description":"Vorfeld \u00abDas Milit\u00e4rische schwitzt\u00a0der Sprache aus allen Poren. Sehr beliebt ist die Epaulettentr\u00e4gerformulierung \u2039im Vorfeld\u203a \u2013 die traditionell das Gel\u00e4nde beschreibt, das der eigenen Gefechtsstellung vorgelagert ist. Wenn es aber heisst, \u2039im Vorfeld eines EU-Gipfels\u203a sei dieses oder jenes geschehen oder zu erwarten, ist damit ganz simpel \u2039vor dem EU-Gipfel\u203a gemeint. Das scheint f\u00fcr die &hellip; Mittwochswort weiterlesen","og_url":"https:\/\/blog.phzh.ch\/schreibzentrum\/2017\/02\/mittwochswort\/","og_site_name":"Das SchreibBLOGzentrum","article_published_time":"2017-02-22T05:00:34+00:00","article_modified_time":"2017-03-22T16:58:01+00:00","author":"Martina Meienberg","twitter_card":"summary_large_image","twitter_misc":{"Verfasst von":"Martina Meienberg","Gesch\u00e4tzte Lesezeit":"1\u00a0Minute"},"schema":{"@context":"https:\/\/schema.org","@graph":[{"@type":"Article","@id":"https:\/\/blog.phzh.ch\/schreibzentrum\/2017\/02\/mittwochswort\/#article","isPartOf":{"@id":"https:\/\/blog.phzh.ch\/schreibzentrum\/2017\/02\/mittwochswort\/"},"author":{"name":"Martina Meienberg","@id":"https:\/\/blog.phzh.ch\/schreibzentrum\/#\/schema\/person\/51c3d35f83792bca18b21a66c00a6c3c"},"headline":"Mittwochswort","datePublished":"2017-02-22T05:00:34+00:00","dateModified":"2017-03-22T16:58:01+00:00","mainEntityOfPage":{"@id":"https:\/\/blog.phzh.ch\/schreibzentrum\/2017\/02\/mittwochswort\/"},"wordCount":201,"commentCount":0,"articleSection":["Aufgelesen","Zur Sache"],"inLanguage":"de","potentialAction":[{"@type":"CommentAction","name":"Comment","target":["https:\/\/blog.phzh.ch\/schreibzentrum\/2017\/02\/mittwochswort\/#respond"]}]},{"@type":"WebPage","@id":"https:\/\/blog.phzh.ch\/schreibzentrum\/2017\/02\/mittwochswort\/","url":"https:\/\/blog.phzh.ch\/schreibzentrum\/2017\/02\/mittwochswort\/","name":"Mittwochswort - Das SchreibBLOGzentrum","isPartOf":{"@id":"https:\/\/blog.phzh.ch\/schreibzentrum\/#website"},"datePublished":"2017-02-22T05:00:34+00:00","dateModified":"2017-03-22T16:58:01+00:00","author":{"@id":"https:\/\/blog.phzh.ch\/schreibzentrum\/#\/schema\/person\/51c3d35f83792bca18b21a66c00a6c3c"},"breadcrumb":{"@id":"https:\/\/blog.phzh.ch\/schreibzentrum\/2017\/02\/mittwochswort\/#breadcrumb"},"inLanguage":"de","potentialAction":[{"@type":"ReadAction","target":["https:\/\/blog.phzh.ch\/schreibzentrum\/2017\/02\/mittwochswort\/"]}]},{"@type":"BreadcrumbList","@id":"https:\/\/blog.phzh.ch\/schreibzentrum\/2017\/02\/mittwochswort\/#breadcrumb","itemListElement":[{"@type":"ListItem","position":1,"name":"Start","item":"https:\/\/blog.phzh.ch\/schreibzentrum\/"},{"@type":"ListItem","position":2,"name":"Mittwochswort"}]},{"@type":"WebSite","@id":"https:\/\/blog.phzh.ch\/schreibzentrum\/#website","url":"https:\/\/blog.phzh.ch\/schreibzentrum\/","name":"Das SchreibBLOGzentrum","description":"Texte und Events","potentialAction":[{"@type":"SearchAction","target":{"@type":"EntryPoint","urlTemplate":"https:\/\/blog.phzh.ch\/schreibzentrum\/?s={search_term_string}"},"query-input":{"@type":"PropertyValueSpecification","valueRequired":true,"valueName":"search_term_string"}}],"inLanguage":"de"},{"@type":"Person","@id":"https:\/\/blog.phzh.ch\/schreibzentrum\/#\/schema\/person\/51c3d35f83792bca18b21a66c00a6c3c","name":"Martina Meienberg","image":{"@type":"ImageObject","inLanguage":"de","@id":"https:\/\/blog.phzh.ch\/schreibzentrum\/#\/schema\/person\/image\/","url":"https:\/\/secure.gravatar.com\/avatar\/ff3ac2af18fe72e3520460a6a8cad535?s=96&d=mm&r=g","contentUrl":"https:\/\/secure.gravatar.com\/avatar\/ff3ac2af18fe72e3520460a6a8cad535?s=96&d=mm&r=g","caption":"Martina Meienberg"},"url":"https:\/\/blog.phzh.ch\/schreibzentrum\/author\/martinameienberg\/"}]}},"_links":{"self":[{"href":"https:\/\/blog.phzh.ch\/schreibzentrum\/wp-json\/wp\/v2\/posts\/3791","targetHints":{"allow":["GET"]}}],"collection":[{"href":"https:\/\/blog.phzh.ch\/schreibzentrum\/wp-json\/wp\/v2\/posts"}],"about":[{"href":"https:\/\/blog.phzh.ch\/schreibzentrum\/wp-json\/wp\/v2\/types\/post"}],"author":[{"embeddable":true,"href":"https:\/\/blog.phzh.ch\/schreibzentrum\/wp-json\/wp\/v2\/users\/1172"}],"replies":[{"embeddable":true,"href":"https:\/\/blog.phzh.ch\/schreibzentrum\/wp-json\/wp\/v2\/comments?post=3791"}],"version-history":[{"count":3,"href":"https:\/\/blog.phzh.ch\/schreibzentrum\/wp-json\/wp\/v2\/posts\/3791\/revisions"}],"predecessor-version":[{"id":3907,"href":"https:\/\/blog.phzh.ch\/schreibzentrum\/wp-json\/wp\/v2\/posts\/3791\/revisions\/3907"}],"wp:attachment":[{"href":"https:\/\/blog.phzh.ch\/schreibzentrum\/wp-json\/wp\/v2\/media?parent=3791"}],"wp:term":[{"taxonomy":"category","embeddable":true,"href":"https:\/\/blog.phzh.ch\/schreibzentrum\/wp-json\/wp\/v2\/categories?post=3791"},{"taxonomy":"post_tag","embeddable":true,"href":"https:\/\/blog.phzh.ch\/schreibzentrum\/wp-json\/wp\/v2\/tags?post=3791"}],"curies":[{"name":"wp","href":"https:\/\/api.w.org\/{rel}","templated":true}]}}