{"id":3566,"date":"2016-12-08T12:08:09","date_gmt":"2016-12-08T11:08:09","guid":{"rendered":"https:\/\/blog.phzh.ch\/schreibzentrum\/?p=3566"},"modified":"2016-12-12T08:12:48","modified_gmt":"2016-12-12T07:12:48","slug":"tagesgeschichten-story-des-tages","status":"publish","type":"post","link":"https:\/\/blog.phzh.ch\/schreibzentrum\/2016\/12\/tagesgeschichten-story-des-tages\/","title":{"rendered":"Tagesgeschichten &#8211; Story des Tages"},"content":{"rendered":"<p><a href=\"https:\/\/phzh.ch\/de\/Dienstleistungen\/Schreibzentrum\/Schreib-Events\/\" target=\"_blank\"><img loading=\"lazy\" decoding=\"async\" class=\"alignright size-medium wp-image-3579\" src=\"https:\/\/blog.phzh.ch\/schreibzentrum\/files\/2016\/12\/Tagesgeschichten_Erzaehlnacht_Seite_01-212x300.png\" alt=\"\" width=\"212\" height=\"300\" srcset=\"https:\/\/blog.phzh.ch\/schreibzentrum\/files\/2016\/12\/Tagesgeschichten_Erzaehlnacht_Seite_01-212x300.png 212w, https:\/\/blog.phzh.ch\/schreibzentrum\/files\/2016\/12\/Tagesgeschichten_Erzaehlnacht_Seite_01-106x150.png 106w, https:\/\/blog.phzh.ch\/schreibzentrum\/files\/2016\/12\/Tagesgeschichten_Erzaehlnacht_Seite_01-768x1085.png 768w, https:\/\/blog.phzh.ch\/schreibzentrum\/files\/2016\/12\/Tagesgeschichten_Erzaehlnacht_Seite_01-725x1024.png 725w, https:\/\/blog.phzh.ch\/schreibzentrum\/files\/2016\/12\/Tagesgeschichten_Erzaehlnacht_Seite_01.png 1087w\" sizes=\"auto, (max-width: 212px) 100vw, 212px\" \/><\/a>An der letzten Erz\u00e4hlnacht schrieben Studierende, Mitarbeitende und Dozierende Texte zu Schlagzeilen aus Zeitungen und Newsportalen eines bestimmten Tages \u2013 des 3. Novembers 2015. Darunter waren Schlagzeilen wie \u00abIch bin eine Lusche, und das ist auch gut so\u00bb oder \u00abWenigstens einmal r\u00fclpsen, bitte!\u00bb.<br \/>\nEntstanden sind zwei <a href=\"https:\/\/phzh.ch\/de\/Dienstleistungen\/Schreibzentrum\/Schreib-Events\/\" target=\"_blank\">Newsfeeds<\/a>, die das Tagesgeschehen trashig (Story des Tages) oder gehoben (Tagesgeschichten) als Ticker zu Papier bringen.<\/p>\n<p>Aus den Schlagzeilen erwuchsen feuchtfr\u00f6hliche Geschichten wie die von Raini auf dem Countryschiff. Es wurde um\u00a0\u00abschn\u00e4ppchenphilosophische\u00bb Betrachtungen wie\u00a0\u00abWie gelb und rund er ist, der Ball\u00bb herum geeiert\u00a0und mit Lyriktorten \u201eIn Nordkorea fand er seine Ruh &#8230; mit Grab und Decke und Wolkenkuh\u201c geworfen.<\/p>\n<p><img loading=\"lazy\" decoding=\"async\" class=\"alignright size-medium wp-image-3578\" src=\"https:\/\/blog.phzh.ch\/schreibzentrum\/files\/2016\/12\/Story_des_Tages_Erzaehlnacht_Seite_01-212x300.png\" alt=\"\" width=\"212\" height=\"300\" srcset=\"https:\/\/blog.phzh.ch\/schreibzentrum\/files\/2016\/12\/Story_des_Tages_Erzaehlnacht_Seite_01-212x300.png 212w, https:\/\/blog.phzh.ch\/schreibzentrum\/files\/2016\/12\/Story_des_Tages_Erzaehlnacht_Seite_01-106x150.png 106w, https:\/\/blog.phzh.ch\/schreibzentrum\/files\/2016\/12\/Story_des_Tages_Erzaehlnacht_Seite_01-768x1085.png 768w, https:\/\/blog.phzh.ch\/schreibzentrum\/files\/2016\/12\/Story_des_Tages_Erzaehlnacht_Seite_01-725x1024.png 725w, https:\/\/blog.phzh.ch\/schreibzentrum\/files\/2016\/12\/Story_des_Tages_Erzaehlnacht_Seite_01.png 1087w\" sizes=\"auto, (max-width: 212px) 100vw, 212px\" \/>F\u00fcr alle, Gourmets und Junk-Foodies, f\u00fcr Feingeschmack und V\u00f6llerlei, hat\u2019s was.<br \/>\nWer\u2019s sch\u00f6n trashig mag, liest\u00a0\u00abStory des Tages\u00bb, Gehobeneres gibt\u2019s in\u00a0\u00abTagesgeschichten\u00bb.<br \/>\nEinen Tag dauert das Ganze, dann ist alles verdaut.<\/p>\n<p><a title=\"Schreib-Events\" href=\"https:\/\/phzh.ch\/de\/Dienstleistungen\/Schreibzentrum\/Schreib-Events\/\" target=\"_blank\">Bereits seit 2009<\/a>\u00a0entsteht so jedes Jahr eine Erz\u00e4hlnachtbrosch\u00fcre. Die Vernissage des aktuellen Werks\u00a0<em>Tagesgeschichten \/ Story des Tages<\/em>\u00a0fand am 8. November 2016\u00a0statt. Gedruckte Exemplare aller Jahre k\u00f6nnen weiterhin zu je CHF 2.\u2013 beim Schreibzentrum erworben werden.<\/p>\n","protected":false},"excerpt":{"rendered":"<p>An der letzten Erz\u00e4hlnacht schrieben Studierende, Mitarbeitende und Dozierende Texte zu Schlagzeilen aus Zeitungen und Newsportalen eines bestimmten Tages \u2013 des 3. Novembers 2015. Darunter waren Schlagzeilen wie \u00abIch bin eine Lusche, und das ist auch gut so\u00bb oder \u00abWenigstens einmal r\u00fclpsen, bitte!\u00bb. Entstanden sind zwei Newsfeeds, die das Tagesgeschehen trashig (Story des Tages) oder &hellip; <a href=\"https:\/\/blog.phzh.ch\/schreibzentrum\/2016\/12\/tagesgeschichten-story-des-tages\/\" class=\"more-link\"><span class=\"screen-reader-text\">Tagesgeschichten &#8211; Story des Tages<\/span> weiterlesen<\/a><\/p>\n","protected":false},"author":411,"featured_media":0,"comment_status":"open","ping_status":"closed","sticky":false,"template":"","format":"standard","meta":{"footnotes":""},"categories":[17608,17607,48035],"tags":[],"class_list":["post-3566","post","type-post","status-publish","format-standard","hentry","category-events","category-texte","category-tutorinnen-schreiben"],"yoast_head":"<!-- This site is optimized with the Yoast SEO plugin v26.8 - https:\/\/yoast.com\/product\/yoast-seo-wordpress\/ -->\n<title>Tagesgeschichten - Story des Tages - Das SchreibBLOGzentrum<\/title>\n<meta name=\"robots\" content=\"index, follow, max-snippet:-1, max-image-preview:large, max-video-preview:-1\" \/>\n<link rel=\"canonical\" href=\"https:\/\/blog.phzh.ch\/schreibzentrum\/2016\/12\/tagesgeschichten-story-des-tages\/\" \/>\n<meta property=\"og:locale\" content=\"de_DE\" \/>\n<meta property=\"og:type\" content=\"article\" \/>\n<meta property=\"og:title\" content=\"Tagesgeschichten - Story des Tages - Das SchreibBLOGzentrum\" \/>\n<meta property=\"og:description\" content=\"An der letzten Erz\u00e4hlnacht schrieben Studierende, Mitarbeitende und Dozierende Texte zu Schlagzeilen aus Zeitungen und Newsportalen eines bestimmten Tages \u2013 des 3. Novembers 2015. Darunter waren Schlagzeilen wie \u00abIch bin eine Lusche, und das ist auch gut so\u00bb oder \u00abWenigstens einmal r\u00fclpsen, bitte!\u00bb. Entstanden sind zwei Newsfeeds, die das Tagesgeschehen trashig (Story des Tages) oder &hellip; Tagesgeschichten &#8211; Story des Tages weiterlesen\" \/>\n<meta property=\"og:url\" content=\"https:\/\/blog.phzh.ch\/schreibzentrum\/2016\/12\/tagesgeschichten-story-des-tages\/\" \/>\n<meta property=\"og:site_name\" content=\"Das SchreibBLOGzentrum\" \/>\n<meta property=\"article:published_time\" content=\"2016-12-08T11:08:09+00:00\" \/>\n<meta property=\"article:modified_time\" content=\"2016-12-12T07:12:48+00:00\" \/>\n<meta property=\"og:image\" content=\"https:\/\/blog.phzh.ch\/schreibzentrum\/files\/2016\/12\/Tagesgeschichten_Erzaehlnacht_Seite_01-212x300.png\" \/>\n<meta name=\"author\" content=\"Schreibzentrum\" \/>\n<meta name=\"twitter:card\" content=\"summary_large_image\" \/>\n<meta name=\"twitter:label1\" content=\"Verfasst von\" \/>\n\t<meta name=\"twitter:data1\" content=\"Schreibzentrum\" \/>\n\t<meta name=\"twitter:label2\" content=\"Gesch\u00e4tzte Lesezeit\" \/>\n\t<meta name=\"twitter:data2\" content=\"1\u00a0Minute\" \/>\n<script type=\"application\/ld+json\" class=\"yoast-schema-graph\">{\"@context\":\"https:\/\/schema.org\",\"@graph\":[{\"@type\":\"Article\",\"@id\":\"https:\/\/blog.phzh.ch\/schreibzentrum\/2016\/12\/tagesgeschichten-story-des-tages\/#article\",\"isPartOf\":{\"@id\":\"https:\/\/blog.phzh.ch\/schreibzentrum\/2016\/12\/tagesgeschichten-story-des-tages\/\"},\"author\":{\"name\":\"Schreibzentrum\",\"@id\":\"https:\/\/blog.phzh.ch\/schreibzentrum\/#\/schema\/person\/95ec4c371e1883b477c94ada9a021e23\"},\"headline\":\"Tagesgeschichten &#8211; Story des Tages\",\"datePublished\":\"2016-12-08T11:08:09+00:00\",\"dateModified\":\"2016-12-12T07:12:48+00:00\",\"mainEntityOfPage\":{\"@id\":\"https:\/\/blog.phzh.ch\/schreibzentrum\/2016\/12\/tagesgeschichten-story-des-tages\/\"},\"wordCount\":189,\"commentCount\":0,\"image\":{\"@id\":\"https:\/\/blog.phzh.ch\/schreibzentrum\/2016\/12\/tagesgeschichten-story-des-tages\/#primaryimage\"},\"thumbnailUrl\":\"https:\/\/blog.phzh.ch\/schreibzentrum\/files\/2016\/12\/Tagesgeschichten_Erzaehlnacht_Seite_01-212x300.png\",\"articleSection\":[\"Events\",\"Texte\",\"TutorInnen schreiben\"],\"inLanguage\":\"de\",\"potentialAction\":[{\"@type\":\"CommentAction\",\"name\":\"Comment\",\"target\":[\"https:\/\/blog.phzh.ch\/schreibzentrum\/2016\/12\/tagesgeschichten-story-des-tages\/#respond\"]}]},{\"@type\":\"WebPage\",\"@id\":\"https:\/\/blog.phzh.ch\/schreibzentrum\/2016\/12\/tagesgeschichten-story-des-tages\/\",\"url\":\"https:\/\/blog.phzh.ch\/schreibzentrum\/2016\/12\/tagesgeschichten-story-des-tages\/\",\"name\":\"Tagesgeschichten - Story des Tages - Das SchreibBLOGzentrum\",\"isPartOf\":{\"@id\":\"https:\/\/blog.phzh.ch\/schreibzentrum\/#website\"},\"primaryImageOfPage\":{\"@id\":\"https:\/\/blog.phzh.ch\/schreibzentrum\/2016\/12\/tagesgeschichten-story-des-tages\/#primaryimage\"},\"image\":{\"@id\":\"https:\/\/blog.phzh.ch\/schreibzentrum\/2016\/12\/tagesgeschichten-story-des-tages\/#primaryimage\"},\"thumbnailUrl\":\"https:\/\/blog.phzh.ch\/schreibzentrum\/files\/2016\/12\/Tagesgeschichten_Erzaehlnacht_Seite_01-212x300.png\",\"datePublished\":\"2016-12-08T11:08:09+00:00\",\"dateModified\":\"2016-12-12T07:12:48+00:00\",\"author\":{\"@id\":\"https:\/\/blog.phzh.ch\/schreibzentrum\/#\/schema\/person\/95ec4c371e1883b477c94ada9a021e23\"},\"breadcrumb\":{\"@id\":\"https:\/\/blog.phzh.ch\/schreibzentrum\/2016\/12\/tagesgeschichten-story-des-tages\/#breadcrumb\"},\"inLanguage\":\"de\",\"potentialAction\":[{\"@type\":\"ReadAction\",\"target\":[\"https:\/\/blog.phzh.ch\/schreibzentrum\/2016\/12\/tagesgeschichten-story-des-tages\/\"]}]},{\"@type\":\"ImageObject\",\"inLanguage\":\"de\",\"@id\":\"https:\/\/blog.phzh.ch\/schreibzentrum\/2016\/12\/tagesgeschichten-story-des-tages\/#primaryimage\",\"url\":\"https:\/\/blog.phzh.ch\/schreibzentrum\/files\/2016\/12\/Tagesgeschichten_Erzaehlnacht_Seite_01.png\",\"contentUrl\":\"https:\/\/blog.phzh.ch\/schreibzentrum\/files\/2016\/12\/Tagesgeschichten_Erzaehlnacht_Seite_01.png\",\"width\":1087,\"height\":1536},{\"@type\":\"BreadcrumbList\",\"@id\":\"https:\/\/blog.phzh.ch\/schreibzentrum\/2016\/12\/tagesgeschichten-story-des-tages\/#breadcrumb\",\"itemListElement\":[{\"@type\":\"ListItem\",\"position\":1,\"name\":\"Start\",\"item\":\"https:\/\/blog.phzh.ch\/schreibzentrum\/\"},{\"@type\":\"ListItem\",\"position\":2,\"name\":\"Tagesgeschichten &#8211; Story des Tages\"}]},{\"@type\":\"WebSite\",\"@id\":\"https:\/\/blog.phzh.ch\/schreibzentrum\/#website\",\"url\":\"https:\/\/blog.phzh.ch\/schreibzentrum\/\",\"name\":\"Das SchreibBLOGzentrum\",\"description\":\"Texte und Events\",\"potentialAction\":[{\"@type\":\"SearchAction\",\"target\":{\"@type\":\"EntryPoint\",\"urlTemplate\":\"https:\/\/blog.phzh.ch\/schreibzentrum\/?s={search_term_string}\"},\"query-input\":{\"@type\":\"PropertyValueSpecification\",\"valueRequired\":true,\"valueName\":\"search_term_string\"}}],\"inLanguage\":\"de\"},{\"@type\":\"Person\",\"@id\":\"https:\/\/blog.phzh.ch\/schreibzentrum\/#\/schema\/person\/95ec4c371e1883b477c94ada9a021e23\",\"name\":\"Schreibzentrum\",\"image\":{\"@type\":\"ImageObject\",\"inLanguage\":\"de\",\"@id\":\"https:\/\/blog.phzh.ch\/schreibzentrum\/#\/schema\/person\/image\/\",\"url\":\"https:\/\/secure.gravatar.com\/avatar\/0c32268ba336aca6d00b43d3e0a2840f?s=96&d=mm&r=g\",\"contentUrl\":\"https:\/\/secure.gravatar.com\/avatar\/0c32268ba336aca6d00b43d3e0a2840f?s=96&d=mm&r=g\",\"caption\":\"Schreibzentrum\"},\"sameAs\":[\"http:\/\/www.phzh.ch\/schreibzentrum\"],\"url\":\"https:\/\/blog.phzh.ch\/schreibzentrum\/author\/schreibzentrum\/\"}]}<\/script>\n<!-- \/ Yoast SEO plugin. -->","yoast_head_json":{"title":"Tagesgeschichten - Story des Tages - Das SchreibBLOGzentrum","robots":{"index":"index","follow":"follow","max-snippet":"max-snippet:-1","max-image-preview":"max-image-preview:large","max-video-preview":"max-video-preview:-1"},"canonical":"https:\/\/blog.phzh.ch\/schreibzentrum\/2016\/12\/tagesgeschichten-story-des-tages\/","og_locale":"de_DE","og_type":"article","og_title":"Tagesgeschichten - Story des Tages - Das SchreibBLOGzentrum","og_description":"An der letzten Erz\u00e4hlnacht schrieben Studierende, Mitarbeitende und Dozierende Texte zu Schlagzeilen aus Zeitungen und Newsportalen eines bestimmten Tages \u2013 des 3. Novembers 2015. Darunter waren Schlagzeilen wie \u00abIch bin eine Lusche, und das ist auch gut so\u00bb oder \u00abWenigstens einmal r\u00fclpsen, bitte!\u00bb. Entstanden sind zwei Newsfeeds, die das Tagesgeschehen trashig (Story des Tages) oder &hellip; Tagesgeschichten &#8211; Story des Tages weiterlesen","og_url":"https:\/\/blog.phzh.ch\/schreibzentrum\/2016\/12\/tagesgeschichten-story-des-tages\/","og_site_name":"Das SchreibBLOGzentrum","article_published_time":"2016-12-08T11:08:09+00:00","article_modified_time":"2016-12-12T07:12:48+00:00","og_image":[{"url":"https:\/\/blog.phzh.ch\/schreibzentrum\/files\/2016\/12\/Tagesgeschichten_Erzaehlnacht_Seite_01-212x300.png","type":"","width":"","height":""}],"author":"Schreibzentrum","twitter_card":"summary_large_image","twitter_misc":{"Verfasst von":"Schreibzentrum","Gesch\u00e4tzte Lesezeit":"1\u00a0Minute"},"schema":{"@context":"https:\/\/schema.org","@graph":[{"@type":"Article","@id":"https:\/\/blog.phzh.ch\/schreibzentrum\/2016\/12\/tagesgeschichten-story-des-tages\/#article","isPartOf":{"@id":"https:\/\/blog.phzh.ch\/schreibzentrum\/2016\/12\/tagesgeschichten-story-des-tages\/"},"author":{"name":"Schreibzentrum","@id":"https:\/\/blog.phzh.ch\/schreibzentrum\/#\/schema\/person\/95ec4c371e1883b477c94ada9a021e23"},"headline":"Tagesgeschichten &#8211; Story des Tages","datePublished":"2016-12-08T11:08:09+00:00","dateModified":"2016-12-12T07:12:48+00:00","mainEntityOfPage":{"@id":"https:\/\/blog.phzh.ch\/schreibzentrum\/2016\/12\/tagesgeschichten-story-des-tages\/"},"wordCount":189,"commentCount":0,"image":{"@id":"https:\/\/blog.phzh.ch\/schreibzentrum\/2016\/12\/tagesgeschichten-story-des-tages\/#primaryimage"},"thumbnailUrl":"https:\/\/blog.phzh.ch\/schreibzentrum\/files\/2016\/12\/Tagesgeschichten_Erzaehlnacht_Seite_01-212x300.png","articleSection":["Events","Texte","TutorInnen schreiben"],"inLanguage":"de","potentialAction":[{"@type":"CommentAction","name":"Comment","target":["https:\/\/blog.phzh.ch\/schreibzentrum\/2016\/12\/tagesgeschichten-story-des-tages\/#respond"]}]},{"@type":"WebPage","@id":"https:\/\/blog.phzh.ch\/schreibzentrum\/2016\/12\/tagesgeschichten-story-des-tages\/","url":"https:\/\/blog.phzh.ch\/schreibzentrum\/2016\/12\/tagesgeschichten-story-des-tages\/","name":"Tagesgeschichten - Story des Tages - Das SchreibBLOGzentrum","isPartOf":{"@id":"https:\/\/blog.phzh.ch\/schreibzentrum\/#website"},"primaryImageOfPage":{"@id":"https:\/\/blog.phzh.ch\/schreibzentrum\/2016\/12\/tagesgeschichten-story-des-tages\/#primaryimage"},"image":{"@id":"https:\/\/blog.phzh.ch\/schreibzentrum\/2016\/12\/tagesgeschichten-story-des-tages\/#primaryimage"},"thumbnailUrl":"https:\/\/blog.phzh.ch\/schreibzentrum\/files\/2016\/12\/Tagesgeschichten_Erzaehlnacht_Seite_01-212x300.png","datePublished":"2016-12-08T11:08:09+00:00","dateModified":"2016-12-12T07:12:48+00:00","author":{"@id":"https:\/\/blog.phzh.ch\/schreibzentrum\/#\/schema\/person\/95ec4c371e1883b477c94ada9a021e23"},"breadcrumb":{"@id":"https:\/\/blog.phzh.ch\/schreibzentrum\/2016\/12\/tagesgeschichten-story-des-tages\/#breadcrumb"},"inLanguage":"de","potentialAction":[{"@type":"ReadAction","target":["https:\/\/blog.phzh.ch\/schreibzentrum\/2016\/12\/tagesgeschichten-story-des-tages\/"]}]},{"@type":"ImageObject","inLanguage":"de","@id":"https:\/\/blog.phzh.ch\/schreibzentrum\/2016\/12\/tagesgeschichten-story-des-tages\/#primaryimage","url":"https:\/\/blog.phzh.ch\/schreibzentrum\/files\/2016\/12\/Tagesgeschichten_Erzaehlnacht_Seite_01.png","contentUrl":"https:\/\/blog.phzh.ch\/schreibzentrum\/files\/2016\/12\/Tagesgeschichten_Erzaehlnacht_Seite_01.png","width":1087,"height":1536},{"@type":"BreadcrumbList","@id":"https:\/\/blog.phzh.ch\/schreibzentrum\/2016\/12\/tagesgeschichten-story-des-tages\/#breadcrumb","itemListElement":[{"@type":"ListItem","position":1,"name":"Start","item":"https:\/\/blog.phzh.ch\/schreibzentrum\/"},{"@type":"ListItem","position":2,"name":"Tagesgeschichten &#8211; Story des Tages"}]},{"@type":"WebSite","@id":"https:\/\/blog.phzh.ch\/schreibzentrum\/#website","url":"https:\/\/blog.phzh.ch\/schreibzentrum\/","name":"Das SchreibBLOGzentrum","description":"Texte und Events","potentialAction":[{"@type":"SearchAction","target":{"@type":"EntryPoint","urlTemplate":"https:\/\/blog.phzh.ch\/schreibzentrum\/?s={search_term_string}"},"query-input":{"@type":"PropertyValueSpecification","valueRequired":true,"valueName":"search_term_string"}}],"inLanguage":"de"},{"@type":"Person","@id":"https:\/\/blog.phzh.ch\/schreibzentrum\/#\/schema\/person\/95ec4c371e1883b477c94ada9a021e23","name":"Schreibzentrum","image":{"@type":"ImageObject","inLanguage":"de","@id":"https:\/\/blog.phzh.ch\/schreibzentrum\/#\/schema\/person\/image\/","url":"https:\/\/secure.gravatar.com\/avatar\/0c32268ba336aca6d00b43d3e0a2840f?s=96&d=mm&r=g","contentUrl":"https:\/\/secure.gravatar.com\/avatar\/0c32268ba336aca6d00b43d3e0a2840f?s=96&d=mm&r=g","caption":"Schreibzentrum"},"sameAs":["http:\/\/www.phzh.ch\/schreibzentrum"],"url":"https:\/\/blog.phzh.ch\/schreibzentrum\/author\/schreibzentrum\/"}]}},"_links":{"self":[{"href":"https:\/\/blog.phzh.ch\/schreibzentrum\/wp-json\/wp\/v2\/posts\/3566","targetHints":{"allow":["GET"]}}],"collection":[{"href":"https:\/\/blog.phzh.ch\/schreibzentrum\/wp-json\/wp\/v2\/posts"}],"about":[{"href":"https:\/\/blog.phzh.ch\/schreibzentrum\/wp-json\/wp\/v2\/types\/post"}],"author":[{"embeddable":true,"href":"https:\/\/blog.phzh.ch\/schreibzentrum\/wp-json\/wp\/v2\/users\/411"}],"replies":[{"embeddable":true,"href":"https:\/\/blog.phzh.ch\/schreibzentrum\/wp-json\/wp\/v2\/comments?post=3566"}],"version-history":[{"count":17,"href":"https:\/\/blog.phzh.ch\/schreibzentrum\/wp-json\/wp\/v2\/posts\/3566\/revisions"}],"predecessor-version":[{"id":3587,"href":"https:\/\/blog.phzh.ch\/schreibzentrum\/wp-json\/wp\/v2\/posts\/3566\/revisions\/3587"}],"wp:attachment":[{"href":"https:\/\/blog.phzh.ch\/schreibzentrum\/wp-json\/wp\/v2\/media?parent=3566"}],"wp:term":[{"taxonomy":"category","embeddable":true,"href":"https:\/\/blog.phzh.ch\/schreibzentrum\/wp-json\/wp\/v2\/categories?post=3566"},{"taxonomy":"post_tag","embeddable":true,"href":"https:\/\/blog.phzh.ch\/schreibzentrum\/wp-json\/wp\/v2\/tags?post=3566"}],"curies":[{"name":"wp","href":"https:\/\/api.w.org\/{rel}","templated":true}]}}