{"id":2691,"date":"2015-11-03T14:00:19","date_gmt":"2015-11-03T13:00:19","guid":{"rendered":"http:\/\/blog.phzh.ch\/schreibzentrum\/?p=2691"},"modified":"2015-11-03T14:43:36","modified_gmt":"2015-11-03T13:43:36","slug":"vernissage-schreiben-und-scham","status":"publish","type":"post","link":"https:\/\/blog.phzh.ch\/schreibzentrum\/2015\/11\/vernissage-schreiben-und-scham\/","title":{"rendered":"Vernissage \u00abSchreiben und Scham\u00bb"},"content":{"rendered":"<p style=\"text-align: right\">\u00abViel besser ist es, sich mal beim Sch\u00e4men zu irren,<br \/>\nals sich best\u00e4ndig seiner Irrt\u00fcmer zu sch\u00e4men.\u00bb<br \/>\n<em>Martin Gerhard Reisenberg<\/em><\/p>\n<p>Scham ist eine treue Begleiterin im Schreibprozess. Ein wenig wie der Mond zur Erde\u00a0geh\u00f6rt sie zum Schreiben, ob wir wollen oder nicht. Wie der Mond\u00a0wirft sie Schatten, bietet aber auch Spektakel, wenn sie\u00a0das Schreiben wieder mal zufinstert. Begegnen wir dem Schreibtrabanten mit Interesse und Humor. Schauen wir durch die geschw\u00e4rzte Schutzbrille, wenn\u00a0die Scham Schreibfinsternis macht: In einer ungezwungen ernsten\u00a0und sachlich humoristischen Begegnung werden diesen Freitagabend, 6. November 2015, um 19.00 Uhr in der\u00a0<a href=\"http:\/\/www.paranoiacity.ch\" target=\"_blank\">Buchhandlung Paranoia\u00a0<\/a>anl\u00e4sslich der Vernissage des\u00a0Sammelbandes\u00a0<em>Schreiben und Scham<\/em>\u00a0verschiedene Autorinnen aus ihren Beitr\u00e4gen vorlesen.<\/p>\n<p><a href=\"http:\/\/www.psychosozial-verlag.de\/catalog\/product_info.php\/cPath\/1000_1200\/products_id\/2470\" target=\"_blank\"><img loading=\"lazy\" decoding=\"async\" class=\"alignnone size-medium wp-image-2695\" src=\"http:\/\/blog.phzh.ch\/schreibzentrum\/files\/2015\/11\/Schreiben_und_Scham1-212x300.jpg\" alt=\"PSY Honegger 2470 COV 150721.indd\" width=\"212\" height=\"300\" srcset=\"https:\/\/blog.phzh.ch\/schreibzentrum\/files\/2015\/11\/Schreiben_und_Scham1-212x300.jpg 212w, https:\/\/blog.phzh.ch\/schreibzentrum\/files\/2015\/11\/Schreiben_und_Scham1-106x150.jpg 106w, https:\/\/blog.phzh.ch\/schreibzentrum\/files\/2015\/11\/Schreiben_und_Scham1.jpg 380w\" sizes=\"auto, (max-width: 212px) 100vw, 212px\" \/><br \/>\n<\/a><i>Schreiben und Scham: Wenn ein Affekt zur Sprache kommt<\/i>.<br \/>\nHrsg. v. Monique Honegger. Giessen: Psychosozial-Verlag, 2015.<\/p>\n<p>Schreiben ist eine grundlegende Kulturtechnik. Wer selbst schreibt oder andere beim Schreiben begleitet, begegnet diversen Aspekten von Scham. Umgekehrt spielen Schreiben und Textualit\u00e4t eine spezifische Rolle, wenn Menschen sich der Welt ihrer Schamgef\u00fchle bewusst werden. Eine Wechselwirkung ist zu beobachten: Einerseits hat das F\u00fchlen von Scham Einfluss auf den Schreibprozess, andererseits beeinflusst Schreiben das Erleben und Darstellen von Scham.<\/p>\n<p>&nbsp;<\/p>\n","protected":false},"excerpt":{"rendered":"<p>\u00abViel besser ist es, sich mal beim Sch\u00e4men zu irren, als sich best\u00e4ndig seiner Irrt\u00fcmer zu sch\u00e4men.\u00bb Martin Gerhard Reisenberg Scham ist eine treue Begleiterin im Schreibprozess. Ein wenig wie der Mond zur Erde\u00a0geh\u00f6rt sie zum Schreiben, ob wir wollen oder nicht. Wie der Mond\u00a0wirft sie Schatten, bietet aber auch Spektakel, wenn sie\u00a0das Schreiben wieder &hellip; <a href=\"https:\/\/blog.phzh.ch\/schreibzentrum\/2015\/11\/vernissage-schreiben-und-scham\/\" class=\"more-link\"><span class=\"screen-reader-text\">Vernissage \u00abSchreiben und Scham\u00bb<\/span> weiterlesen<\/a><\/p>\n","protected":false},"author":411,"featured_media":0,"comment_status":"open","ping_status":"closed","sticky":false,"template":"","format":"standard","meta":{"footnotes":""},"categories":[17608,66708],"tags":[],"class_list":["post-2691","post","type-post","status-publish","format-standard","hentry","category-events","category-buchtipp"],"yoast_head":"<!-- This site is optimized with the Yoast SEO plugin v26.8 - https:\/\/yoast.com\/product\/yoast-seo-wordpress\/ -->\n<title>Vernissage \u00abSchreiben und Scham\u00bb - Das SchreibBLOGzentrum<\/title>\n<meta name=\"robots\" content=\"index, follow, max-snippet:-1, max-image-preview:large, max-video-preview:-1\" \/>\n<link rel=\"canonical\" href=\"https:\/\/blog.phzh.ch\/schreibzentrum\/2015\/11\/vernissage-schreiben-und-scham\/\" \/>\n<meta property=\"og:locale\" content=\"de_DE\" \/>\n<meta property=\"og:type\" content=\"article\" \/>\n<meta property=\"og:title\" content=\"Vernissage \u00abSchreiben und Scham\u00bb - Das SchreibBLOGzentrum\" \/>\n<meta property=\"og:description\" content=\"\u00abViel besser ist es, sich mal beim Sch\u00e4men zu irren, als sich best\u00e4ndig seiner Irrt\u00fcmer zu sch\u00e4men.\u00bb Martin Gerhard Reisenberg Scham ist eine treue Begleiterin im Schreibprozess. Ein wenig wie der Mond zur Erde\u00a0geh\u00f6rt sie zum Schreiben, ob wir wollen oder nicht. Wie der Mond\u00a0wirft sie Schatten, bietet aber auch Spektakel, wenn sie\u00a0das Schreiben wieder &hellip; Vernissage \u00abSchreiben und Scham\u00bb weiterlesen\" \/>\n<meta property=\"og:url\" content=\"https:\/\/blog.phzh.ch\/schreibzentrum\/2015\/11\/vernissage-schreiben-und-scham\/\" \/>\n<meta property=\"og:site_name\" content=\"Das SchreibBLOGzentrum\" \/>\n<meta property=\"article:published_time\" content=\"2015-11-03T13:00:19+00:00\" \/>\n<meta property=\"article:modified_time\" content=\"2015-11-03T13:43:36+00:00\" \/>\n<meta property=\"og:image\" content=\"http:\/\/blog.phzh.ch\/schreibzentrum\/files\/2015\/11\/Schreiben_und_Scham1-212x300.jpg\" \/>\n<meta name=\"author\" content=\"Schreibzentrum\" \/>\n<meta name=\"twitter:card\" content=\"summary_large_image\" \/>\n<meta name=\"twitter:label1\" content=\"Verfasst von\" \/>\n\t<meta name=\"twitter:data1\" content=\"Schreibzentrum\" \/>\n\t<meta name=\"twitter:label2\" content=\"Gesch\u00e4tzte Lesezeit\" \/>\n\t<meta name=\"twitter:data2\" content=\"1\u00a0Minute\" \/>\n<script type=\"application\/ld+json\" class=\"yoast-schema-graph\">{\"@context\":\"https:\/\/schema.org\",\"@graph\":[{\"@type\":\"Article\",\"@id\":\"https:\/\/blog.phzh.ch\/schreibzentrum\/2015\/11\/vernissage-schreiben-und-scham\/#article\",\"isPartOf\":{\"@id\":\"https:\/\/blog.phzh.ch\/schreibzentrum\/2015\/11\/vernissage-schreiben-und-scham\/\"},\"author\":{\"name\":\"Schreibzentrum\",\"@id\":\"https:\/\/blog.phzh.ch\/schreibzentrum\/#\/schema\/person\/95ec4c371e1883b477c94ada9a021e23\"},\"headline\":\"Vernissage \u00abSchreiben und Scham\u00bb\",\"datePublished\":\"2015-11-03T13:00:19+00:00\",\"dateModified\":\"2015-11-03T13:43:36+00:00\",\"mainEntityOfPage\":{\"@id\":\"https:\/\/blog.phzh.ch\/schreibzentrum\/2015\/11\/vernissage-schreiben-und-scham\/\"},\"wordCount\":201,\"commentCount\":0,\"image\":{\"@id\":\"https:\/\/blog.phzh.ch\/schreibzentrum\/2015\/11\/vernissage-schreiben-und-scham\/#primaryimage\"},\"thumbnailUrl\":\"http:\/\/blog.phzh.ch\/schreibzentrum\/files\/2015\/11\/Schreiben_und_Scham1-212x300.jpg\",\"articleSection\":[\"Events\",\"Medientipp\"],\"inLanguage\":\"de\",\"potentialAction\":[{\"@type\":\"CommentAction\",\"name\":\"Comment\",\"target\":[\"https:\/\/blog.phzh.ch\/schreibzentrum\/2015\/11\/vernissage-schreiben-und-scham\/#respond\"]}]},{\"@type\":\"WebPage\",\"@id\":\"https:\/\/blog.phzh.ch\/schreibzentrum\/2015\/11\/vernissage-schreiben-und-scham\/\",\"url\":\"https:\/\/blog.phzh.ch\/schreibzentrum\/2015\/11\/vernissage-schreiben-und-scham\/\",\"name\":\"Vernissage \u00abSchreiben und Scham\u00bb - Das SchreibBLOGzentrum\",\"isPartOf\":{\"@id\":\"https:\/\/blog.phzh.ch\/schreibzentrum\/#website\"},\"primaryImageOfPage\":{\"@id\":\"https:\/\/blog.phzh.ch\/schreibzentrum\/2015\/11\/vernissage-schreiben-und-scham\/#primaryimage\"},\"image\":{\"@id\":\"https:\/\/blog.phzh.ch\/schreibzentrum\/2015\/11\/vernissage-schreiben-und-scham\/#primaryimage\"},\"thumbnailUrl\":\"http:\/\/blog.phzh.ch\/schreibzentrum\/files\/2015\/11\/Schreiben_und_Scham1-212x300.jpg\",\"datePublished\":\"2015-11-03T13:00:19+00:00\",\"dateModified\":\"2015-11-03T13:43:36+00:00\",\"author\":{\"@id\":\"https:\/\/blog.phzh.ch\/schreibzentrum\/#\/schema\/person\/95ec4c371e1883b477c94ada9a021e23\"},\"breadcrumb\":{\"@id\":\"https:\/\/blog.phzh.ch\/schreibzentrum\/2015\/11\/vernissage-schreiben-und-scham\/#breadcrumb\"},\"inLanguage\":\"de\",\"potentialAction\":[{\"@type\":\"ReadAction\",\"target\":[\"https:\/\/blog.phzh.ch\/schreibzentrum\/2015\/11\/vernissage-schreiben-und-scham\/\"]}]},{\"@type\":\"ImageObject\",\"inLanguage\":\"de\",\"@id\":\"https:\/\/blog.phzh.ch\/schreibzentrum\/2015\/11\/vernissage-schreiben-und-scham\/#primaryimage\",\"url\":\"https:\/\/blog.phzh.ch\/schreibzentrum\/files\/2015\/11\/Schreiben_und_Scham1.jpg\",\"contentUrl\":\"https:\/\/blog.phzh.ch\/schreibzentrum\/files\/2015\/11\/Schreiben_und_Scham1.jpg\",\"width\":380,\"height\":538},{\"@type\":\"BreadcrumbList\",\"@id\":\"https:\/\/blog.phzh.ch\/schreibzentrum\/2015\/11\/vernissage-schreiben-und-scham\/#breadcrumb\",\"itemListElement\":[{\"@type\":\"ListItem\",\"position\":1,\"name\":\"Start\",\"item\":\"https:\/\/blog.phzh.ch\/schreibzentrum\/\"},{\"@type\":\"ListItem\",\"position\":2,\"name\":\"Vernissage \u00abSchreiben und Scham\u00bb\"}]},{\"@type\":\"WebSite\",\"@id\":\"https:\/\/blog.phzh.ch\/schreibzentrum\/#website\",\"url\":\"https:\/\/blog.phzh.ch\/schreibzentrum\/\",\"name\":\"Das SchreibBLOGzentrum\",\"description\":\"Texte und Events\",\"potentialAction\":[{\"@type\":\"SearchAction\",\"target\":{\"@type\":\"EntryPoint\",\"urlTemplate\":\"https:\/\/blog.phzh.ch\/schreibzentrum\/?s={search_term_string}\"},\"query-input\":{\"@type\":\"PropertyValueSpecification\",\"valueRequired\":true,\"valueName\":\"search_term_string\"}}],\"inLanguage\":\"de\"},{\"@type\":\"Person\",\"@id\":\"https:\/\/blog.phzh.ch\/schreibzentrum\/#\/schema\/person\/95ec4c371e1883b477c94ada9a021e23\",\"name\":\"Schreibzentrum\",\"image\":{\"@type\":\"ImageObject\",\"inLanguage\":\"de\",\"@id\":\"https:\/\/blog.phzh.ch\/schreibzentrum\/#\/schema\/person\/image\/\",\"url\":\"https:\/\/secure.gravatar.com\/avatar\/0c32268ba336aca6d00b43d3e0a2840f?s=96&d=mm&r=g\",\"contentUrl\":\"https:\/\/secure.gravatar.com\/avatar\/0c32268ba336aca6d00b43d3e0a2840f?s=96&d=mm&r=g\",\"caption\":\"Schreibzentrum\"},\"sameAs\":[\"http:\/\/www.phzh.ch\/schreibzentrum\"],\"url\":\"https:\/\/blog.phzh.ch\/schreibzentrum\/author\/schreibzentrum\/\"}]}<\/script>\n<!-- \/ Yoast SEO plugin. -->","yoast_head_json":{"title":"Vernissage \u00abSchreiben und Scham\u00bb - Das SchreibBLOGzentrum","robots":{"index":"index","follow":"follow","max-snippet":"max-snippet:-1","max-image-preview":"max-image-preview:large","max-video-preview":"max-video-preview:-1"},"canonical":"https:\/\/blog.phzh.ch\/schreibzentrum\/2015\/11\/vernissage-schreiben-und-scham\/","og_locale":"de_DE","og_type":"article","og_title":"Vernissage \u00abSchreiben und Scham\u00bb - Das SchreibBLOGzentrum","og_description":"\u00abViel besser ist es, sich mal beim Sch\u00e4men zu irren, als sich best\u00e4ndig seiner Irrt\u00fcmer zu sch\u00e4men.\u00bb Martin Gerhard Reisenberg Scham ist eine treue Begleiterin im Schreibprozess. Ein wenig wie der Mond zur Erde\u00a0geh\u00f6rt sie zum Schreiben, ob wir wollen oder nicht. Wie der Mond\u00a0wirft sie Schatten, bietet aber auch Spektakel, wenn sie\u00a0das Schreiben wieder &hellip; Vernissage \u00abSchreiben und Scham\u00bb weiterlesen","og_url":"https:\/\/blog.phzh.ch\/schreibzentrum\/2015\/11\/vernissage-schreiben-und-scham\/","og_site_name":"Das SchreibBLOGzentrum","article_published_time":"2015-11-03T13:00:19+00:00","article_modified_time":"2015-11-03T13:43:36+00:00","og_image":[{"url":"http:\/\/blog.phzh.ch\/schreibzentrum\/files\/2015\/11\/Schreiben_und_Scham1-212x300.jpg","type":"","width":"","height":""}],"author":"Schreibzentrum","twitter_card":"summary_large_image","twitter_misc":{"Verfasst von":"Schreibzentrum","Gesch\u00e4tzte Lesezeit":"1\u00a0Minute"},"schema":{"@context":"https:\/\/schema.org","@graph":[{"@type":"Article","@id":"https:\/\/blog.phzh.ch\/schreibzentrum\/2015\/11\/vernissage-schreiben-und-scham\/#article","isPartOf":{"@id":"https:\/\/blog.phzh.ch\/schreibzentrum\/2015\/11\/vernissage-schreiben-und-scham\/"},"author":{"name":"Schreibzentrum","@id":"https:\/\/blog.phzh.ch\/schreibzentrum\/#\/schema\/person\/95ec4c371e1883b477c94ada9a021e23"},"headline":"Vernissage \u00abSchreiben und Scham\u00bb","datePublished":"2015-11-03T13:00:19+00:00","dateModified":"2015-11-03T13:43:36+00:00","mainEntityOfPage":{"@id":"https:\/\/blog.phzh.ch\/schreibzentrum\/2015\/11\/vernissage-schreiben-und-scham\/"},"wordCount":201,"commentCount":0,"image":{"@id":"https:\/\/blog.phzh.ch\/schreibzentrum\/2015\/11\/vernissage-schreiben-und-scham\/#primaryimage"},"thumbnailUrl":"http:\/\/blog.phzh.ch\/schreibzentrum\/files\/2015\/11\/Schreiben_und_Scham1-212x300.jpg","articleSection":["Events","Medientipp"],"inLanguage":"de","potentialAction":[{"@type":"CommentAction","name":"Comment","target":["https:\/\/blog.phzh.ch\/schreibzentrum\/2015\/11\/vernissage-schreiben-und-scham\/#respond"]}]},{"@type":"WebPage","@id":"https:\/\/blog.phzh.ch\/schreibzentrum\/2015\/11\/vernissage-schreiben-und-scham\/","url":"https:\/\/blog.phzh.ch\/schreibzentrum\/2015\/11\/vernissage-schreiben-und-scham\/","name":"Vernissage \u00abSchreiben und Scham\u00bb - Das SchreibBLOGzentrum","isPartOf":{"@id":"https:\/\/blog.phzh.ch\/schreibzentrum\/#website"},"primaryImageOfPage":{"@id":"https:\/\/blog.phzh.ch\/schreibzentrum\/2015\/11\/vernissage-schreiben-und-scham\/#primaryimage"},"image":{"@id":"https:\/\/blog.phzh.ch\/schreibzentrum\/2015\/11\/vernissage-schreiben-und-scham\/#primaryimage"},"thumbnailUrl":"http:\/\/blog.phzh.ch\/schreibzentrum\/files\/2015\/11\/Schreiben_und_Scham1-212x300.jpg","datePublished":"2015-11-03T13:00:19+00:00","dateModified":"2015-11-03T13:43:36+00:00","author":{"@id":"https:\/\/blog.phzh.ch\/schreibzentrum\/#\/schema\/person\/95ec4c371e1883b477c94ada9a021e23"},"breadcrumb":{"@id":"https:\/\/blog.phzh.ch\/schreibzentrum\/2015\/11\/vernissage-schreiben-und-scham\/#breadcrumb"},"inLanguage":"de","potentialAction":[{"@type":"ReadAction","target":["https:\/\/blog.phzh.ch\/schreibzentrum\/2015\/11\/vernissage-schreiben-und-scham\/"]}]},{"@type":"ImageObject","inLanguage":"de","@id":"https:\/\/blog.phzh.ch\/schreibzentrum\/2015\/11\/vernissage-schreiben-und-scham\/#primaryimage","url":"https:\/\/blog.phzh.ch\/schreibzentrum\/files\/2015\/11\/Schreiben_und_Scham1.jpg","contentUrl":"https:\/\/blog.phzh.ch\/schreibzentrum\/files\/2015\/11\/Schreiben_und_Scham1.jpg","width":380,"height":538},{"@type":"BreadcrumbList","@id":"https:\/\/blog.phzh.ch\/schreibzentrum\/2015\/11\/vernissage-schreiben-und-scham\/#breadcrumb","itemListElement":[{"@type":"ListItem","position":1,"name":"Start","item":"https:\/\/blog.phzh.ch\/schreibzentrum\/"},{"@type":"ListItem","position":2,"name":"Vernissage \u00abSchreiben und Scham\u00bb"}]},{"@type":"WebSite","@id":"https:\/\/blog.phzh.ch\/schreibzentrum\/#website","url":"https:\/\/blog.phzh.ch\/schreibzentrum\/","name":"Das SchreibBLOGzentrum","description":"Texte und Events","potentialAction":[{"@type":"SearchAction","target":{"@type":"EntryPoint","urlTemplate":"https:\/\/blog.phzh.ch\/schreibzentrum\/?s={search_term_string}"},"query-input":{"@type":"PropertyValueSpecification","valueRequired":true,"valueName":"search_term_string"}}],"inLanguage":"de"},{"@type":"Person","@id":"https:\/\/blog.phzh.ch\/schreibzentrum\/#\/schema\/person\/95ec4c371e1883b477c94ada9a021e23","name":"Schreibzentrum","image":{"@type":"ImageObject","inLanguage":"de","@id":"https:\/\/blog.phzh.ch\/schreibzentrum\/#\/schema\/person\/image\/","url":"https:\/\/secure.gravatar.com\/avatar\/0c32268ba336aca6d00b43d3e0a2840f?s=96&d=mm&r=g","contentUrl":"https:\/\/secure.gravatar.com\/avatar\/0c32268ba336aca6d00b43d3e0a2840f?s=96&d=mm&r=g","caption":"Schreibzentrum"},"sameAs":["http:\/\/www.phzh.ch\/schreibzentrum"],"url":"https:\/\/blog.phzh.ch\/schreibzentrum\/author\/schreibzentrum\/"}]}},"_links":{"self":[{"href":"https:\/\/blog.phzh.ch\/schreibzentrum\/wp-json\/wp\/v2\/posts\/2691","targetHints":{"allow":["GET"]}}],"collection":[{"href":"https:\/\/blog.phzh.ch\/schreibzentrum\/wp-json\/wp\/v2\/posts"}],"about":[{"href":"https:\/\/blog.phzh.ch\/schreibzentrum\/wp-json\/wp\/v2\/types\/post"}],"author":[{"embeddable":true,"href":"https:\/\/blog.phzh.ch\/schreibzentrum\/wp-json\/wp\/v2\/users\/411"}],"replies":[{"embeddable":true,"href":"https:\/\/blog.phzh.ch\/schreibzentrum\/wp-json\/wp\/v2\/comments?post=2691"}],"version-history":[{"count":18,"href":"https:\/\/blog.phzh.ch\/schreibzentrum\/wp-json\/wp\/v2\/posts\/2691\/revisions"}],"predecessor-version":[{"id":2708,"href":"https:\/\/blog.phzh.ch\/schreibzentrum\/wp-json\/wp\/v2\/posts\/2691\/revisions\/2708"}],"wp:attachment":[{"href":"https:\/\/blog.phzh.ch\/schreibzentrum\/wp-json\/wp\/v2\/media?parent=2691"}],"wp:term":[{"taxonomy":"category","embeddable":true,"href":"https:\/\/blog.phzh.ch\/schreibzentrum\/wp-json\/wp\/v2\/categories?post=2691"},{"taxonomy":"post_tag","embeddable":true,"href":"https:\/\/blog.phzh.ch\/schreibzentrum\/wp-json\/wp\/v2\/tags?post=2691"}],"curies":[{"name":"wp","href":"https:\/\/api.w.org\/{rel}","templated":true}]}}