{"id":1642,"date":"2014-04-03T07:17:55","date_gmt":"2014-04-03T06:17:55","guid":{"rendered":"http:\/\/blog.phzh.ch\/schreibzentrum\/?p=1642"},"modified":"2022-03-18T10:03:08","modified_gmt":"2022-03-18T09:03:08","slug":"ein-junger-pfarrer-auf-abwegen","status":"publish","type":"post","link":"https:\/\/blog.phzh.ch\/schreibzentrum\/2014\/04\/ein-junger-pfarrer-auf-abwegen\/","title":{"rendered":"Ein junger Pfarrer auf Abwegen"},"content":{"rendered":"<p>Der Beginn des Romans geht so: <a href=\"http:\/\/www.hanser-literaturverlage.de\/buecher\/buch.html?isbn=978-3-446-24477-1\" target=\"_blank\" rel=\"noopener\"><img loading=\"lazy\" decoding=\"async\" class=\"alignright size-medium wp-image-1647\" src=\"http:\/\/blog.phzh.ch\/schreibzentrum\/files\/2014\/04\/Leine-Ewigkeitsfjord-195x300.jpg\" alt=\"Leine_244771_MR.indd\" width=\"202\" height=\"305\"><\/a><\/p>\n<p><em>\u00abDie Witwe ist aus freiem Willen hier hinaufgegangen, niemand hat sie dazu gewzungen. Sie hat die L\u00e4use aus ihren besten Kleidern geklopft und sich dann angezogen, ihr Haar im Urineimer des Gemeinschaftshauses gewaschen und hochgesteckt.\u00bb<\/em><\/p>\n<p>Der Roman erz\u00e4hlt vom jungen Pfarrers Morten Falk, der nach katholischen Gesichtspunkten ein grosser S\u00fcnder ist. Er sucht das sexuelle Abenteuer mit einem androgynen Jungen, liest lieber in Rousseaus Schriften als in der Bibel, stiehlt und f\u00fchrt Abtreibungen durch. Nichtsdestotrotz ist einem der Pfarrer sympathisch. Getrieben von Lebenshunger und aufkl\u00e4rerischen Idealen reist er als Missionar am Ende des 18. Jahrhunderts von Kopenhagen in eine d\u00e4nische Kolonie in Gr\u00f6nland, wo alles anders ist, als er es erwartet hatte.<\/p>\n<p>Mit Humor und Tragik erz\u00e4hlt Kim Leine vom Schicksal eines modernen Menschen, dem es unm\u00f6glich ist, seine eigene Integrit\u00e4t zu wahren. Das Buch ist ein grosses Lesevergn\u00fcgen.<\/p>\n<p>Kim Leine: <a href=\"http:\/\/www.hanser-literaturverlage.de\/buecher\/buch.html?isbn=978-3-446-24477-1\" target=\"_blank\" rel=\"noopener\">Ewigkeitsfjord<\/a> (Hanser, 2014, 635 Seiten)<\/p>\n<p>Mit Kim Leine zum Schauplatz des Romans gehen:<br \/>\n<a href=\"https:\/\/youtu.be\/7t6Csz9XxK0\" data-rel=\"lightbox-video-0\">youtu.be\/7t6Csz9XxK0<\/a><\/p>\n","protected":false},"excerpt":{"rendered":"<p>Der Beginn des Romans geht so: \u00abDie Witwe ist aus freiem Willen hier hinaufgegangen, niemand hat sie dazu gewzungen. Sie hat die L\u00e4use aus ihren besten Kleidern geklopft und sich dann angezogen, ihr Haar im Urineimer des Gemeinschaftshauses gewaschen und hochgesteckt.\u00bb Der Roman erz\u00e4hlt vom jungen Pfarrers Morten Falk, der nach katholischen Gesichtspunkten ein grosser &hellip; <a href=\"https:\/\/blog.phzh.ch\/schreibzentrum\/2014\/04\/ein-junger-pfarrer-auf-abwegen\/\" class=\"more-link\"><span class=\"screen-reader-text\">Ein junger Pfarrer auf Abwegen<\/span> weiterlesen<\/a><\/p>\n","protected":false},"author":412,"featured_media":0,"comment_status":"open","ping_status":"open","sticky":false,"template":"","format":"standard","meta":{"footnotes":""},"categories":[66708,17615,66916],"tags":[],"class_list":["post-1642","post","type-post","status-publish","format-standard","hentry","category-buchtipp","category-romananfang","category-schreibzentrum-schreibt"],"yoast_head":"<!-- This site is optimized with the Yoast SEO plugin v26.8 - https:\/\/yoast.com\/product\/yoast-seo-wordpress\/ -->\n<title>Ein junger Pfarrer auf Abwegen - Das SchreibBLOGzentrum<\/title>\n<meta name=\"robots\" content=\"index, follow, max-snippet:-1, max-image-preview:large, max-video-preview:-1\" \/>\n<link rel=\"canonical\" href=\"https:\/\/blog.phzh.ch\/schreibzentrum\/2014\/04\/ein-junger-pfarrer-auf-abwegen\/\" \/>\n<meta property=\"og:locale\" content=\"de_DE\" \/>\n<meta property=\"og:type\" content=\"article\" \/>\n<meta property=\"og:title\" content=\"Ein junger Pfarrer auf Abwegen - Das SchreibBLOGzentrum\" \/>\n<meta property=\"og:description\" content=\"Der Beginn des Romans geht so: \u00abDie Witwe ist aus freiem Willen hier hinaufgegangen, niemand hat sie dazu gewzungen. Sie hat die L\u00e4use aus ihren besten Kleidern geklopft und sich dann angezogen, ihr Haar im Urineimer des Gemeinschaftshauses gewaschen und hochgesteckt.\u00bb Der Roman erz\u00e4hlt vom jungen Pfarrers Morten Falk, der nach katholischen Gesichtspunkten ein grosser &hellip; Ein junger Pfarrer auf Abwegen weiterlesen\" \/>\n<meta property=\"og:url\" content=\"https:\/\/blog.phzh.ch\/schreibzentrum\/2014\/04\/ein-junger-pfarrer-auf-abwegen\/\" \/>\n<meta property=\"og:site_name\" content=\"Das SchreibBLOGzentrum\" \/>\n<meta property=\"article:published_time\" content=\"2014-04-03T06:17:55+00:00\" \/>\n<meta property=\"article:modified_time\" content=\"2022-03-18T09:03:08+00:00\" \/>\n<meta property=\"og:image\" content=\"http:\/\/blog.phzh.ch\/schreibzentrum\/files\/2014\/04\/Leine-Ewigkeitsfjord-195x300.jpg\" \/>\n<meta name=\"author\" content=\"alexrickert\" \/>\n<meta name=\"twitter:card\" content=\"summary_large_image\" \/>\n<meta name=\"twitter:label1\" content=\"Verfasst von\" \/>\n\t<meta name=\"twitter:data1\" content=\"alexrickert\" \/>\n\t<meta name=\"twitter:label2\" content=\"Gesch\u00e4tzte Lesezeit\" \/>\n\t<meta name=\"twitter:data2\" content=\"1\u00a0Minute\" \/>\n<script type=\"application\/ld+json\" class=\"yoast-schema-graph\">{\"@context\":\"https:\/\/schema.org\",\"@graph\":[{\"@type\":\"Article\",\"@id\":\"https:\/\/blog.phzh.ch\/schreibzentrum\/2014\/04\/ein-junger-pfarrer-auf-abwegen\/#article\",\"isPartOf\":{\"@id\":\"https:\/\/blog.phzh.ch\/schreibzentrum\/2014\/04\/ein-junger-pfarrer-auf-abwegen\/\"},\"author\":{\"name\":\"alexrickert\",\"@id\":\"https:\/\/blog.phzh.ch\/schreibzentrum\/#\/schema\/person\/1ff0c9d02ada818c9fe1dea07e345949\"},\"headline\":\"Ein junger Pfarrer auf Abwegen\",\"datePublished\":\"2014-04-03T06:17:55+00:00\",\"dateModified\":\"2022-03-18T09:03:08+00:00\",\"mainEntityOfPage\":{\"@id\":\"https:\/\/blog.phzh.ch\/schreibzentrum\/2014\/04\/ein-junger-pfarrer-auf-abwegen\/\"},\"wordCount\":178,\"commentCount\":1,\"image\":{\"@id\":\"https:\/\/blog.phzh.ch\/schreibzentrum\/2014\/04\/ein-junger-pfarrer-auf-abwegen\/#primaryimage\"},\"thumbnailUrl\":\"http:\/\/blog.phzh.ch\/schreibzentrum\/files\/2014\/04\/Leine-Ewigkeitsfjord-195x300.jpg\",\"articleSection\":[\"Medientipp\",\"Romananfang\",\"Schreibzentrum schreibt\"],\"inLanguage\":\"de\",\"potentialAction\":[{\"@type\":\"CommentAction\",\"name\":\"Comment\",\"target\":[\"https:\/\/blog.phzh.ch\/schreibzentrum\/2014\/04\/ein-junger-pfarrer-auf-abwegen\/#respond\"]}]},{\"@type\":\"WebPage\",\"@id\":\"https:\/\/blog.phzh.ch\/schreibzentrum\/2014\/04\/ein-junger-pfarrer-auf-abwegen\/\",\"url\":\"https:\/\/blog.phzh.ch\/schreibzentrum\/2014\/04\/ein-junger-pfarrer-auf-abwegen\/\",\"name\":\"Ein junger Pfarrer auf Abwegen - Das SchreibBLOGzentrum\",\"isPartOf\":{\"@id\":\"https:\/\/blog.phzh.ch\/schreibzentrum\/#website\"},\"primaryImageOfPage\":{\"@id\":\"https:\/\/blog.phzh.ch\/schreibzentrum\/2014\/04\/ein-junger-pfarrer-auf-abwegen\/#primaryimage\"},\"image\":{\"@id\":\"https:\/\/blog.phzh.ch\/schreibzentrum\/2014\/04\/ein-junger-pfarrer-auf-abwegen\/#primaryimage\"},\"thumbnailUrl\":\"http:\/\/blog.phzh.ch\/schreibzentrum\/files\/2014\/04\/Leine-Ewigkeitsfjord-195x300.jpg\",\"datePublished\":\"2014-04-03T06:17:55+00:00\",\"dateModified\":\"2022-03-18T09:03:08+00:00\",\"author\":{\"@id\":\"https:\/\/blog.phzh.ch\/schreibzentrum\/#\/schema\/person\/1ff0c9d02ada818c9fe1dea07e345949\"},\"breadcrumb\":{\"@id\":\"https:\/\/blog.phzh.ch\/schreibzentrum\/2014\/04\/ein-junger-pfarrer-auf-abwegen\/#breadcrumb\"},\"inLanguage\":\"de\",\"potentialAction\":[{\"@type\":\"ReadAction\",\"target\":[\"https:\/\/blog.phzh.ch\/schreibzentrum\/2014\/04\/ein-junger-pfarrer-auf-abwegen\/\"]}]},{\"@type\":\"ImageObject\",\"inLanguage\":\"de\",\"@id\":\"https:\/\/blog.phzh.ch\/schreibzentrum\/2014\/04\/ein-junger-pfarrer-auf-abwegen\/#primaryimage\",\"url\":\"https:\/\/blog.phzh.ch\/schreibzentrum\/files\/2014\/04\/Leine-Ewigkeitsfjord.jpg\",\"contentUrl\":\"https:\/\/blog.phzh.ch\/schreibzentrum\/files\/2014\/04\/Leine-Ewigkeitsfjord.jpg\",\"width\":1400,\"height\":2144},{\"@type\":\"BreadcrumbList\",\"@id\":\"https:\/\/blog.phzh.ch\/schreibzentrum\/2014\/04\/ein-junger-pfarrer-auf-abwegen\/#breadcrumb\",\"itemListElement\":[{\"@type\":\"ListItem\",\"position\":1,\"name\":\"Start\",\"item\":\"https:\/\/blog.phzh.ch\/schreibzentrum\/\"},{\"@type\":\"ListItem\",\"position\":2,\"name\":\"Ein junger Pfarrer auf Abwegen\"}]},{\"@type\":\"WebSite\",\"@id\":\"https:\/\/blog.phzh.ch\/schreibzentrum\/#website\",\"url\":\"https:\/\/blog.phzh.ch\/schreibzentrum\/\",\"name\":\"Das SchreibBLOGzentrum\",\"description\":\"Texte und Events\",\"potentialAction\":[{\"@type\":\"SearchAction\",\"target\":{\"@type\":\"EntryPoint\",\"urlTemplate\":\"https:\/\/blog.phzh.ch\/schreibzentrum\/?s={search_term_string}\"},\"query-input\":{\"@type\":\"PropertyValueSpecification\",\"valueRequired\":true,\"valueName\":\"search_term_string\"}}],\"inLanguage\":\"de\"},{\"@type\":\"Person\",\"@id\":\"https:\/\/blog.phzh.ch\/schreibzentrum\/#\/schema\/person\/1ff0c9d02ada818c9fe1dea07e345949\",\"name\":\"alexrickert\",\"image\":{\"@type\":\"ImageObject\",\"inLanguage\":\"de\",\"@id\":\"https:\/\/blog.phzh.ch\/schreibzentrum\/#\/schema\/person\/image\/\",\"url\":\"https:\/\/secure.gravatar.com\/avatar\/e5cf6baecf89a4405fc401104ac823b7?s=96&d=mm&r=g\",\"contentUrl\":\"https:\/\/secure.gravatar.com\/avatar\/e5cf6baecf89a4405fc401104ac823b7?s=96&d=mm&r=g\",\"caption\":\"alexrickert\"},\"url\":\"https:\/\/blog.phzh.ch\/schreibzentrum\/author\/alexrickert\/\"}]}<\/script>\n<!-- \/ Yoast SEO plugin. -->","yoast_head_json":{"title":"Ein junger Pfarrer auf Abwegen - Das SchreibBLOGzentrum","robots":{"index":"index","follow":"follow","max-snippet":"max-snippet:-1","max-image-preview":"max-image-preview:large","max-video-preview":"max-video-preview:-1"},"canonical":"https:\/\/blog.phzh.ch\/schreibzentrum\/2014\/04\/ein-junger-pfarrer-auf-abwegen\/","og_locale":"de_DE","og_type":"article","og_title":"Ein junger Pfarrer auf Abwegen - Das SchreibBLOGzentrum","og_description":"Der Beginn des Romans geht so: \u00abDie Witwe ist aus freiem Willen hier hinaufgegangen, niemand hat sie dazu gewzungen. Sie hat die L\u00e4use aus ihren besten Kleidern geklopft und sich dann angezogen, ihr Haar im Urineimer des Gemeinschaftshauses gewaschen und hochgesteckt.\u00bb Der Roman erz\u00e4hlt vom jungen Pfarrers Morten Falk, der nach katholischen Gesichtspunkten ein grosser &hellip; Ein junger Pfarrer auf Abwegen weiterlesen","og_url":"https:\/\/blog.phzh.ch\/schreibzentrum\/2014\/04\/ein-junger-pfarrer-auf-abwegen\/","og_site_name":"Das SchreibBLOGzentrum","article_published_time":"2014-04-03T06:17:55+00:00","article_modified_time":"2022-03-18T09:03:08+00:00","og_image":[{"url":"http:\/\/blog.phzh.ch\/schreibzentrum\/files\/2014\/04\/Leine-Ewigkeitsfjord-195x300.jpg","type":"","width":"","height":""}],"author":"alexrickert","twitter_card":"summary_large_image","twitter_misc":{"Verfasst von":"alexrickert","Gesch\u00e4tzte Lesezeit":"1\u00a0Minute"},"schema":{"@context":"https:\/\/schema.org","@graph":[{"@type":"Article","@id":"https:\/\/blog.phzh.ch\/schreibzentrum\/2014\/04\/ein-junger-pfarrer-auf-abwegen\/#article","isPartOf":{"@id":"https:\/\/blog.phzh.ch\/schreibzentrum\/2014\/04\/ein-junger-pfarrer-auf-abwegen\/"},"author":{"name":"alexrickert","@id":"https:\/\/blog.phzh.ch\/schreibzentrum\/#\/schema\/person\/1ff0c9d02ada818c9fe1dea07e345949"},"headline":"Ein junger Pfarrer auf Abwegen","datePublished":"2014-04-03T06:17:55+00:00","dateModified":"2022-03-18T09:03:08+00:00","mainEntityOfPage":{"@id":"https:\/\/blog.phzh.ch\/schreibzentrum\/2014\/04\/ein-junger-pfarrer-auf-abwegen\/"},"wordCount":178,"commentCount":1,"image":{"@id":"https:\/\/blog.phzh.ch\/schreibzentrum\/2014\/04\/ein-junger-pfarrer-auf-abwegen\/#primaryimage"},"thumbnailUrl":"http:\/\/blog.phzh.ch\/schreibzentrum\/files\/2014\/04\/Leine-Ewigkeitsfjord-195x300.jpg","articleSection":["Medientipp","Romananfang","Schreibzentrum schreibt"],"inLanguage":"de","potentialAction":[{"@type":"CommentAction","name":"Comment","target":["https:\/\/blog.phzh.ch\/schreibzentrum\/2014\/04\/ein-junger-pfarrer-auf-abwegen\/#respond"]}]},{"@type":"WebPage","@id":"https:\/\/blog.phzh.ch\/schreibzentrum\/2014\/04\/ein-junger-pfarrer-auf-abwegen\/","url":"https:\/\/blog.phzh.ch\/schreibzentrum\/2014\/04\/ein-junger-pfarrer-auf-abwegen\/","name":"Ein junger Pfarrer auf Abwegen - Das SchreibBLOGzentrum","isPartOf":{"@id":"https:\/\/blog.phzh.ch\/schreibzentrum\/#website"},"primaryImageOfPage":{"@id":"https:\/\/blog.phzh.ch\/schreibzentrum\/2014\/04\/ein-junger-pfarrer-auf-abwegen\/#primaryimage"},"image":{"@id":"https:\/\/blog.phzh.ch\/schreibzentrum\/2014\/04\/ein-junger-pfarrer-auf-abwegen\/#primaryimage"},"thumbnailUrl":"http:\/\/blog.phzh.ch\/schreibzentrum\/files\/2014\/04\/Leine-Ewigkeitsfjord-195x300.jpg","datePublished":"2014-04-03T06:17:55+00:00","dateModified":"2022-03-18T09:03:08+00:00","author":{"@id":"https:\/\/blog.phzh.ch\/schreibzentrum\/#\/schema\/person\/1ff0c9d02ada818c9fe1dea07e345949"},"breadcrumb":{"@id":"https:\/\/blog.phzh.ch\/schreibzentrum\/2014\/04\/ein-junger-pfarrer-auf-abwegen\/#breadcrumb"},"inLanguage":"de","potentialAction":[{"@type":"ReadAction","target":["https:\/\/blog.phzh.ch\/schreibzentrum\/2014\/04\/ein-junger-pfarrer-auf-abwegen\/"]}]},{"@type":"ImageObject","inLanguage":"de","@id":"https:\/\/blog.phzh.ch\/schreibzentrum\/2014\/04\/ein-junger-pfarrer-auf-abwegen\/#primaryimage","url":"https:\/\/blog.phzh.ch\/schreibzentrum\/files\/2014\/04\/Leine-Ewigkeitsfjord.jpg","contentUrl":"https:\/\/blog.phzh.ch\/schreibzentrum\/files\/2014\/04\/Leine-Ewigkeitsfjord.jpg","width":1400,"height":2144},{"@type":"BreadcrumbList","@id":"https:\/\/blog.phzh.ch\/schreibzentrum\/2014\/04\/ein-junger-pfarrer-auf-abwegen\/#breadcrumb","itemListElement":[{"@type":"ListItem","position":1,"name":"Start","item":"https:\/\/blog.phzh.ch\/schreibzentrum\/"},{"@type":"ListItem","position":2,"name":"Ein junger Pfarrer auf Abwegen"}]},{"@type":"WebSite","@id":"https:\/\/blog.phzh.ch\/schreibzentrum\/#website","url":"https:\/\/blog.phzh.ch\/schreibzentrum\/","name":"Das SchreibBLOGzentrum","description":"Texte und Events","potentialAction":[{"@type":"SearchAction","target":{"@type":"EntryPoint","urlTemplate":"https:\/\/blog.phzh.ch\/schreibzentrum\/?s={search_term_string}"},"query-input":{"@type":"PropertyValueSpecification","valueRequired":true,"valueName":"search_term_string"}}],"inLanguage":"de"},{"@type":"Person","@id":"https:\/\/blog.phzh.ch\/schreibzentrum\/#\/schema\/person\/1ff0c9d02ada818c9fe1dea07e345949","name":"alexrickert","image":{"@type":"ImageObject","inLanguage":"de","@id":"https:\/\/blog.phzh.ch\/schreibzentrum\/#\/schema\/person\/image\/","url":"https:\/\/secure.gravatar.com\/avatar\/e5cf6baecf89a4405fc401104ac823b7?s=96&d=mm&r=g","contentUrl":"https:\/\/secure.gravatar.com\/avatar\/e5cf6baecf89a4405fc401104ac823b7?s=96&d=mm&r=g","caption":"alexrickert"},"url":"https:\/\/blog.phzh.ch\/schreibzentrum\/author\/alexrickert\/"}]}},"_links":{"self":[{"href":"https:\/\/blog.phzh.ch\/schreibzentrum\/wp-json\/wp\/v2\/posts\/1642","targetHints":{"allow":["GET"]}}],"collection":[{"href":"https:\/\/blog.phzh.ch\/schreibzentrum\/wp-json\/wp\/v2\/posts"}],"about":[{"href":"https:\/\/blog.phzh.ch\/schreibzentrum\/wp-json\/wp\/v2\/types\/post"}],"author":[{"embeddable":true,"href":"https:\/\/blog.phzh.ch\/schreibzentrum\/wp-json\/wp\/v2\/users\/412"}],"replies":[{"embeddable":true,"href":"https:\/\/blog.phzh.ch\/schreibzentrum\/wp-json\/wp\/v2\/comments?post=1642"}],"version-history":[{"count":5,"href":"https:\/\/blog.phzh.ch\/schreibzentrum\/wp-json\/wp\/v2\/posts\/1642\/revisions"}],"predecessor-version":[{"id":6663,"href":"https:\/\/blog.phzh.ch\/schreibzentrum\/wp-json\/wp\/v2\/posts\/1642\/revisions\/6663"}],"wp:attachment":[{"href":"https:\/\/blog.phzh.ch\/schreibzentrum\/wp-json\/wp\/v2\/media?parent=1642"}],"wp:term":[{"taxonomy":"category","embeddable":true,"href":"https:\/\/blog.phzh.ch\/schreibzentrum\/wp-json\/wp\/v2\/categories?post=1642"},{"taxonomy":"post_tag","embeddable":true,"href":"https:\/\/blog.phzh.ch\/schreibzentrum\/wp-json\/wp\/v2\/tags?post=1642"}],"curies":[{"name":"wp","href":"https:\/\/api.w.org\/{rel}","templated":true}]}}