{"id":1193,"date":"2013-10-03T08:16:54","date_gmt":"2013-10-03T06:16:54","guid":{"rendered":"http:\/\/blog.phzh.ch\/schreibzentrum\/?p=1193"},"modified":"2013-10-07T12:48:30","modified_gmt":"2013-10-07T10:48:30","slug":"abschied-von-den-eltern","status":"publish","type":"post","link":"https:\/\/blog.phzh.ch\/schreibzentrum\/2013\/10\/abschied-von-den-eltern\/","title":{"rendered":"Abschied von den Eltern"},"content":{"rendered":"<p><img loading=\"lazy\" decoding=\"async\" class=\"alignright  wp-image-1194\" alt=\"Peter Weiss\" src=\"http:\/\/blog.phzh.ch\/schreibzentrum\/files\/2013\/10\/weiss-271x300.jpg\" width=\"187\" height=\"205\" \/>\u00ab<em>Ich habe oft versucht, mich mit der Gestalt meiner Mutter <\/em><em>und der Gestalt m<\/em><em>eines Vaters auseinanderzusetzen, peilend zwischen Aufruhr und Unterwerfung. Nie hab ich<\/em><em> das Wesen dieser beiden Portalfiguren meines Lebens fassen und deuten k\u00f6nnen.<\/em>\u00bb<\/p>\n<p>&nbsp;<\/p>\n<p>&nbsp;<\/p>\n<p>Eben habe ich den Roman \u00abAbschied von den Eltern\u00bb von Peter Weiss zum zweiten Mal gelesen. Die Erz\u00e4hlung ging mir bei der zweiten Lekt\u00fcre noch viel n\u00e4her als bei der ersten. Wenn ich die erste Seite lese, erhalte ich immer noch eine G\u00e4nsehaut.<\/p>\n<p>Was im B<a href=\"http:\/\/www.suhrkamp.de\/buecher\/abschied_von_den_eltern-peter_weiss_1700.html\" target=\"_blank\" rel=\"http:\/\/www.suhrkamp.de\/buecher\/abschied_von_den_eltern-peter_weiss_1700.html\"><img loading=\"lazy\" decoding=\"async\" class=\"alignright  wp-image-1195\" alt=\"Buchumschlag \u00abAbschied von den Eltern\u00bb\" src=\"http:\/\/blog.phzh.ch\/schreibzentrum\/files\/2013\/10\/weiss-buchcover-189x300.jpg\" width=\"133\" height=\"206\" \/><\/a>uch steht, betrifft wohl jeden auf eine andere Art. Sicher ist aber, dass wir uns alle irgendwann fragen, wie viel von unseren Eltern in uns ist. Im Roman erz\u00e4hlt Peter Weiss von seiner Kindheit und Jugend als Grenzerfahrung zwischen Aufruhr und Unterwerfung. Seine Abl\u00f6sung von den Eltern war alles andere als einfach. Aber ist es das je?<\/p>\n<p>Wer mehr als die Kostprobe der ersten zwei S\u00e4tze haben m\u00f6chte, der lese zumindest die erste Seite. Wer die gelesen hat, wird das Buch wohl nicht gleich wieder weglegen.<\/p>\n<p><a title=\"Peter Weiss: Abschied von den Eltern. Suhrkamp.\" href=\"http:\/\/www.suhrkamp.de\/buecher\/abschied_von_den_eltern-peter_weiss_1700.html\" target=\"_blank\">Peter Weiss: <em>Abschied von den Eltern<\/em>. Suhrkamp, 1961.<\/a><\/p>\n","protected":false},"excerpt":{"rendered":"<p>\u00abIch habe oft versucht, mich mit der Gestalt meiner Mutter und der Gestalt meines Vaters auseinanderzusetzen, peilend zwischen Aufruhr und Unterwerfung. Nie hab ich das Wesen dieser beiden Portalfiguren meines Lebens fassen und deuten k\u00f6nnen.\u00bb &nbsp; &nbsp; Eben habe ich den Roman \u00abAbschied von den Eltern\u00bb von Peter Weiss zum zweiten Mal gelesen. Die Erz\u00e4hlung &hellip; <a href=\"https:\/\/blog.phzh.ch\/schreibzentrum\/2013\/10\/abschied-von-den-eltern\/\" class=\"more-link\"><span class=\"screen-reader-text\">Abschied von den Eltern<\/span> weiterlesen<\/a><\/p>\n","protected":false},"author":412,"featured_media":0,"comment_status":"open","ping_status":"open","sticky":false,"template":"","format":"standard","meta":{"footnotes":""},"categories":[17615],"tags":[],"class_list":["post-1193","post","type-post","status-publish","format-standard","hentry","category-romananfang"],"yoast_head":"<!-- This site is optimized with the Yoast SEO plugin v26.8 - https:\/\/yoast.com\/product\/yoast-seo-wordpress\/ -->\n<title>Abschied von den Eltern - Das SchreibBLOGzentrum<\/title>\n<meta name=\"robots\" content=\"index, follow, max-snippet:-1, max-image-preview:large, max-video-preview:-1\" \/>\n<link rel=\"canonical\" href=\"https:\/\/blog.phzh.ch\/schreibzentrum\/2013\/10\/abschied-von-den-eltern\/\" \/>\n<meta property=\"og:locale\" content=\"de_DE\" \/>\n<meta property=\"og:type\" content=\"article\" \/>\n<meta property=\"og:title\" content=\"Abschied von den Eltern - Das SchreibBLOGzentrum\" \/>\n<meta property=\"og:description\" content=\"\u00abIch habe oft versucht, mich mit der Gestalt meiner Mutter und der Gestalt meines Vaters auseinanderzusetzen, peilend zwischen Aufruhr und Unterwerfung. Nie hab ich das Wesen dieser beiden Portalfiguren meines Lebens fassen und deuten k\u00f6nnen.\u00bb &nbsp; &nbsp; Eben habe ich den Roman \u00abAbschied von den Eltern\u00bb von Peter Weiss zum zweiten Mal gelesen. Die Erz\u00e4hlung &hellip; Abschied von den Eltern weiterlesen\" \/>\n<meta property=\"og:url\" content=\"https:\/\/blog.phzh.ch\/schreibzentrum\/2013\/10\/abschied-von-den-eltern\/\" \/>\n<meta property=\"og:site_name\" content=\"Das SchreibBLOGzentrum\" \/>\n<meta property=\"article:published_time\" content=\"2013-10-03T06:16:54+00:00\" \/>\n<meta property=\"article:modified_time\" content=\"2013-10-07T10:48:30+00:00\" \/>\n<meta property=\"og:image\" content=\"http:\/\/blog.phzh.ch\/schreibzentrum\/files\/2013\/10\/weiss-271x300.jpg\" \/>\n<meta name=\"author\" content=\"alexrickert\" \/>\n<meta name=\"twitter:card\" content=\"summary_large_image\" \/>\n<meta name=\"twitter:label1\" content=\"Verfasst von\" \/>\n\t<meta name=\"twitter:data1\" content=\"alexrickert\" \/>\n\t<meta name=\"twitter:label2\" content=\"Gesch\u00e4tzte Lesezeit\" \/>\n\t<meta name=\"twitter:data2\" content=\"1\u00a0Minute\" \/>\n<script type=\"application\/ld+json\" class=\"yoast-schema-graph\">{\"@context\":\"https:\/\/schema.org\",\"@graph\":[{\"@type\":\"Article\",\"@id\":\"https:\/\/blog.phzh.ch\/schreibzentrum\/2013\/10\/abschied-von-den-eltern\/#article\",\"isPartOf\":{\"@id\":\"https:\/\/blog.phzh.ch\/schreibzentrum\/2013\/10\/abschied-von-den-eltern\/\"},\"author\":{\"name\":\"alexrickert\",\"@id\":\"https:\/\/blog.phzh.ch\/schreibzentrum\/#\/schema\/person\/1ff0c9d02ada818c9fe1dea07e345949\"},\"headline\":\"Abschied von den Eltern\",\"datePublished\":\"2013-10-03T06:16:54+00:00\",\"dateModified\":\"2013-10-07T10:48:30+00:00\",\"mainEntityOfPage\":{\"@id\":\"https:\/\/blog.phzh.ch\/schreibzentrum\/2013\/10\/abschied-von-den-eltern\/\"},\"wordCount\":190,\"commentCount\":0,\"image\":{\"@id\":\"https:\/\/blog.phzh.ch\/schreibzentrum\/2013\/10\/abschied-von-den-eltern\/#primaryimage\"},\"thumbnailUrl\":\"http:\/\/blog.phzh.ch\/schreibzentrum\/files\/2013\/10\/weiss-271x300.jpg\",\"articleSection\":[\"Romananfang\"],\"inLanguage\":\"de\",\"potentialAction\":[{\"@type\":\"CommentAction\",\"name\":\"Comment\",\"target\":[\"https:\/\/blog.phzh.ch\/schreibzentrum\/2013\/10\/abschied-von-den-eltern\/#respond\"]}]},{\"@type\":\"WebPage\",\"@id\":\"https:\/\/blog.phzh.ch\/schreibzentrum\/2013\/10\/abschied-von-den-eltern\/\",\"url\":\"https:\/\/blog.phzh.ch\/schreibzentrum\/2013\/10\/abschied-von-den-eltern\/\",\"name\":\"Abschied von den Eltern - Das SchreibBLOGzentrum\",\"isPartOf\":{\"@id\":\"https:\/\/blog.phzh.ch\/schreibzentrum\/#website\"},\"primaryImageOfPage\":{\"@id\":\"https:\/\/blog.phzh.ch\/schreibzentrum\/2013\/10\/abschied-von-den-eltern\/#primaryimage\"},\"image\":{\"@id\":\"https:\/\/blog.phzh.ch\/schreibzentrum\/2013\/10\/abschied-von-den-eltern\/#primaryimage\"},\"thumbnailUrl\":\"http:\/\/blog.phzh.ch\/schreibzentrum\/files\/2013\/10\/weiss-271x300.jpg\",\"datePublished\":\"2013-10-03T06:16:54+00:00\",\"dateModified\":\"2013-10-07T10:48:30+00:00\",\"author\":{\"@id\":\"https:\/\/blog.phzh.ch\/schreibzentrum\/#\/schema\/person\/1ff0c9d02ada818c9fe1dea07e345949\"},\"breadcrumb\":{\"@id\":\"https:\/\/blog.phzh.ch\/schreibzentrum\/2013\/10\/abschied-von-den-eltern\/#breadcrumb\"},\"inLanguage\":\"de\",\"potentialAction\":[{\"@type\":\"ReadAction\",\"target\":[\"https:\/\/blog.phzh.ch\/schreibzentrum\/2013\/10\/abschied-von-den-eltern\/\"]}]},{\"@type\":\"ImageObject\",\"inLanguage\":\"de\",\"@id\":\"https:\/\/blog.phzh.ch\/schreibzentrum\/2013\/10\/abschied-von-den-eltern\/#primaryimage\",\"url\":\"https:\/\/blog.phzh.ch\/schreibzentrum\/files\/2013\/10\/weiss.jpg\",\"contentUrl\":\"https:\/\/blog.phzh.ch\/schreibzentrum\/files\/2013\/10\/weiss.jpg\",\"width\":318,\"height\":352},{\"@type\":\"BreadcrumbList\",\"@id\":\"https:\/\/blog.phzh.ch\/schreibzentrum\/2013\/10\/abschied-von-den-eltern\/#breadcrumb\",\"itemListElement\":[{\"@type\":\"ListItem\",\"position\":1,\"name\":\"Start\",\"item\":\"https:\/\/blog.phzh.ch\/schreibzentrum\/\"},{\"@type\":\"ListItem\",\"position\":2,\"name\":\"Abschied von den Eltern\"}]},{\"@type\":\"WebSite\",\"@id\":\"https:\/\/blog.phzh.ch\/schreibzentrum\/#website\",\"url\":\"https:\/\/blog.phzh.ch\/schreibzentrum\/\",\"name\":\"Das SchreibBLOGzentrum\",\"description\":\"Texte und Events\",\"potentialAction\":[{\"@type\":\"SearchAction\",\"target\":{\"@type\":\"EntryPoint\",\"urlTemplate\":\"https:\/\/blog.phzh.ch\/schreibzentrum\/?s={search_term_string}\"},\"query-input\":{\"@type\":\"PropertyValueSpecification\",\"valueRequired\":true,\"valueName\":\"search_term_string\"}}],\"inLanguage\":\"de\"},{\"@type\":\"Person\",\"@id\":\"https:\/\/blog.phzh.ch\/schreibzentrum\/#\/schema\/person\/1ff0c9d02ada818c9fe1dea07e345949\",\"name\":\"alexrickert\",\"image\":{\"@type\":\"ImageObject\",\"inLanguage\":\"de\",\"@id\":\"https:\/\/blog.phzh.ch\/schreibzentrum\/#\/schema\/person\/image\/\",\"url\":\"https:\/\/secure.gravatar.com\/avatar\/e5cf6baecf89a4405fc401104ac823b7?s=96&d=mm&r=g\",\"contentUrl\":\"https:\/\/secure.gravatar.com\/avatar\/e5cf6baecf89a4405fc401104ac823b7?s=96&d=mm&r=g\",\"caption\":\"alexrickert\"},\"url\":\"https:\/\/blog.phzh.ch\/schreibzentrum\/author\/alexrickert\/\"}]}<\/script>\n<!-- \/ Yoast SEO plugin. -->","yoast_head_json":{"title":"Abschied von den Eltern - Das SchreibBLOGzentrum","robots":{"index":"index","follow":"follow","max-snippet":"max-snippet:-1","max-image-preview":"max-image-preview:large","max-video-preview":"max-video-preview:-1"},"canonical":"https:\/\/blog.phzh.ch\/schreibzentrum\/2013\/10\/abschied-von-den-eltern\/","og_locale":"de_DE","og_type":"article","og_title":"Abschied von den Eltern - Das SchreibBLOGzentrum","og_description":"\u00abIch habe oft versucht, mich mit der Gestalt meiner Mutter und der Gestalt meines Vaters auseinanderzusetzen, peilend zwischen Aufruhr und Unterwerfung. Nie hab ich das Wesen dieser beiden Portalfiguren meines Lebens fassen und deuten k\u00f6nnen.\u00bb &nbsp; &nbsp; Eben habe ich den Roman \u00abAbschied von den Eltern\u00bb von Peter Weiss zum zweiten Mal gelesen. Die Erz\u00e4hlung &hellip; Abschied von den Eltern weiterlesen","og_url":"https:\/\/blog.phzh.ch\/schreibzentrum\/2013\/10\/abschied-von-den-eltern\/","og_site_name":"Das SchreibBLOGzentrum","article_published_time":"2013-10-03T06:16:54+00:00","article_modified_time":"2013-10-07T10:48:30+00:00","og_image":[{"url":"http:\/\/blog.phzh.ch\/schreibzentrum\/files\/2013\/10\/weiss-271x300.jpg","type":"","width":"","height":""}],"author":"alexrickert","twitter_card":"summary_large_image","twitter_misc":{"Verfasst von":"alexrickert","Gesch\u00e4tzte Lesezeit":"1\u00a0Minute"},"schema":{"@context":"https:\/\/schema.org","@graph":[{"@type":"Article","@id":"https:\/\/blog.phzh.ch\/schreibzentrum\/2013\/10\/abschied-von-den-eltern\/#article","isPartOf":{"@id":"https:\/\/blog.phzh.ch\/schreibzentrum\/2013\/10\/abschied-von-den-eltern\/"},"author":{"name":"alexrickert","@id":"https:\/\/blog.phzh.ch\/schreibzentrum\/#\/schema\/person\/1ff0c9d02ada818c9fe1dea07e345949"},"headline":"Abschied von den Eltern","datePublished":"2013-10-03T06:16:54+00:00","dateModified":"2013-10-07T10:48:30+00:00","mainEntityOfPage":{"@id":"https:\/\/blog.phzh.ch\/schreibzentrum\/2013\/10\/abschied-von-den-eltern\/"},"wordCount":190,"commentCount":0,"image":{"@id":"https:\/\/blog.phzh.ch\/schreibzentrum\/2013\/10\/abschied-von-den-eltern\/#primaryimage"},"thumbnailUrl":"http:\/\/blog.phzh.ch\/schreibzentrum\/files\/2013\/10\/weiss-271x300.jpg","articleSection":["Romananfang"],"inLanguage":"de","potentialAction":[{"@type":"CommentAction","name":"Comment","target":["https:\/\/blog.phzh.ch\/schreibzentrum\/2013\/10\/abschied-von-den-eltern\/#respond"]}]},{"@type":"WebPage","@id":"https:\/\/blog.phzh.ch\/schreibzentrum\/2013\/10\/abschied-von-den-eltern\/","url":"https:\/\/blog.phzh.ch\/schreibzentrum\/2013\/10\/abschied-von-den-eltern\/","name":"Abschied von den Eltern - Das SchreibBLOGzentrum","isPartOf":{"@id":"https:\/\/blog.phzh.ch\/schreibzentrum\/#website"},"primaryImageOfPage":{"@id":"https:\/\/blog.phzh.ch\/schreibzentrum\/2013\/10\/abschied-von-den-eltern\/#primaryimage"},"image":{"@id":"https:\/\/blog.phzh.ch\/schreibzentrum\/2013\/10\/abschied-von-den-eltern\/#primaryimage"},"thumbnailUrl":"http:\/\/blog.phzh.ch\/schreibzentrum\/files\/2013\/10\/weiss-271x300.jpg","datePublished":"2013-10-03T06:16:54+00:00","dateModified":"2013-10-07T10:48:30+00:00","author":{"@id":"https:\/\/blog.phzh.ch\/schreibzentrum\/#\/schema\/person\/1ff0c9d02ada818c9fe1dea07e345949"},"breadcrumb":{"@id":"https:\/\/blog.phzh.ch\/schreibzentrum\/2013\/10\/abschied-von-den-eltern\/#breadcrumb"},"inLanguage":"de","potentialAction":[{"@type":"ReadAction","target":["https:\/\/blog.phzh.ch\/schreibzentrum\/2013\/10\/abschied-von-den-eltern\/"]}]},{"@type":"ImageObject","inLanguage":"de","@id":"https:\/\/blog.phzh.ch\/schreibzentrum\/2013\/10\/abschied-von-den-eltern\/#primaryimage","url":"https:\/\/blog.phzh.ch\/schreibzentrum\/files\/2013\/10\/weiss.jpg","contentUrl":"https:\/\/blog.phzh.ch\/schreibzentrum\/files\/2013\/10\/weiss.jpg","width":318,"height":352},{"@type":"BreadcrumbList","@id":"https:\/\/blog.phzh.ch\/schreibzentrum\/2013\/10\/abschied-von-den-eltern\/#breadcrumb","itemListElement":[{"@type":"ListItem","position":1,"name":"Start","item":"https:\/\/blog.phzh.ch\/schreibzentrum\/"},{"@type":"ListItem","position":2,"name":"Abschied von den Eltern"}]},{"@type":"WebSite","@id":"https:\/\/blog.phzh.ch\/schreibzentrum\/#website","url":"https:\/\/blog.phzh.ch\/schreibzentrum\/","name":"Das SchreibBLOGzentrum","description":"Texte und Events","potentialAction":[{"@type":"SearchAction","target":{"@type":"EntryPoint","urlTemplate":"https:\/\/blog.phzh.ch\/schreibzentrum\/?s={search_term_string}"},"query-input":{"@type":"PropertyValueSpecification","valueRequired":true,"valueName":"search_term_string"}}],"inLanguage":"de"},{"@type":"Person","@id":"https:\/\/blog.phzh.ch\/schreibzentrum\/#\/schema\/person\/1ff0c9d02ada818c9fe1dea07e345949","name":"alexrickert","image":{"@type":"ImageObject","inLanguage":"de","@id":"https:\/\/blog.phzh.ch\/schreibzentrum\/#\/schema\/person\/image\/","url":"https:\/\/secure.gravatar.com\/avatar\/e5cf6baecf89a4405fc401104ac823b7?s=96&d=mm&r=g","contentUrl":"https:\/\/secure.gravatar.com\/avatar\/e5cf6baecf89a4405fc401104ac823b7?s=96&d=mm&r=g","caption":"alexrickert"},"url":"https:\/\/blog.phzh.ch\/schreibzentrum\/author\/alexrickert\/"}]}},"_links":{"self":[{"href":"https:\/\/blog.phzh.ch\/schreibzentrum\/wp-json\/wp\/v2\/posts\/1193","targetHints":{"allow":["GET"]}}],"collection":[{"href":"https:\/\/blog.phzh.ch\/schreibzentrum\/wp-json\/wp\/v2\/posts"}],"about":[{"href":"https:\/\/blog.phzh.ch\/schreibzentrum\/wp-json\/wp\/v2\/types\/post"}],"author":[{"embeddable":true,"href":"https:\/\/blog.phzh.ch\/schreibzentrum\/wp-json\/wp\/v2\/users\/412"}],"replies":[{"embeddable":true,"href":"https:\/\/blog.phzh.ch\/schreibzentrum\/wp-json\/wp\/v2\/comments?post=1193"}],"version-history":[{"count":15,"href":"https:\/\/blog.phzh.ch\/schreibzentrum\/wp-json\/wp\/v2\/posts\/1193\/revisions"}],"predecessor-version":[{"id":1210,"href":"https:\/\/blog.phzh.ch\/schreibzentrum\/wp-json\/wp\/v2\/posts\/1193\/revisions\/1210"}],"wp:attachment":[{"href":"https:\/\/blog.phzh.ch\/schreibzentrum\/wp-json\/wp\/v2\/media?parent=1193"}],"wp:term":[{"taxonomy":"category","embeddable":true,"href":"https:\/\/blog.phzh.ch\/schreibzentrum\/wp-json\/wp\/v2\/categories?post=1193"},{"taxonomy":"post_tag","embeddable":true,"href":"https:\/\/blog.phzh.ch\/schreibzentrum\/wp-json\/wp\/v2\/tags?post=1193"}],"curies":[{"name":"wp","href":"https:\/\/api.w.org\/{rel}","templated":true}]}}