{"id":377,"date":"2017-11-02T15:54:10","date_gmt":"2017-11-02T14:54:10","guid":{"rendered":"https:\/\/blog.phzh.ch\/bibliothek\/?p=377"},"modified":"2017-11-02T15:54:10","modified_gmt":"2017-11-02T14:54:10","slug":"bilderbuecher","status":"publish","type":"post","link":"https:\/\/blog.phzh.ch\/bibliothek\/2017\/11\/02\/bilderbuecher\/","title":{"rendered":"Bilderb\u00fccher"},"content":{"rendered":"<h2><strong><img loading=\"lazy\" decoding=\"async\" class=\"alignleft size-large wp-image-394\" src=\"https:\/\/blog.phzh.ch\/bibliothek\/files\/2017\/11\/Bilderb\u00fccher_Header-1024x365.jpg\" alt=\"Bilderb\u00fccher\" width=\"660\" height=\"235\" srcset=\"https:\/\/blog.phzh.ch\/bibliothek\/files\/2017\/11\/Bilderb\u00fccher_Header-1024x365.jpg 1024w, https:\/\/blog.phzh.ch\/bibliothek\/files\/2017\/11\/Bilderb\u00fccher_Header-300x107.jpg 300w, https:\/\/blog.phzh.ch\/bibliothek\/files\/2017\/11\/Bilderb\u00fccher_Header-768x274.jpg 768w, https:\/\/blog.phzh.ch\/bibliothek\/files\/2017\/11\/Bilderb\u00fccher_Header.jpg 1712w\" sizes=\"auto, (max-width: 660px) 100vw, 660px\" \/>Finden Sie das passende Bilderbuch zu einem Thema im reichhaltigen Bestand der Bibliothek PHZH.<\/strong><\/h2>\n<p>Die Tage werden k\u00fcrzer, die Temperaturen k\u00fchler. Es ist definitiv wieder einmal Zeit f\u00fcr ein sch\u00f6nes Bilderbuch. Die Bibliothek bietet Ihnen auf dem Stockwerk G Nord eine Auswahl an Bilderb\u00fcchern f\u00fcr Kinder und Jugendliche.<\/p>\n<h2><strong>Alphabetisch sortiert<\/strong><\/h2>\n<p>Innerhalb einer Bibliothek gibt es verschiedene M\u00f6glichkeiten, Medien aufzustellen. Die Bibliothek PHZH benutzt die <a href=\"https:\/\/blog.phzh.ch\/bibliothek\/2017\/06\/26\/signaturen-in-der-bibliothek\/\">Aufstellungssystematik<\/a> der <a href=\"https:\/\/rvk.uni-regensburg.de\/\" target=\"_blank\" rel=\"noopener\">Regensburger Verbundklassifikation<\/a> (RVK). Nach der RVK befinden sich die Bilderb\u00fccher im <strong>DX 4060-Bereich<\/strong> auf dem Stockwerk G Nord.<\/p>\n<p><img loading=\"lazy\" decoding=\"async\" class=\"size-medium wp-image-390 alignright\" src=\"https:\/\/blog.phzh.ch\/bibliothek\/files\/2017\/11\/Bestand_DX-300x225.jpg\" alt=\"Bibliotheksregale Bestand DX\" width=\"300\" height=\"225\" srcset=\"https:\/\/blog.phzh.ch\/bibliothek\/files\/2017\/11\/Bestand_DX-300x225.jpg 300w, https:\/\/blog.phzh.ch\/bibliothek\/files\/2017\/11\/Bestand_DX.jpg 640w\" sizes=\"auto, (max-width: 300px) 100vw, 300px\" \/><\/p>\n<p>Bilderb\u00fccher werden nicht thematisch unterteilt, wie das bei anderen Fachbereichen \u00fcblich ist, da sich Bilderb\u00fccher in der Regel nicht eindeutig einem Thema zuordnen lassen. Aus diesem Grund hat sich die Bibliothek f\u00fcr eine alphabetische Aufstellung nach Autorin beziehungsweise Autor entschieden. Sie finden also s\u00e4mtliche Bilderb\u00fccher einer bestimmten Verfasserin oder eines bestimmten Verfassers im Regal beisammen.<\/p>\n<h2><strong>Nach Thema gesucht<\/strong><\/h2>\n<p>Die RVK Systematik dient in der Bibliothek lediglich der Aufstellung der Medien und nicht zur thematischen Erschliessung. Zur inhaltlichen Beschreibung verwendet die Bibliothek normierte Schlagworte. Somit k\u00f6nnen Sie Bilderb\u00fccher zu einem bestimmten Thema treffsicher \u00fcber das Rechercheportal suchen.<\/p>\n<ol>\n<li>Webseite der <a href=\"https:\/\/phzh.ch\/de\/Dienstleistungen\/Bibliothek\/\" target=\"_blank\" rel=\"noopener\">Bibliothek PHZH<\/a>\u00a0aufrufen<\/li>\n<li>Begriff <strong><em>Bilderbuch<\/em><\/strong> im Suchschlitz eingeben<\/li>\n<li>Thematischer\u00a0<b><i>Suchbegriff<\/i><\/b>\u00a0eingeben (z.B. Igel)<\/li>\n<li>Suche mit der Eingabetaste starten<\/li>\n<li>Signatur aufschreiben<\/li>\n<li>Buch im Bibliotheksregal holen<\/li>\n<\/ol>\n<p><strong><img loading=\"lazy\" decoding=\"async\" class=\"alignleft size-full wp-image-381\" src=\"https:\/\/blog.phzh.ch\/bibliothek\/files\/2017\/11\/Bilderbuch_Recherche.png\" alt=\"Webseite Bibliothek PHZH\" width=\"701\" height=\"321\" srcset=\"https:\/\/blog.phzh.ch\/bibliothek\/files\/2017\/11\/Bilderbuch_Recherche.png 701w, https:\/\/blog.phzh.ch\/bibliothek\/files\/2017\/11\/Bilderbuch_Recherche-300x137.png 300w\" sizes=\"auto, (max-width: 701px) 100vw, 701px\" \/>Tipp:<\/strong> Der Buchstabe K in der unten gezeigten Signatur bezieht sich auf den Nachnamen der Autorin (Jacqueline <strong>K<\/strong>auer). Merken Sie sich diesen Buchstaben und orientieren Sie sich an der alphabetischen Regalbeschriftung. Auf diese Weise gelangen Sie rasch zum gew\u00fcnschten Bilderbuch.<\/p>\n<p><img loading=\"lazy\" decoding=\"async\" class=\"size-full wp-image-382 aligncenter\" src=\"https:\/\/blog.phzh.ch\/bibliothek\/files\/2017\/11\/Bilderbuch_Signatur.png\" alt=\"Rechercheportal Signatur\" width=\"634\" height=\"236\" srcset=\"https:\/\/blog.phzh.ch\/bibliothek\/files\/2017\/11\/Bilderbuch_Signatur.png 634w, https:\/\/blog.phzh.ch\/bibliothek\/files\/2017\/11\/Bilderbuch_Signatur-300x112.png 300w\" sizes=\"auto, (max-width: 634px) 100vw, 634px\" \/>Bei zu vielen Treffern k\u00f6nnen Sie Ihre Suche noch pr\u00e4zisieren, indem Sie im Rechercheportal bei der erweiterten Suche im Feld <em>Thema<\/em> Ihren entsprechenden Suchbegriff eingeben.<\/p>\n<p><img loading=\"lazy\" decoding=\"async\" class=\"alignleft size-full wp-image-380\" src=\"https:\/\/blog.phzh.ch\/bibliothek\/files\/2017\/11\/Bilderbuch_Erweiterte_Suche.png\" alt=\"Rechercheportal Erweiterte Suche\" width=\"621\" height=\"171\" srcset=\"https:\/\/blog.phzh.ch\/bibliothek\/files\/2017\/11\/Bilderbuch_Erweiterte_Suche.png 621w, https:\/\/blog.phzh.ch\/bibliothek\/files\/2017\/11\/Bilderbuch_Erweiterte_Suche-300x83.png 300w\" sizes=\"auto, (max-width: 621px) 100vw, 621px\" \/><\/p>\n","protected":false},"excerpt":{"rendered":"<p>Finden Sie das passende Bilderbuch zu einem Thema im reichhaltigen Bestand der Bibliothek PHZH. Die Tage werden k\u00fcrzer, die Temperaturen k\u00fchler. Es ist definitiv wieder einmal Zeit f\u00fcr ein sch\u00f6nes Bilderbuch. Die Bibliothek bietet Ihnen auf dem Stockwerk G Nord eine Auswahl an Bilderb\u00fcchern f\u00fcr Kinder und Jugendliche. Alphabetisch sortiert Innerhalb einer Bibliothek gibt es &hellip; <a href=\"https:\/\/blog.phzh.ch\/bibliothek\/2017\/11\/02\/bilderbuecher\/\" class=\"more-link\"><span class=\"screen-reader-text\">Bilderb\u00fccher<\/span> weiterlesen<\/a><\/p>\n","protected":false},"author":1,"featured_media":0,"comment_status":"open","ping_status":"open","sticky":false,"template":"","format":"standard","meta":{"sfsi_plus_gutenberg_text_before_share":"","sfsi_plus_gutenberg_show_text_before_share":"","sfsi_plus_gutenberg_icon_type":"","sfsi_plus_gutenberg_icon_alignemt":"","sfsi_plus_gutenburg_max_per_row":"","_s2mail":"","footnotes":""},"categories":[9024],"tags":[57693,94149],"class_list":["post-377","post","type-post","status-publish","format-standard","hentry","category-recherche","tag-jugendliteratur","tag-kinderliteratur"],"yoast_head":"<!-- This site is optimized with the Yoast SEO plugin v26.8 - https:\/\/yoast.com\/product\/yoast-seo-wordpress\/ -->\n<title>Bilderb\u00fccher - biblioPHil<\/title>\n<meta name=\"robots\" content=\"index, follow, max-snippet:-1, max-image-preview:large, max-video-preview:-1\" \/>\n<link rel=\"canonical\" href=\"https:\/\/blog.phzh.ch\/bibliothek\/2017\/11\/02\/bilderbuecher\/\" \/>\n<meta property=\"og:locale\" content=\"de_DE\" \/>\n<meta property=\"og:type\" content=\"article\" \/>\n<meta property=\"og:title\" content=\"Bilderb\u00fccher - biblioPHil\" \/>\n<meta property=\"og:description\" content=\"Finden Sie das passende Bilderbuch zu einem Thema im reichhaltigen Bestand der Bibliothek PHZH. Die Tage werden k\u00fcrzer, die Temperaturen k\u00fchler. Es ist definitiv wieder einmal Zeit f\u00fcr ein sch\u00f6nes Bilderbuch. Die Bibliothek bietet Ihnen auf dem Stockwerk G Nord eine Auswahl an Bilderb\u00fcchern f\u00fcr Kinder und Jugendliche. Alphabetisch sortiert Innerhalb einer Bibliothek gibt es &hellip; Bilderb\u00fccher weiterlesen\" \/>\n<meta property=\"og:url\" content=\"https:\/\/blog.phzh.ch\/bibliothek\/2017\/11\/02\/bilderbuecher\/\" \/>\n<meta property=\"og:site_name\" content=\"biblioPHil\" \/>\n<meta property=\"article:published_time\" content=\"2017-11-02T14:54:10+00:00\" \/>\n<meta property=\"og:image\" content=\"https:\/\/blog.phzh.ch\/bibliothek\/files\/2017\/11\/Bestand_DX-300x225.jpg\" \/>\n<meta name=\"author\" content=\"admin\" \/>\n<meta name=\"twitter:card\" content=\"summary_large_image\" \/>\n<meta name=\"twitter:label1\" content=\"Verfasst von\" \/>\n\t<meta name=\"twitter:data1\" content=\"admin\" \/>\n\t<meta name=\"twitter:label2\" content=\"Gesch\u00e4tzte Lesezeit\" \/>\n\t<meta name=\"twitter:data2\" content=\"1\u00a0Minute\" \/>\n<script type=\"application\/ld+json\" class=\"yoast-schema-graph\">{\"@context\":\"https:\/\/schema.org\",\"@graph\":[{\"@type\":\"Article\",\"@id\":\"https:\/\/blog.phzh.ch\/bibliothek\/2017\/11\/02\/bilderbuecher\/#article\",\"isPartOf\":{\"@id\":\"https:\/\/blog.phzh.ch\/bibliothek\/2017\/11\/02\/bilderbuecher\/\"},\"author\":{\"name\":\"admin\",\"@id\":\"https:\/\/blog.phzh.ch\/bibliothek\/#\/schema\/person\/19b0a19dd8f0d0951ad01813a34c1ef8\"},\"headline\":\"Bilderb\u00fccher\",\"datePublished\":\"2017-11-02T14:54:10+00:00\",\"mainEntityOfPage\":{\"@id\":\"https:\/\/blog.phzh.ch\/bibliothek\/2017\/11\/02\/bilderbuecher\/\"},\"wordCount\":292,\"commentCount\":0,\"image\":{\"@id\":\"https:\/\/blog.phzh.ch\/bibliothek\/2017\/11\/02\/bilderbuecher\/#primaryimage\"},\"thumbnailUrl\":\"https:\/\/blog.phzh.ch\/bibliothek\/files\/2017\/11\/Bestand_DX-300x225.jpg\",\"keywords\":[\"Jugendliteratur\",\"Kinderliteratur\"],\"articleSection\":[\"Recherche\"],\"inLanguage\":\"de\",\"potentialAction\":[{\"@type\":\"CommentAction\",\"name\":\"Comment\",\"target\":[\"https:\/\/blog.phzh.ch\/bibliothek\/2017\/11\/02\/bilderbuecher\/#respond\"]}]},{\"@type\":\"WebPage\",\"@id\":\"https:\/\/blog.phzh.ch\/bibliothek\/2017\/11\/02\/bilderbuecher\/\",\"url\":\"https:\/\/blog.phzh.ch\/bibliothek\/2017\/11\/02\/bilderbuecher\/\",\"name\":\"Bilderb\u00fccher - biblioPHil\",\"isPartOf\":{\"@id\":\"https:\/\/blog.phzh.ch\/bibliothek\/#website\"},\"primaryImageOfPage\":{\"@id\":\"https:\/\/blog.phzh.ch\/bibliothek\/2017\/11\/02\/bilderbuecher\/#primaryimage\"},\"image\":{\"@id\":\"https:\/\/blog.phzh.ch\/bibliothek\/2017\/11\/02\/bilderbuecher\/#primaryimage\"},\"thumbnailUrl\":\"https:\/\/blog.phzh.ch\/bibliothek\/files\/2017\/11\/Bestand_DX-300x225.jpg\",\"datePublished\":\"2017-11-02T14:54:10+00:00\",\"author\":{\"@id\":\"https:\/\/blog.phzh.ch\/bibliothek\/#\/schema\/person\/19b0a19dd8f0d0951ad01813a34c1ef8\"},\"breadcrumb\":{\"@id\":\"https:\/\/blog.phzh.ch\/bibliothek\/2017\/11\/02\/bilderbuecher\/#breadcrumb\"},\"inLanguage\":\"de\",\"potentialAction\":[{\"@type\":\"ReadAction\",\"target\":[\"https:\/\/blog.phzh.ch\/bibliothek\/2017\/11\/02\/bilderbuecher\/\"]}]},{\"@type\":\"ImageObject\",\"inLanguage\":\"de\",\"@id\":\"https:\/\/blog.phzh.ch\/bibliothek\/2017\/11\/02\/bilderbuecher\/#primaryimage\",\"url\":\"https:\/\/blog.phzh.ch\/bibliothek\/files\/2017\/11\/Bestand_DX.jpg\",\"contentUrl\":\"https:\/\/blog.phzh.ch\/bibliothek\/files\/2017\/11\/Bestand_DX.jpg\",\"width\":640,\"height\":480,\"caption\":\"Bibliotheksregale Bestand DX\"},{\"@type\":\"BreadcrumbList\",\"@id\":\"https:\/\/blog.phzh.ch\/bibliothek\/2017\/11\/02\/bilderbuecher\/#breadcrumb\",\"itemListElement\":[{\"@type\":\"ListItem\",\"position\":1,\"name\":\"Home\",\"item\":\"https:\/\/blog.phzh.ch\/bibliothek\/\"},{\"@type\":\"ListItem\",\"position\":2,\"name\":\"Bilderb\u00fccher\"}]},{\"@type\":\"WebSite\",\"@id\":\"https:\/\/blog.phzh.ch\/bibliothek\/#website\",\"url\":\"https:\/\/blog.phzh.ch\/bibliothek\/\",\"name\":\"biblioPHil\",\"description\":\"Blog der Bibliothek der PH Z\u00fcrich\",\"potentialAction\":[{\"@type\":\"SearchAction\",\"target\":{\"@type\":\"EntryPoint\",\"urlTemplate\":\"https:\/\/blog.phzh.ch\/bibliothek\/?s={search_term_string}\"},\"query-input\":{\"@type\":\"PropertyValueSpecification\",\"valueRequired\":true,\"valueName\":\"search_term_string\"}}],\"inLanguage\":\"de\"},{\"@type\":\"Person\",\"@id\":\"https:\/\/blog.phzh.ch\/bibliothek\/#\/schema\/person\/19b0a19dd8f0d0951ad01813a34c1ef8\",\"name\":\"admin\",\"image\":{\"@type\":\"ImageObject\",\"inLanguage\":\"de\",\"@id\":\"https:\/\/blog.phzh.ch\/bibliothek\/#\/schema\/person\/image\/\",\"url\":\"https:\/\/secure.gravatar.com\/avatar\/2f5f7aec2d96f014681306f8a37feb48?s=96&d=mm&r=g\",\"contentUrl\":\"https:\/\/secure.gravatar.com\/avatar\/2f5f7aec2d96f014681306f8a37feb48?s=96&d=mm&r=g\",\"caption\":\"admin\"},\"url\":\"https:\/\/blog.phzh.ch\/bibliothek\/author\/admin\/\"}]}<\/script>\n<!-- \/ Yoast SEO plugin. -->","yoast_head_json":{"title":"Bilderb\u00fccher - biblioPHil","robots":{"index":"index","follow":"follow","max-snippet":"max-snippet:-1","max-image-preview":"max-image-preview:large","max-video-preview":"max-video-preview:-1"},"canonical":"https:\/\/blog.phzh.ch\/bibliothek\/2017\/11\/02\/bilderbuecher\/","og_locale":"de_DE","og_type":"article","og_title":"Bilderb\u00fccher - biblioPHil","og_description":"Finden Sie das passende Bilderbuch zu einem Thema im reichhaltigen Bestand der Bibliothek PHZH. Die Tage werden k\u00fcrzer, die Temperaturen k\u00fchler. Es ist definitiv wieder einmal Zeit f\u00fcr ein sch\u00f6nes Bilderbuch. Die Bibliothek bietet Ihnen auf dem Stockwerk G Nord eine Auswahl an Bilderb\u00fcchern f\u00fcr Kinder und Jugendliche. Alphabetisch sortiert Innerhalb einer Bibliothek gibt es &hellip; Bilderb\u00fccher weiterlesen","og_url":"https:\/\/blog.phzh.ch\/bibliothek\/2017\/11\/02\/bilderbuecher\/","og_site_name":"biblioPHil","article_published_time":"2017-11-02T14:54:10+00:00","og_image":[{"url":"https:\/\/blog.phzh.ch\/bibliothek\/files\/2017\/11\/Bestand_DX-300x225.jpg","type":"","width":"","height":""}],"author":"admin","twitter_card":"summary_large_image","twitter_misc":{"Verfasst von":"admin","Gesch\u00e4tzte Lesezeit":"1\u00a0Minute"},"schema":{"@context":"https:\/\/schema.org","@graph":[{"@type":"Article","@id":"https:\/\/blog.phzh.ch\/bibliothek\/2017\/11\/02\/bilderbuecher\/#article","isPartOf":{"@id":"https:\/\/blog.phzh.ch\/bibliothek\/2017\/11\/02\/bilderbuecher\/"},"author":{"name":"admin","@id":"https:\/\/blog.phzh.ch\/bibliothek\/#\/schema\/person\/19b0a19dd8f0d0951ad01813a34c1ef8"},"headline":"Bilderb\u00fccher","datePublished":"2017-11-02T14:54:10+00:00","mainEntityOfPage":{"@id":"https:\/\/blog.phzh.ch\/bibliothek\/2017\/11\/02\/bilderbuecher\/"},"wordCount":292,"commentCount":0,"image":{"@id":"https:\/\/blog.phzh.ch\/bibliothek\/2017\/11\/02\/bilderbuecher\/#primaryimage"},"thumbnailUrl":"https:\/\/blog.phzh.ch\/bibliothek\/files\/2017\/11\/Bestand_DX-300x225.jpg","keywords":["Jugendliteratur","Kinderliteratur"],"articleSection":["Recherche"],"inLanguage":"de","potentialAction":[{"@type":"CommentAction","name":"Comment","target":["https:\/\/blog.phzh.ch\/bibliothek\/2017\/11\/02\/bilderbuecher\/#respond"]}]},{"@type":"WebPage","@id":"https:\/\/blog.phzh.ch\/bibliothek\/2017\/11\/02\/bilderbuecher\/","url":"https:\/\/blog.phzh.ch\/bibliothek\/2017\/11\/02\/bilderbuecher\/","name":"Bilderb\u00fccher - biblioPHil","isPartOf":{"@id":"https:\/\/blog.phzh.ch\/bibliothek\/#website"},"primaryImageOfPage":{"@id":"https:\/\/blog.phzh.ch\/bibliothek\/2017\/11\/02\/bilderbuecher\/#primaryimage"},"image":{"@id":"https:\/\/blog.phzh.ch\/bibliothek\/2017\/11\/02\/bilderbuecher\/#primaryimage"},"thumbnailUrl":"https:\/\/blog.phzh.ch\/bibliothek\/files\/2017\/11\/Bestand_DX-300x225.jpg","datePublished":"2017-11-02T14:54:10+00:00","author":{"@id":"https:\/\/blog.phzh.ch\/bibliothek\/#\/schema\/person\/19b0a19dd8f0d0951ad01813a34c1ef8"},"breadcrumb":{"@id":"https:\/\/blog.phzh.ch\/bibliothek\/2017\/11\/02\/bilderbuecher\/#breadcrumb"},"inLanguage":"de","potentialAction":[{"@type":"ReadAction","target":["https:\/\/blog.phzh.ch\/bibliothek\/2017\/11\/02\/bilderbuecher\/"]}]},{"@type":"ImageObject","inLanguage":"de","@id":"https:\/\/blog.phzh.ch\/bibliothek\/2017\/11\/02\/bilderbuecher\/#primaryimage","url":"https:\/\/blog.phzh.ch\/bibliothek\/files\/2017\/11\/Bestand_DX.jpg","contentUrl":"https:\/\/blog.phzh.ch\/bibliothek\/files\/2017\/11\/Bestand_DX.jpg","width":640,"height":480,"caption":"Bibliotheksregale Bestand DX"},{"@type":"BreadcrumbList","@id":"https:\/\/blog.phzh.ch\/bibliothek\/2017\/11\/02\/bilderbuecher\/#breadcrumb","itemListElement":[{"@type":"ListItem","position":1,"name":"Home","item":"https:\/\/blog.phzh.ch\/bibliothek\/"},{"@type":"ListItem","position":2,"name":"Bilderb\u00fccher"}]},{"@type":"WebSite","@id":"https:\/\/blog.phzh.ch\/bibliothek\/#website","url":"https:\/\/blog.phzh.ch\/bibliothek\/","name":"biblioPHil","description":"Blog der Bibliothek der PH Z\u00fcrich","potentialAction":[{"@type":"SearchAction","target":{"@type":"EntryPoint","urlTemplate":"https:\/\/blog.phzh.ch\/bibliothek\/?s={search_term_string}"},"query-input":{"@type":"PropertyValueSpecification","valueRequired":true,"valueName":"search_term_string"}}],"inLanguage":"de"},{"@type":"Person","@id":"https:\/\/blog.phzh.ch\/bibliothek\/#\/schema\/person\/19b0a19dd8f0d0951ad01813a34c1ef8","name":"admin","image":{"@type":"ImageObject","inLanguage":"de","@id":"https:\/\/blog.phzh.ch\/bibliothek\/#\/schema\/person\/image\/","url":"https:\/\/secure.gravatar.com\/avatar\/2f5f7aec2d96f014681306f8a37feb48?s=96&d=mm&r=g","contentUrl":"https:\/\/secure.gravatar.com\/avatar\/2f5f7aec2d96f014681306f8a37feb48?s=96&d=mm&r=g","caption":"admin"},"url":"https:\/\/blog.phzh.ch\/bibliothek\/author\/admin\/"}]}},"_links":{"self":[{"href":"https:\/\/blog.phzh.ch\/bibliothek\/wp-json\/wp\/v2\/posts\/377","targetHints":{"allow":["GET"]}}],"collection":[{"href":"https:\/\/blog.phzh.ch\/bibliothek\/wp-json\/wp\/v2\/posts"}],"about":[{"href":"https:\/\/blog.phzh.ch\/bibliothek\/wp-json\/wp\/v2\/types\/post"}],"author":[{"embeddable":true,"href":"https:\/\/blog.phzh.ch\/bibliothek\/wp-json\/wp\/v2\/users\/1"}],"replies":[{"embeddable":true,"href":"https:\/\/blog.phzh.ch\/bibliothek\/wp-json\/wp\/v2\/comments?post=377"}],"version-history":[{"count":17,"href":"https:\/\/blog.phzh.ch\/bibliothek\/wp-json\/wp\/v2\/posts\/377\/revisions"}],"predecessor-version":[{"id":399,"href":"https:\/\/blog.phzh.ch\/bibliothek\/wp-json\/wp\/v2\/posts\/377\/revisions\/399"}],"wp:attachment":[{"href":"https:\/\/blog.phzh.ch\/bibliothek\/wp-json\/wp\/v2\/media?parent=377"}],"wp:term":[{"taxonomy":"category","embeddable":true,"href":"https:\/\/blog.phzh.ch\/bibliothek\/wp-json\/wp\/v2\/categories?post=377"},{"taxonomy":"post_tag","embeddable":true,"href":"https:\/\/blog.phzh.ch\/bibliothek\/wp-json\/wp\/v2\/tags?post=377"}],"curies":[{"name":"wp","href":"https:\/\/api.w.org\/{rel}","templated":true}]}}