{"id":2717,"date":"2025-10-01T09:19:18","date_gmt":"2025-10-01T07:19:18","guid":{"rendered":"https:\/\/blog.phzh.ch\/bibliothek\/?p=2717"},"modified":"2025-10-01T09:20:04","modified_gmt":"2025-10-01T07:20:04","slug":"die-briefe-von-hermann-kruesi","status":"publish","type":"post","link":"https:\/\/blog.phzh.ch\/bibliothek\/2025\/10\/01\/die-briefe-von-hermann-kruesi\/","title":{"rendered":"Briefe von Hermann Kr\u00fcsi"},"content":{"rendered":"\n<figure class=\"wp-block-image size-large\"><img loading=\"lazy\" decoding=\"async\" width=\"1024\" height=\"285\" src=\"https:\/\/blog.phzh.ch\/bibliothek\/files\/2025\/10\/Header-Zuerich-liest_2025_AGO-1024x285.jpg\" alt=\"\" class=\"wp-image-2722\" srcset=\"https:\/\/blog.phzh.ch\/bibliothek\/files\/2025\/10\/Header-Zuerich-liest_2025_AGO-1024x285.jpg 1024w, https:\/\/blog.phzh.ch\/bibliothek\/files\/2025\/10\/Header-Zuerich-liest_2025_AGO-300x83.jpg 300w, https:\/\/blog.phzh.ch\/bibliothek\/files\/2025\/10\/Header-Zuerich-liest_2025_AGO-768x213.jpg 768w, https:\/\/blog.phzh.ch\/bibliothek\/files\/2025\/10\/Header-Zuerich-liest_2025_AGO-1536x427.jpg 1536w, https:\/\/blog.phzh.ch\/bibliothek\/files\/2025\/10\/Header-Zuerich-liest_2025_AGO-2048x569.jpg 2048w\" sizes=\"auto, (max-width: 1024px) 100vw, 1024px\" \/><\/figure>\n\n\n\n<p><strong>Im Rahmen des Buchfestivals \u00abZ\u00fcrich liest\u00bb pr\u00e4sentiert die Forschungsbibliothek Pestalozzianum Ausz\u00fcge aus der Korrespondenz des Schweizer P\u00e4dagogen und Lehrpersonenbildners Hermann Kr\u00fcsi. Im Interview geben Daniela Mistrello und Rebekka Horlacher Auskunft \u00fcber den Anlass.<\/strong><\/p>\n\n\n\n<p class=\"has-light-gray-background-color has-background has-small-font-size\"><em>Daniela Mistrello arbeitet als I+D Spezialistin und Dr. Rebekka Horlacher als Advanced Researcher am <a href=\"https:\/\/phzh.ch\/ueber-die-phzh\/organisation\/prorektorat-forschung-und-entwicklung\/abteilung-bildungswissenschaftliche-forschung\/zentrum-schulgeschichte\/\" target=\"_blank\" rel=\"noreferrer noopener\">Zentrum f\u00fcr Schulgeschichte der PH Z\u00fcrich<\/a>.<\/em><\/p>\n\n\n\n<p><strong>\u200bDaniela Mistrello und Rebekka Horlacher, weshalb ist es gerade jetzt ein guter Zeitpunkt, um \u00fcber die Briefe von Hermann Kr\u00fcsi zu sprechen?<\/strong><\/p>\n\n\n\n<p style=\"font-size:16px\"><strong>\u200bDaniela Mistrello, Rebekka Horlacher:<\/strong> Hermann Kr\u00fcsi war eine der wichtigen Figuren der Schweizer Lehrpersonenbildung in der ersten H\u00e4lfte des 19. Jahrhunderts. Nach seiner langj\u00e4hrigen T\u00e4tigkeit als Mitarbeiter Pestalozzis in Burgdorf, M\u00fcnchenbuchsee und Yverdon leitete er die neu gegr\u00fcndete Kantonsschule in Trogen und baute in Gais ein Seminar f\u00fcr angehende Lehrpersonen auf. Seine Ideen und Erfahrungen spiegeln sich auch in seiner Korrespondenz, die im Rahmen einer digitalen Edition mit dem Titel \u00abSchule und Lehrerbildung zwischen kirchlicher und staatlicher Organisation\u00bb seit dem Fr\u00fchjahr 2025 zug\u00e4nglich ist. Diese Briefe zeigen unter anderem die Erwartungen, die zu dieser Zeit mit der Volksschule und der Lehrpersonenbildung verbunden waren.<\/p>\n\n\n\n<p><strong>Worum geht es in den Korrespondenzen, die am Buchfestival \u00abZ\u00fcrich liest\u00bb vorgestellt werden?<\/strong><\/p>\n\n\n\n<p style=\"font-size:16px\"><strong>\u200bDaniela Mistrello, Rebekka Horlacher:<\/strong> In den Briefen werden unterschiedliche Themen angesprochen. Zum einen geht es um allt\u00e4gliche Fragen des Lebens im 19. Jahrhundert, um geplante Reisen, Haushaltsaufgaben oder um Berichte von Treffen mit Verwandten und Freunden. Zum anderen werden aber auch p\u00e4dagogische Fragen diskutiert, vor allem in den Briefen, die Hermann Kr\u00fcsi mit seinem gleichnamigen \u00e4lteren Sohn austauschte. Dieser trat in die beruflichen Fussstapfen seines Vaters und wurde zur Ausbildung auch nach Deutschland und England geschickt. Aus seiner Zeit als Mitarbeiter Pestalozzis in Yverdon verf\u00fcgte der Vater \u00fcber ein breites Netzwerk an Lehrerbildnern und Schulleitern, das er f\u00fcr die Ausbildung seines Sohnes nutzte.<\/p>\n\n\n\n<p><strong>Wie kann man am Anlass teilnehmen?<\/strong><\/p>\n\n\n\n<p style=\"font-size:16px\"><strong>\u200bDaniela Mistrello, Rebekka Horlacher:<\/strong> Die Veranstaltung findet im Rahmen des <a href=\"https:\/\/www.zuerich-liest.ch\/\" target=\"_blank\" rel=\"noreferrer noopener\">\u00abZ\u00fcrich liest\u00bb-Festivals<\/a> an der PH Z\u00fcrich statt, und zwar am Donnerstag, 23. Oktober, 18 bis 19.15 Uhr <a href=\"https:\/\/phzh.mapongo.de\/viewer?p=1&amp;b=1&amp;f=7&amp;l=2581&amp;lang=de\" target=\"_blank\" rel=\"noreferrer noopener\">in der Bibliothek im Geb\u00e4ude LAA, Stockwerk H S\u00fcd<\/a>. Der Weg ist ausgeschildert. Es ist keine Anmeldung n\u00f6tig.<\/p>\n\n\n\n<div class=\"wp-block-media-text is-stacked-on-mobile is-vertically-aligned-top\" style=\"grid-template-columns:26% auto\"><figure class=\"wp-block-media-text__media\"><a href=\"https:\/\/www.zuerich-liest.ch\/\" target=\"_blank\" rel=\" noreferrer noopener\"><img loading=\"lazy\" decoding=\"async\" width=\"1024\" height=\"787\" src=\"https:\/\/blog.phzh.ch\/bibliothek\/files\/2025\/10\/zuerichliest_Logo_2025_schwarz-1024x787.png\" alt=\"\" class=\"wp-image-2726 size-full\" srcset=\"https:\/\/blog.phzh.ch\/bibliothek\/files\/2025\/10\/zuerichliest_Logo_2025_schwarz-1024x787.png 1024w, https:\/\/blog.phzh.ch\/bibliothek\/files\/2025\/10\/zuerichliest_Logo_2025_schwarz-300x231.png 300w, https:\/\/blog.phzh.ch\/bibliothek\/files\/2025\/10\/zuerichliest_Logo_2025_schwarz-768x590.png 768w, https:\/\/blog.phzh.ch\/bibliothek\/files\/2025\/10\/zuerichliest_Logo_2025_schwarz.png 1076w\" sizes=\"auto, (max-width: 1024px) 100vw, 1024px\" \/><\/a><\/figure><div class=\"wp-block-media-text__content\">\n<p style=\"font-size:16px\"><strong>Weitere Informationen<\/strong><br><a href=\"https:\/\/phzh.ch\/ueber-die-phzh\/aktuell\/veranstaltungen\/veranstaltung\/?anlassId=144688575\" target=\"_blank\" rel=\"noreferrer noopener\">Anlass an der PH Z\u00fcrich<\/a><br><a href=\"https:\/\/www.zuerich-liest.ch\/\" target=\"_blank\" rel=\"noreferrer noopener\">Programm Z\u00fcrich liest 2025<\/a><\/p>\n<\/div><\/div>\n\n\n\n<p><\/p>\n","protected":false},"excerpt":{"rendered":"<p>Im Rahmen des Buchfestivals \u00abZ\u00fcrich liest\u00bb pr\u00e4sentiert die Forschungsbibliothek Pestalozzianum Ausz\u00fcge aus der Korrespondenz des Schweizer P\u00e4dagogen und Lehrpersonenbildners Hermann Kr\u00fcsi. Im Interview geben Daniela Mistrello und Rebekka Horlacher Auskunft \u00fcber den Anlass. Daniela Mistrello arbeitet als I+D Spezialistin und Dr. Rebekka Horlacher als Advanced Researcher am Zentrum f\u00fcr Schulgeschichte der PH Z\u00fcrich. \u200bDaniela Mistrello &hellip; <a href=\"https:\/\/blog.phzh.ch\/bibliothek\/2025\/10\/01\/die-briefe-von-hermann-kruesi\/\" class=\"more-link\"><span class=\"screen-reader-text\">Briefe von Hermann Kr\u00fcsi<\/span> weiterlesen<\/a><\/p>\n","protected":false},"author":1414,"featured_media":0,"comment_status":"open","ping_status":"open","sticky":false,"template":"","format":"standard","meta":{"sfsi_plus_gutenberg_text_before_share":"","sfsi_plus_gutenberg_show_text_before_share":"","sfsi_plus_gutenberg_icon_type":"","sfsi_plus_gutenberg_icon_alignemt":"","sfsi_plus_gutenburg_max_per_row":"","_s2mail":"yes","footnotes":""},"categories":[39],"tags":[],"class_list":["post-2717","post","type-post","status-publish","format-standard","hentry","category-allgemein"],"yoast_head":"<!-- This site is optimized with the Yoast SEO plugin v26.8 - https:\/\/yoast.com\/product\/yoast-seo-wordpress\/ -->\n<title>Briefe von Hermann Kr\u00fcsi - biblioPHil<\/title>\n<meta name=\"robots\" content=\"index, follow, max-snippet:-1, max-image-preview:large, max-video-preview:-1\" \/>\n<link rel=\"canonical\" href=\"https:\/\/blog.phzh.ch\/bibliothek\/2025\/10\/01\/die-briefe-von-hermann-kruesi\/\" \/>\n<meta property=\"og:locale\" content=\"de_DE\" \/>\n<meta property=\"og:type\" content=\"article\" \/>\n<meta property=\"og:title\" content=\"Briefe von Hermann Kr\u00fcsi - biblioPHil\" \/>\n<meta property=\"og:description\" content=\"Im Rahmen des Buchfestivals \u00abZ\u00fcrich liest\u00bb pr\u00e4sentiert die Forschungsbibliothek Pestalozzianum Ausz\u00fcge aus der Korrespondenz des Schweizer P\u00e4dagogen und Lehrpersonenbildners Hermann Kr\u00fcsi. Im Interview geben Daniela Mistrello und Rebekka Horlacher Auskunft \u00fcber den Anlass. Daniela Mistrello arbeitet als I+D Spezialistin und Dr. Rebekka Horlacher als Advanced Researcher am Zentrum f\u00fcr Schulgeschichte der PH Z\u00fcrich. \u200bDaniela Mistrello &hellip; Briefe von Hermann Kr\u00fcsi weiterlesen\" \/>\n<meta property=\"og:url\" content=\"https:\/\/blog.phzh.ch\/bibliothek\/2025\/10\/01\/die-briefe-von-hermann-kruesi\/\" \/>\n<meta property=\"og:site_name\" content=\"biblioPHil\" \/>\n<meta property=\"article:published_time\" content=\"2025-10-01T07:19:18+00:00\" \/>\n<meta property=\"article:modified_time\" content=\"2025-10-01T07:20:04+00:00\" \/>\n<meta property=\"og:image\" content=\"https:\/\/blog.phzh.ch\/bibliothek\/files\/2025\/10\/Header-Zuerich-liest_2025_AGO.jpg\" \/>\n\t<meta property=\"og:image:width\" content=\"2083\" \/>\n\t<meta property=\"og:image:height\" content=\"579\" \/>\n\t<meta property=\"og:image:type\" content=\"image\/jpeg\" \/>\n<meta name=\"author\" content=\"andreasgrossmann\" \/>\n<meta name=\"twitter:card\" content=\"summary_large_image\" \/>\n<meta name=\"twitter:label1\" content=\"Verfasst von\" \/>\n\t<meta name=\"twitter:data1\" content=\"andreasgrossmann\" \/>\n<script type=\"application\/ld+json\" class=\"yoast-schema-graph\">{\"@context\":\"https:\/\/schema.org\",\"@graph\":[{\"@type\":\"Article\",\"@id\":\"https:\/\/blog.phzh.ch\/bibliothek\/2025\/10\/01\/die-briefe-von-hermann-kruesi\/#article\",\"isPartOf\":{\"@id\":\"https:\/\/blog.phzh.ch\/bibliothek\/2025\/10\/01\/die-briefe-von-hermann-kruesi\/\"},\"author\":{\"name\":\"andreasgrossmann\",\"@id\":\"https:\/\/blog.phzh.ch\/bibliothek\/#\/schema\/person\/4360211b9221fbb6cef4a29576ba41f5\"},\"headline\":\"Briefe von Hermann Kr\u00fcsi\",\"datePublished\":\"2025-10-01T07:19:18+00:00\",\"dateModified\":\"2025-10-01T07:20:04+00:00\",\"mainEntityOfPage\":{\"@id\":\"https:\/\/blog.phzh.ch\/bibliothek\/2025\/10\/01\/die-briefe-von-hermann-kruesi\/\"},\"wordCount\":386,\"commentCount\":3,\"image\":{\"@id\":\"https:\/\/blog.phzh.ch\/bibliothek\/2025\/10\/01\/die-briefe-von-hermann-kruesi\/#primaryimage\"},\"thumbnailUrl\":\"https:\/\/blog.phzh.ch\/bibliothek\/files\/2025\/10\/Header-Zuerich-liest_2025_AGO-1024x285.jpg\",\"inLanguage\":\"de\",\"potentialAction\":[{\"@type\":\"CommentAction\",\"name\":\"Comment\",\"target\":[\"https:\/\/blog.phzh.ch\/bibliothek\/2025\/10\/01\/die-briefe-von-hermann-kruesi\/#respond\"]}]},{\"@type\":\"WebPage\",\"@id\":\"https:\/\/blog.phzh.ch\/bibliothek\/2025\/10\/01\/die-briefe-von-hermann-kruesi\/\",\"url\":\"https:\/\/blog.phzh.ch\/bibliothek\/2025\/10\/01\/die-briefe-von-hermann-kruesi\/\",\"name\":\"Briefe von Hermann Kr\u00fcsi - biblioPHil\",\"isPartOf\":{\"@id\":\"https:\/\/blog.phzh.ch\/bibliothek\/#website\"},\"primaryImageOfPage\":{\"@id\":\"https:\/\/blog.phzh.ch\/bibliothek\/2025\/10\/01\/die-briefe-von-hermann-kruesi\/#primaryimage\"},\"image\":{\"@id\":\"https:\/\/blog.phzh.ch\/bibliothek\/2025\/10\/01\/die-briefe-von-hermann-kruesi\/#primaryimage\"},\"thumbnailUrl\":\"https:\/\/blog.phzh.ch\/bibliothek\/files\/2025\/10\/Header-Zuerich-liest_2025_AGO-1024x285.jpg\",\"datePublished\":\"2025-10-01T07:19:18+00:00\",\"dateModified\":\"2025-10-01T07:20:04+00:00\",\"author\":{\"@id\":\"https:\/\/blog.phzh.ch\/bibliothek\/#\/schema\/person\/4360211b9221fbb6cef4a29576ba41f5\"},\"breadcrumb\":{\"@id\":\"https:\/\/blog.phzh.ch\/bibliothek\/2025\/10\/01\/die-briefe-von-hermann-kruesi\/#breadcrumb\"},\"inLanguage\":\"de\",\"potentialAction\":[{\"@type\":\"ReadAction\",\"target\":[\"https:\/\/blog.phzh.ch\/bibliothek\/2025\/10\/01\/die-briefe-von-hermann-kruesi\/\"]}]},{\"@type\":\"ImageObject\",\"inLanguage\":\"de\",\"@id\":\"https:\/\/blog.phzh.ch\/bibliothek\/2025\/10\/01\/die-briefe-von-hermann-kruesi\/#primaryimage\",\"url\":\"https:\/\/blog.phzh.ch\/bibliothek\/files\/2025\/10\/Header-Zuerich-liest_2025_AGO.jpg\",\"contentUrl\":\"https:\/\/blog.phzh.ch\/bibliothek\/files\/2025\/10\/Header-Zuerich-liest_2025_AGO.jpg\",\"width\":2083,\"height\":579},{\"@type\":\"BreadcrumbList\",\"@id\":\"https:\/\/blog.phzh.ch\/bibliothek\/2025\/10\/01\/die-briefe-von-hermann-kruesi\/#breadcrumb\",\"itemListElement\":[{\"@type\":\"ListItem\",\"position\":1,\"name\":\"Home\",\"item\":\"https:\/\/blog.phzh.ch\/bibliothek\/\"},{\"@type\":\"ListItem\",\"position\":2,\"name\":\"Briefe von Hermann Kr\u00fcsi\"}]},{\"@type\":\"WebSite\",\"@id\":\"https:\/\/blog.phzh.ch\/bibliothek\/#website\",\"url\":\"https:\/\/blog.phzh.ch\/bibliothek\/\",\"name\":\"biblioPHil\",\"description\":\"Blog der Bibliothek der PH Z\u00fcrich\",\"potentialAction\":[{\"@type\":\"SearchAction\",\"target\":{\"@type\":\"EntryPoint\",\"urlTemplate\":\"https:\/\/blog.phzh.ch\/bibliothek\/?s={search_term_string}\"},\"query-input\":{\"@type\":\"PropertyValueSpecification\",\"valueRequired\":true,\"valueName\":\"search_term_string\"}}],\"inLanguage\":\"de\"},{\"@type\":\"Person\",\"@id\":\"https:\/\/blog.phzh.ch\/bibliothek\/#\/schema\/person\/4360211b9221fbb6cef4a29576ba41f5\",\"name\":\"andreasgrossmann\",\"image\":{\"@type\":\"ImageObject\",\"inLanguage\":\"de\",\"@id\":\"https:\/\/blog.phzh.ch\/bibliothek\/#\/schema\/person\/image\/\",\"url\":\"https:\/\/secure.gravatar.com\/avatar\/05012106f8bf05a68e1ecc068b8fbee4?s=96&d=mm&r=g\",\"contentUrl\":\"https:\/\/secure.gravatar.com\/avatar\/05012106f8bf05a68e1ecc068b8fbee4?s=96&d=mm&r=g\",\"caption\":\"andreasgrossmann\"},\"url\":\"https:\/\/blog.phzh.ch\/bibliothek\/author\/andreasgrossmann\/\"}]}<\/script>\n<!-- \/ Yoast SEO plugin. -->","yoast_head_json":{"title":"Briefe von Hermann Kr\u00fcsi - biblioPHil","robots":{"index":"index","follow":"follow","max-snippet":"max-snippet:-1","max-image-preview":"max-image-preview:large","max-video-preview":"max-video-preview:-1"},"canonical":"https:\/\/blog.phzh.ch\/bibliothek\/2025\/10\/01\/die-briefe-von-hermann-kruesi\/","og_locale":"de_DE","og_type":"article","og_title":"Briefe von Hermann Kr\u00fcsi - biblioPHil","og_description":"Im Rahmen des Buchfestivals \u00abZ\u00fcrich liest\u00bb pr\u00e4sentiert die Forschungsbibliothek Pestalozzianum Ausz\u00fcge aus der Korrespondenz des Schweizer P\u00e4dagogen und Lehrpersonenbildners Hermann Kr\u00fcsi. Im Interview geben Daniela Mistrello und Rebekka Horlacher Auskunft \u00fcber den Anlass. Daniela Mistrello arbeitet als I+D Spezialistin und Dr. Rebekka Horlacher als Advanced Researcher am Zentrum f\u00fcr Schulgeschichte der PH Z\u00fcrich. \u200bDaniela Mistrello &hellip; Briefe von Hermann Kr\u00fcsi weiterlesen","og_url":"https:\/\/blog.phzh.ch\/bibliothek\/2025\/10\/01\/die-briefe-von-hermann-kruesi\/","og_site_name":"biblioPHil","article_published_time":"2025-10-01T07:19:18+00:00","article_modified_time":"2025-10-01T07:20:04+00:00","og_image":[{"width":2083,"height":579,"url":"https:\/\/blog.phzh.ch\/bibliothek\/files\/2025\/10\/Header-Zuerich-liest_2025_AGO.jpg","type":"image\/jpeg"}],"author":"andreasgrossmann","twitter_card":"summary_large_image","twitter_misc":{"Verfasst von":"andreasgrossmann"},"schema":{"@context":"https:\/\/schema.org","@graph":[{"@type":"Article","@id":"https:\/\/blog.phzh.ch\/bibliothek\/2025\/10\/01\/die-briefe-von-hermann-kruesi\/#article","isPartOf":{"@id":"https:\/\/blog.phzh.ch\/bibliothek\/2025\/10\/01\/die-briefe-von-hermann-kruesi\/"},"author":{"name":"andreasgrossmann","@id":"https:\/\/blog.phzh.ch\/bibliothek\/#\/schema\/person\/4360211b9221fbb6cef4a29576ba41f5"},"headline":"Briefe von Hermann Kr\u00fcsi","datePublished":"2025-10-01T07:19:18+00:00","dateModified":"2025-10-01T07:20:04+00:00","mainEntityOfPage":{"@id":"https:\/\/blog.phzh.ch\/bibliothek\/2025\/10\/01\/die-briefe-von-hermann-kruesi\/"},"wordCount":386,"commentCount":3,"image":{"@id":"https:\/\/blog.phzh.ch\/bibliothek\/2025\/10\/01\/die-briefe-von-hermann-kruesi\/#primaryimage"},"thumbnailUrl":"https:\/\/blog.phzh.ch\/bibliothek\/files\/2025\/10\/Header-Zuerich-liest_2025_AGO-1024x285.jpg","inLanguage":"de","potentialAction":[{"@type":"CommentAction","name":"Comment","target":["https:\/\/blog.phzh.ch\/bibliothek\/2025\/10\/01\/die-briefe-von-hermann-kruesi\/#respond"]}]},{"@type":"WebPage","@id":"https:\/\/blog.phzh.ch\/bibliothek\/2025\/10\/01\/die-briefe-von-hermann-kruesi\/","url":"https:\/\/blog.phzh.ch\/bibliothek\/2025\/10\/01\/die-briefe-von-hermann-kruesi\/","name":"Briefe von Hermann Kr\u00fcsi - biblioPHil","isPartOf":{"@id":"https:\/\/blog.phzh.ch\/bibliothek\/#website"},"primaryImageOfPage":{"@id":"https:\/\/blog.phzh.ch\/bibliothek\/2025\/10\/01\/die-briefe-von-hermann-kruesi\/#primaryimage"},"image":{"@id":"https:\/\/blog.phzh.ch\/bibliothek\/2025\/10\/01\/die-briefe-von-hermann-kruesi\/#primaryimage"},"thumbnailUrl":"https:\/\/blog.phzh.ch\/bibliothek\/files\/2025\/10\/Header-Zuerich-liest_2025_AGO-1024x285.jpg","datePublished":"2025-10-01T07:19:18+00:00","dateModified":"2025-10-01T07:20:04+00:00","author":{"@id":"https:\/\/blog.phzh.ch\/bibliothek\/#\/schema\/person\/4360211b9221fbb6cef4a29576ba41f5"},"breadcrumb":{"@id":"https:\/\/blog.phzh.ch\/bibliothek\/2025\/10\/01\/die-briefe-von-hermann-kruesi\/#breadcrumb"},"inLanguage":"de","potentialAction":[{"@type":"ReadAction","target":["https:\/\/blog.phzh.ch\/bibliothek\/2025\/10\/01\/die-briefe-von-hermann-kruesi\/"]}]},{"@type":"ImageObject","inLanguage":"de","@id":"https:\/\/blog.phzh.ch\/bibliothek\/2025\/10\/01\/die-briefe-von-hermann-kruesi\/#primaryimage","url":"https:\/\/blog.phzh.ch\/bibliothek\/files\/2025\/10\/Header-Zuerich-liest_2025_AGO.jpg","contentUrl":"https:\/\/blog.phzh.ch\/bibliothek\/files\/2025\/10\/Header-Zuerich-liest_2025_AGO.jpg","width":2083,"height":579},{"@type":"BreadcrumbList","@id":"https:\/\/blog.phzh.ch\/bibliothek\/2025\/10\/01\/die-briefe-von-hermann-kruesi\/#breadcrumb","itemListElement":[{"@type":"ListItem","position":1,"name":"Home","item":"https:\/\/blog.phzh.ch\/bibliothek\/"},{"@type":"ListItem","position":2,"name":"Briefe von Hermann Kr\u00fcsi"}]},{"@type":"WebSite","@id":"https:\/\/blog.phzh.ch\/bibliothek\/#website","url":"https:\/\/blog.phzh.ch\/bibliothek\/","name":"biblioPHil","description":"Blog der Bibliothek der PH Z\u00fcrich","potentialAction":[{"@type":"SearchAction","target":{"@type":"EntryPoint","urlTemplate":"https:\/\/blog.phzh.ch\/bibliothek\/?s={search_term_string}"},"query-input":{"@type":"PropertyValueSpecification","valueRequired":true,"valueName":"search_term_string"}}],"inLanguage":"de"},{"@type":"Person","@id":"https:\/\/blog.phzh.ch\/bibliothek\/#\/schema\/person\/4360211b9221fbb6cef4a29576ba41f5","name":"andreasgrossmann","image":{"@type":"ImageObject","inLanguage":"de","@id":"https:\/\/blog.phzh.ch\/bibliothek\/#\/schema\/person\/image\/","url":"https:\/\/secure.gravatar.com\/avatar\/05012106f8bf05a68e1ecc068b8fbee4?s=96&d=mm&r=g","contentUrl":"https:\/\/secure.gravatar.com\/avatar\/05012106f8bf05a68e1ecc068b8fbee4?s=96&d=mm&r=g","caption":"andreasgrossmann"},"url":"https:\/\/blog.phzh.ch\/bibliothek\/author\/andreasgrossmann\/"}]}},"_links":{"self":[{"href":"https:\/\/blog.phzh.ch\/bibliothek\/wp-json\/wp\/v2\/posts\/2717","targetHints":{"allow":["GET"]}}],"collection":[{"href":"https:\/\/blog.phzh.ch\/bibliothek\/wp-json\/wp\/v2\/posts"}],"about":[{"href":"https:\/\/blog.phzh.ch\/bibliothek\/wp-json\/wp\/v2\/types\/post"}],"author":[{"embeddable":true,"href":"https:\/\/blog.phzh.ch\/bibliothek\/wp-json\/wp\/v2\/users\/1414"}],"replies":[{"embeddable":true,"href":"https:\/\/blog.phzh.ch\/bibliothek\/wp-json\/wp\/v2\/comments?post=2717"}],"version-history":[{"count":15,"href":"https:\/\/blog.phzh.ch\/bibliothek\/wp-json\/wp\/v2\/posts\/2717\/revisions"}],"predecessor-version":[{"id":2735,"href":"https:\/\/blog.phzh.ch\/bibliothek\/wp-json\/wp\/v2\/posts\/2717\/revisions\/2735"}],"wp:attachment":[{"href":"https:\/\/blog.phzh.ch\/bibliothek\/wp-json\/wp\/v2\/media?parent=2717"}],"wp:term":[{"taxonomy":"category","embeddable":true,"href":"https:\/\/blog.phzh.ch\/bibliothek\/wp-json\/wp\/v2\/categories?post=2717"},{"taxonomy":"post_tag","embeddable":true,"href":"https:\/\/blog.phzh.ch\/bibliothek\/wp-json\/wp\/v2\/tags?post=2717"}],"curies":[{"name":"wp","href":"https:\/\/api.w.org\/{rel}","templated":true}]}}