{"id":2557,"date":"2025-03-25T13:36:58","date_gmt":"2025-03-25T12:36:58","guid":{"rendered":"https:\/\/blog.phzh.ch\/bibliothek\/?p=2557"},"modified":"2025-03-25T13:37:01","modified_gmt":"2025-03-25T12:37:01","slug":"erzaehlmorgen","status":"publish","type":"post","link":"https:\/\/blog.phzh.ch\/bibliothek\/2025\/03\/25\/erzaehlmorgen\/","title":{"rendered":"Erz\u00e4hlmorgen"},"content":{"rendered":"\n<figure class=\"wp-block-image size-large\"><img loading=\"lazy\" decoding=\"async\" width=\"1024\" height=\"768\" src=\"https:\/\/blog.phzh.ch\/bibliothek\/files\/2025\/03\/8-1024x768.jpg\" alt=\"\" class=\"wp-image-2566\" srcset=\"https:\/\/blog.phzh.ch\/bibliothek\/files\/2025\/03\/8-1024x768.jpg 1024w, https:\/\/blog.phzh.ch\/bibliothek\/files\/2025\/03\/8-300x225.jpg 300w, https:\/\/blog.phzh.ch\/bibliothek\/files\/2025\/03\/8-768x576.jpg 768w, https:\/\/blog.phzh.ch\/bibliothek\/files\/2025\/03\/8-1536x1152.jpg 1536w, https:\/\/blog.phzh.ch\/bibliothek\/files\/2025\/03\/8-2048x1536.jpg 2048w\" sizes=\"auto, (max-width: 1024px) 100vw, 1024px\" \/><\/figure>\n\n\n\n<p><strong>Im Rahmen eines Erz\u00e4hlmorgens besuchten am 25. M\u00e4rz 2025 \u00fcber 150 Primarschulkinder aus dem Raum Z\u00fcrich den PHZH-Campus. In der Bibliothek wurden zehn inspirierende Geschichten zum Thema \u00abNachhaltigkeit\u00bb pr\u00e4sentiert.<\/strong><\/p>\n\n\n\n<p>Am sogenannten \u00abStory Morning\u00bb, organisiert von der Vorsitzenden der Fachgruppe Sprachen, Laura Loder B\u00fcchel, in Zusammenarbeit mit der Bibliothek der PH Z\u00fcrich, pr\u00e4sentierten Studierende englische Kinderb\u00fccher zum Thema \u00abWe Can Change the World!\u00bb. Aufh\u00e4nger waren die <a href=\"https:\/\/www.agenda-2030.eda.admin.ch\/de\/agenda-2030-fuer-nachhaltige-entwicklung\" target=\"_blank\" rel=\"noreferrer noopener\">17 Ziele f\u00fcr nachhaltige Entwicklung der UNO-Agenda 2030<\/a> \u2013 verpackt in motivierende und anregende Geschichten.<\/p>\n\n\n\n<p>Insgesamt besuchten \u00fcber 150 Dritt- bis Sechstkl\u00e4ssler:innen den Campus. Die Bibliothek begleitete die Aktion online mit Social-Media-Posts und vor Ort mit Roboter Phibi, der bei den jungen Besucher:innen wie immer auf grosses Interesse stiess.<\/p>\n\n\n\n<div class=\"wp-block-media-text is-stacked-on-mobile is-vertically-aligned-top\"><figure class=\"wp-block-media-text__media\"><img loading=\"lazy\" decoding=\"async\" width=\"819\" height=\"1024\" src=\"https:\/\/blog.phzh.ch\/bibliothek\/files\/2025\/03\/6-819x1024.jpg\" alt=\"\" class=\"wp-image-2568 size-full\" srcset=\"https:\/\/blog.phzh.ch\/bibliothek\/files\/2025\/03\/6-819x1024.jpg 819w, https:\/\/blog.phzh.ch\/bibliothek\/files\/2025\/03\/6-240x300.jpg 240w, https:\/\/blog.phzh.ch\/bibliothek\/files\/2025\/03\/6-768x960.jpg 768w, https:\/\/blog.phzh.ch\/bibliothek\/files\/2025\/03\/6-1229x1536.jpg 1229w, https:\/\/blog.phzh.ch\/bibliothek\/files\/2025\/03\/6-1638x2048.jpg 1638w, https:\/\/blog.phzh.ch\/bibliothek\/files\/2025\/03\/6-scaled.jpg 2048w\" sizes=\"auto, (max-width: 819px) 100vw, 819px\" \/><\/figure><div class=\"wp-block-media-text__content\">\n<p>Im Zentrum der Vorleseaktion standen Kinderb\u00fccher aus dem Bibliotheksbestand wie:<\/p>\n\n\n\n<p><a href=\"https:\/\/slsp-zph.primo.exlibrisgroup.com\/permalink\/41SLSP_PHZ\/lga2mf\/alma99116813094805521\" target=\"_blank\" rel=\"noreferrer noopener\">That&#8217;s not my name!<\/a><br><a href=\"https:\/\/slsp-zph.primo.exlibrisgroup.com\/permalink\/41SLSP_PHZ\/lga2mf\/alma990111200260205521\" target=\"_blank\" rel=\"noreferrer noopener\">Punk the Ladybird<\/a><br><a href=\"https:\/\/slsp-zph.primo.exlibrisgroup.com\/permalink\/41SLSP_PHZ\/lga2mf\/alma99116918294805521\" target=\"_blank\" rel=\"noreferrer noopener\">The blue house<\/a><br><a href=\"https:\/\/slsp-zph.primo.exlibrisgroup.com\/permalink\/41SLSP_PHZ\/lga2mf\/alma99116774039905521\" target=\"_blank\" rel=\"noreferrer noopener\">Puppy in My Head<\/a><br><a href=\"https:\/\/slsp-zph.primo.exlibrisgroup.com\/permalink\/41SLSP_PHZ\/lga2mf\/alma990115464470205521\" target=\"_blank\" rel=\"noreferrer noopener\">Shark who couldn&#8217;t say no<\/a><br><a href=\"https:\/\/slsp-zph.primo.exlibrisgroup.com\/permalink\/41SLSP_PHZ\/lga2mf\/alma99116767138405521\" target=\"_blank\" rel=\"noreferrer noopener\">Most people<\/a><br><a href=\"https:\/\/slsp-zph.primo.exlibrisgroup.com\/permalink\/41SLSP_PHZ\/lga2mf\/alma99116916691705521\" target=\"_blank\" rel=\"noreferrer noopener\">Lunch from home<\/a><br><a href=\"https:\/\/slsp-zph.primo.exlibrisgroup.com\/permalink\/41SLSP_PHZ\/lga2mf\/alma99116813093105521\" target=\"_blank\" rel=\"noreferrer noopener\">Strong<\/a><\/p>\n<\/div><\/div>\n\n\n\n<figure class=\"wp-block-image size-large\"><img loading=\"lazy\" decoding=\"async\" width=\"1024\" height=\"768\" src=\"https:\/\/blog.phzh.ch\/bibliothek\/files\/2025\/03\/7-1024x768.jpg\" alt=\"\" class=\"wp-image-2567\" srcset=\"https:\/\/blog.phzh.ch\/bibliothek\/files\/2025\/03\/7-1024x768.jpg 1024w, https:\/\/blog.phzh.ch\/bibliothek\/files\/2025\/03\/7-300x225.jpg 300w, https:\/\/blog.phzh.ch\/bibliothek\/files\/2025\/03\/7-768x576.jpg 768w, https:\/\/blog.phzh.ch\/bibliothek\/files\/2025\/03\/7-1536x1152.jpg 1536w, https:\/\/blog.phzh.ch\/bibliothek\/files\/2025\/03\/7-2048x1536.jpg 2048w\" sizes=\"auto, (max-width: 1024px) 100vw, 1024px\" \/><\/figure>\n","protected":false},"excerpt":{"rendered":"<p>Im Rahmen eines Erz\u00e4hlmorgens besuchten am 25. M\u00e4rz 2025 \u00fcber 150 Primarschulkinder aus dem Raum Z\u00fcrich den PHZH-Campus. In der Bibliothek wurden zehn inspirierende Geschichten zum Thema \u00abNachhaltigkeit\u00bb pr\u00e4sentiert. Am sogenannten \u00abStory Morning\u00bb, organisiert von der Vorsitzenden der Fachgruppe Sprachen, Laura Loder B\u00fcchel, in Zusammenarbeit mit der Bibliothek der PH Z\u00fcrich, pr\u00e4sentierten Studierende englische Kinderb\u00fccher &hellip; <a href=\"https:\/\/blog.phzh.ch\/bibliothek\/2025\/03\/25\/erzaehlmorgen\/\" class=\"more-link\"><span class=\"screen-reader-text\">Erz\u00e4hlmorgen<\/span> weiterlesen<\/a><\/p>\n","protected":false},"author":1414,"featured_media":0,"comment_status":"open","ping_status":"open","sticky":false,"template":"","format":"standard","meta":{"sfsi_plus_gutenberg_text_before_share":"","sfsi_plus_gutenberg_show_text_before_share":"","sfsi_plus_gutenberg_icon_type":"","sfsi_plus_gutenberg_icon_alignemt":"","sfsi_plus_gutenburg_max_per_row":"","_s2mail":"yes","footnotes":""},"categories":[39],"tags":[],"class_list":["post-2557","post","type-post","status-publish","format-standard","hentry","category-allgemein"],"yoast_head":"<!-- This site is optimized with the Yoast SEO plugin v26.8 - https:\/\/yoast.com\/product\/yoast-seo-wordpress\/ -->\n<title>Erz\u00e4hlmorgen - biblioPHil<\/title>\n<meta name=\"robots\" content=\"index, follow, max-snippet:-1, max-image-preview:large, max-video-preview:-1\" \/>\n<link rel=\"canonical\" href=\"https:\/\/blog.phzh.ch\/bibliothek\/2025\/03\/25\/erzaehlmorgen\/\" \/>\n<meta property=\"og:locale\" content=\"de_DE\" \/>\n<meta property=\"og:type\" content=\"article\" \/>\n<meta property=\"og:title\" content=\"Erz\u00e4hlmorgen - biblioPHil\" \/>\n<meta property=\"og:description\" content=\"Im Rahmen eines Erz\u00e4hlmorgens besuchten am 25. M\u00e4rz 2025 \u00fcber 150 Primarschulkinder aus dem Raum Z\u00fcrich den PHZH-Campus. In der Bibliothek wurden zehn inspirierende Geschichten zum Thema \u00abNachhaltigkeit\u00bb pr\u00e4sentiert. Am sogenannten \u00abStory Morning\u00bb, organisiert von der Vorsitzenden der Fachgruppe Sprachen, Laura Loder B\u00fcchel, in Zusammenarbeit mit der Bibliothek der PH Z\u00fcrich, pr\u00e4sentierten Studierende englische Kinderb\u00fccher &hellip; Erz\u00e4hlmorgen weiterlesen\" \/>\n<meta property=\"og:url\" content=\"https:\/\/blog.phzh.ch\/bibliothek\/2025\/03\/25\/erzaehlmorgen\/\" \/>\n<meta property=\"og:site_name\" content=\"biblioPHil\" \/>\n<meta property=\"article:published_time\" content=\"2025-03-25T12:36:58+00:00\" \/>\n<meta property=\"article:modified_time\" content=\"2025-03-25T12:37:01+00:00\" \/>\n<meta property=\"og:image\" content=\"https:\/\/blog.phzh.ch\/bibliothek\/files\/2025\/03\/8-scaled.jpg\" \/>\n\t<meta property=\"og:image:width\" content=\"2560\" \/>\n\t<meta property=\"og:image:height\" content=\"1920\" \/>\n\t<meta property=\"og:image:type\" content=\"image\/jpeg\" \/>\n<meta name=\"author\" content=\"andreasgrossmann\" \/>\n<meta name=\"twitter:card\" content=\"summary_large_image\" \/>\n<meta name=\"twitter:label1\" content=\"Verfasst von\" \/>\n\t<meta name=\"twitter:data1\" content=\"andreasgrossmann\" \/>\n\t<meta name=\"twitter:label2\" content=\"Gesch\u00e4tzte Lesezeit\" \/>\n\t<meta name=\"twitter:data2\" content=\"2\u00a0Minuten\" \/>\n<script type=\"application\/ld+json\" class=\"yoast-schema-graph\">{\"@context\":\"https:\/\/schema.org\",\"@graph\":[{\"@type\":\"Article\",\"@id\":\"https:\/\/blog.phzh.ch\/bibliothek\/2025\/03\/25\/erzaehlmorgen\/#article\",\"isPartOf\":{\"@id\":\"https:\/\/blog.phzh.ch\/bibliothek\/2025\/03\/25\/erzaehlmorgen\/\"},\"author\":{\"name\":\"andreasgrossmann\",\"@id\":\"https:\/\/blog.phzh.ch\/bibliothek\/#\/schema\/person\/4360211b9221fbb6cef4a29576ba41f5\"},\"headline\":\"Erz\u00e4hlmorgen\",\"datePublished\":\"2025-03-25T12:36:58+00:00\",\"dateModified\":\"2025-03-25T12:37:01+00:00\",\"mainEntityOfPage\":{\"@id\":\"https:\/\/blog.phzh.ch\/bibliothek\/2025\/03\/25\/erzaehlmorgen\/\"},\"wordCount\":160,\"commentCount\":1,\"image\":{\"@id\":\"https:\/\/blog.phzh.ch\/bibliothek\/2025\/03\/25\/erzaehlmorgen\/#primaryimage\"},\"thumbnailUrl\":\"https:\/\/blog.phzh.ch\/bibliothek\/files\/2025\/03\/8-1024x768.jpg\",\"inLanguage\":\"de\",\"potentialAction\":[{\"@type\":\"CommentAction\",\"name\":\"Comment\",\"target\":[\"https:\/\/blog.phzh.ch\/bibliothek\/2025\/03\/25\/erzaehlmorgen\/#respond\"]}]},{\"@type\":\"WebPage\",\"@id\":\"https:\/\/blog.phzh.ch\/bibliothek\/2025\/03\/25\/erzaehlmorgen\/\",\"url\":\"https:\/\/blog.phzh.ch\/bibliothek\/2025\/03\/25\/erzaehlmorgen\/\",\"name\":\"Erz\u00e4hlmorgen - biblioPHil\",\"isPartOf\":{\"@id\":\"https:\/\/blog.phzh.ch\/bibliothek\/#website\"},\"primaryImageOfPage\":{\"@id\":\"https:\/\/blog.phzh.ch\/bibliothek\/2025\/03\/25\/erzaehlmorgen\/#primaryimage\"},\"image\":{\"@id\":\"https:\/\/blog.phzh.ch\/bibliothek\/2025\/03\/25\/erzaehlmorgen\/#primaryimage\"},\"thumbnailUrl\":\"https:\/\/blog.phzh.ch\/bibliothek\/files\/2025\/03\/8-1024x768.jpg\",\"datePublished\":\"2025-03-25T12:36:58+00:00\",\"dateModified\":\"2025-03-25T12:37:01+00:00\",\"author\":{\"@id\":\"https:\/\/blog.phzh.ch\/bibliothek\/#\/schema\/person\/4360211b9221fbb6cef4a29576ba41f5\"},\"breadcrumb\":{\"@id\":\"https:\/\/blog.phzh.ch\/bibliothek\/2025\/03\/25\/erzaehlmorgen\/#breadcrumb\"},\"inLanguage\":\"de\",\"potentialAction\":[{\"@type\":\"ReadAction\",\"target\":[\"https:\/\/blog.phzh.ch\/bibliothek\/2025\/03\/25\/erzaehlmorgen\/\"]}]},{\"@type\":\"ImageObject\",\"inLanguage\":\"de\",\"@id\":\"https:\/\/blog.phzh.ch\/bibliothek\/2025\/03\/25\/erzaehlmorgen\/#primaryimage\",\"url\":\"https:\/\/blog.phzh.ch\/bibliothek\/files\/2025\/03\/8-scaled.jpg\",\"contentUrl\":\"https:\/\/blog.phzh.ch\/bibliothek\/files\/2025\/03\/8-scaled.jpg\",\"width\":2560,\"height\":1920},{\"@type\":\"BreadcrumbList\",\"@id\":\"https:\/\/blog.phzh.ch\/bibliothek\/2025\/03\/25\/erzaehlmorgen\/#breadcrumb\",\"itemListElement\":[{\"@type\":\"ListItem\",\"position\":1,\"name\":\"Home\",\"item\":\"https:\/\/blog.phzh.ch\/bibliothek\/\"},{\"@type\":\"ListItem\",\"position\":2,\"name\":\"Erz\u00e4hlmorgen\"}]},{\"@type\":\"WebSite\",\"@id\":\"https:\/\/blog.phzh.ch\/bibliothek\/#website\",\"url\":\"https:\/\/blog.phzh.ch\/bibliothek\/\",\"name\":\"biblioPHil\",\"description\":\"Blog der Bibliothek der PH Z\u00fcrich\",\"potentialAction\":[{\"@type\":\"SearchAction\",\"target\":{\"@type\":\"EntryPoint\",\"urlTemplate\":\"https:\/\/blog.phzh.ch\/bibliothek\/?s={search_term_string}\"},\"query-input\":{\"@type\":\"PropertyValueSpecification\",\"valueRequired\":true,\"valueName\":\"search_term_string\"}}],\"inLanguage\":\"de\"},{\"@type\":\"Person\",\"@id\":\"https:\/\/blog.phzh.ch\/bibliothek\/#\/schema\/person\/4360211b9221fbb6cef4a29576ba41f5\",\"name\":\"andreasgrossmann\",\"image\":{\"@type\":\"ImageObject\",\"inLanguage\":\"de\",\"@id\":\"https:\/\/blog.phzh.ch\/bibliothek\/#\/schema\/person\/image\/\",\"url\":\"https:\/\/secure.gravatar.com\/avatar\/05012106f8bf05a68e1ecc068b8fbee4?s=96&d=mm&r=g\",\"contentUrl\":\"https:\/\/secure.gravatar.com\/avatar\/05012106f8bf05a68e1ecc068b8fbee4?s=96&d=mm&r=g\",\"caption\":\"andreasgrossmann\"},\"url\":\"https:\/\/blog.phzh.ch\/bibliothek\/author\/andreasgrossmann\/\"}]}<\/script>\n<!-- \/ Yoast SEO plugin. -->","yoast_head_json":{"title":"Erz\u00e4hlmorgen - biblioPHil","robots":{"index":"index","follow":"follow","max-snippet":"max-snippet:-1","max-image-preview":"max-image-preview:large","max-video-preview":"max-video-preview:-1"},"canonical":"https:\/\/blog.phzh.ch\/bibliothek\/2025\/03\/25\/erzaehlmorgen\/","og_locale":"de_DE","og_type":"article","og_title":"Erz\u00e4hlmorgen - biblioPHil","og_description":"Im Rahmen eines Erz\u00e4hlmorgens besuchten am 25. M\u00e4rz 2025 \u00fcber 150 Primarschulkinder aus dem Raum Z\u00fcrich den PHZH-Campus. In der Bibliothek wurden zehn inspirierende Geschichten zum Thema \u00abNachhaltigkeit\u00bb pr\u00e4sentiert. Am sogenannten \u00abStory Morning\u00bb, organisiert von der Vorsitzenden der Fachgruppe Sprachen, Laura Loder B\u00fcchel, in Zusammenarbeit mit der Bibliothek der PH Z\u00fcrich, pr\u00e4sentierten Studierende englische Kinderb\u00fccher &hellip; Erz\u00e4hlmorgen weiterlesen","og_url":"https:\/\/blog.phzh.ch\/bibliothek\/2025\/03\/25\/erzaehlmorgen\/","og_site_name":"biblioPHil","article_published_time":"2025-03-25T12:36:58+00:00","article_modified_time":"2025-03-25T12:37:01+00:00","og_image":[{"width":2560,"height":1920,"url":"https:\/\/blog.phzh.ch\/bibliothek\/files\/2025\/03\/8-scaled.jpg","type":"image\/jpeg"}],"author":"andreasgrossmann","twitter_card":"summary_large_image","twitter_misc":{"Verfasst von":"andreasgrossmann","Gesch\u00e4tzte Lesezeit":"2\u00a0Minuten"},"schema":{"@context":"https:\/\/schema.org","@graph":[{"@type":"Article","@id":"https:\/\/blog.phzh.ch\/bibliothek\/2025\/03\/25\/erzaehlmorgen\/#article","isPartOf":{"@id":"https:\/\/blog.phzh.ch\/bibliothek\/2025\/03\/25\/erzaehlmorgen\/"},"author":{"name":"andreasgrossmann","@id":"https:\/\/blog.phzh.ch\/bibliothek\/#\/schema\/person\/4360211b9221fbb6cef4a29576ba41f5"},"headline":"Erz\u00e4hlmorgen","datePublished":"2025-03-25T12:36:58+00:00","dateModified":"2025-03-25T12:37:01+00:00","mainEntityOfPage":{"@id":"https:\/\/blog.phzh.ch\/bibliothek\/2025\/03\/25\/erzaehlmorgen\/"},"wordCount":160,"commentCount":1,"image":{"@id":"https:\/\/blog.phzh.ch\/bibliothek\/2025\/03\/25\/erzaehlmorgen\/#primaryimage"},"thumbnailUrl":"https:\/\/blog.phzh.ch\/bibliothek\/files\/2025\/03\/8-1024x768.jpg","inLanguage":"de","potentialAction":[{"@type":"CommentAction","name":"Comment","target":["https:\/\/blog.phzh.ch\/bibliothek\/2025\/03\/25\/erzaehlmorgen\/#respond"]}]},{"@type":"WebPage","@id":"https:\/\/blog.phzh.ch\/bibliothek\/2025\/03\/25\/erzaehlmorgen\/","url":"https:\/\/blog.phzh.ch\/bibliothek\/2025\/03\/25\/erzaehlmorgen\/","name":"Erz\u00e4hlmorgen - biblioPHil","isPartOf":{"@id":"https:\/\/blog.phzh.ch\/bibliothek\/#website"},"primaryImageOfPage":{"@id":"https:\/\/blog.phzh.ch\/bibliothek\/2025\/03\/25\/erzaehlmorgen\/#primaryimage"},"image":{"@id":"https:\/\/blog.phzh.ch\/bibliothek\/2025\/03\/25\/erzaehlmorgen\/#primaryimage"},"thumbnailUrl":"https:\/\/blog.phzh.ch\/bibliothek\/files\/2025\/03\/8-1024x768.jpg","datePublished":"2025-03-25T12:36:58+00:00","dateModified":"2025-03-25T12:37:01+00:00","author":{"@id":"https:\/\/blog.phzh.ch\/bibliothek\/#\/schema\/person\/4360211b9221fbb6cef4a29576ba41f5"},"breadcrumb":{"@id":"https:\/\/blog.phzh.ch\/bibliothek\/2025\/03\/25\/erzaehlmorgen\/#breadcrumb"},"inLanguage":"de","potentialAction":[{"@type":"ReadAction","target":["https:\/\/blog.phzh.ch\/bibliothek\/2025\/03\/25\/erzaehlmorgen\/"]}]},{"@type":"ImageObject","inLanguage":"de","@id":"https:\/\/blog.phzh.ch\/bibliothek\/2025\/03\/25\/erzaehlmorgen\/#primaryimage","url":"https:\/\/blog.phzh.ch\/bibliothek\/files\/2025\/03\/8-scaled.jpg","contentUrl":"https:\/\/blog.phzh.ch\/bibliothek\/files\/2025\/03\/8-scaled.jpg","width":2560,"height":1920},{"@type":"BreadcrumbList","@id":"https:\/\/blog.phzh.ch\/bibliothek\/2025\/03\/25\/erzaehlmorgen\/#breadcrumb","itemListElement":[{"@type":"ListItem","position":1,"name":"Home","item":"https:\/\/blog.phzh.ch\/bibliothek\/"},{"@type":"ListItem","position":2,"name":"Erz\u00e4hlmorgen"}]},{"@type":"WebSite","@id":"https:\/\/blog.phzh.ch\/bibliothek\/#website","url":"https:\/\/blog.phzh.ch\/bibliothek\/","name":"biblioPHil","description":"Blog der Bibliothek der PH Z\u00fcrich","potentialAction":[{"@type":"SearchAction","target":{"@type":"EntryPoint","urlTemplate":"https:\/\/blog.phzh.ch\/bibliothek\/?s={search_term_string}"},"query-input":{"@type":"PropertyValueSpecification","valueRequired":true,"valueName":"search_term_string"}}],"inLanguage":"de"},{"@type":"Person","@id":"https:\/\/blog.phzh.ch\/bibliothek\/#\/schema\/person\/4360211b9221fbb6cef4a29576ba41f5","name":"andreasgrossmann","image":{"@type":"ImageObject","inLanguage":"de","@id":"https:\/\/blog.phzh.ch\/bibliothek\/#\/schema\/person\/image\/","url":"https:\/\/secure.gravatar.com\/avatar\/05012106f8bf05a68e1ecc068b8fbee4?s=96&d=mm&r=g","contentUrl":"https:\/\/secure.gravatar.com\/avatar\/05012106f8bf05a68e1ecc068b8fbee4?s=96&d=mm&r=g","caption":"andreasgrossmann"},"url":"https:\/\/blog.phzh.ch\/bibliothek\/author\/andreasgrossmann\/"}]}},"_links":{"self":[{"href":"https:\/\/blog.phzh.ch\/bibliothek\/wp-json\/wp\/v2\/posts\/2557","targetHints":{"allow":["GET"]}}],"collection":[{"href":"https:\/\/blog.phzh.ch\/bibliothek\/wp-json\/wp\/v2\/posts"}],"about":[{"href":"https:\/\/blog.phzh.ch\/bibliothek\/wp-json\/wp\/v2\/types\/post"}],"author":[{"embeddable":true,"href":"https:\/\/blog.phzh.ch\/bibliothek\/wp-json\/wp\/v2\/users\/1414"}],"replies":[{"embeddable":true,"href":"https:\/\/blog.phzh.ch\/bibliothek\/wp-json\/wp\/v2\/comments?post=2557"}],"version-history":[{"count":10,"href":"https:\/\/blog.phzh.ch\/bibliothek\/wp-json\/wp\/v2\/posts\/2557\/revisions"}],"predecessor-version":[{"id":2571,"href":"https:\/\/blog.phzh.ch\/bibliothek\/wp-json\/wp\/v2\/posts\/2557\/revisions\/2571"}],"wp:attachment":[{"href":"https:\/\/blog.phzh.ch\/bibliothek\/wp-json\/wp\/v2\/media?parent=2557"}],"wp:term":[{"taxonomy":"category","embeddable":true,"href":"https:\/\/blog.phzh.ch\/bibliothek\/wp-json\/wp\/v2\/categories?post=2557"},{"taxonomy":"post_tag","embeddable":true,"href":"https:\/\/blog.phzh.ch\/bibliothek\/wp-json\/wp\/v2\/tags?post=2557"}],"curies":[{"name":"wp","href":"https:\/\/api.w.org\/{rel}","templated":true}]}}