{"id":2463,"date":"2025-01-27T09:34:55","date_gmt":"2025-01-27T08:34:55","guid":{"rendered":"https:\/\/blog.phzh.ch\/bibliothek\/?p=2463"},"modified":"2025-01-27T10:08:19","modified_gmt":"2025-01-27T09:08:19","slug":"nachhaltigkeit-in-der-bibliothek","status":"publish","type":"post","link":"https:\/\/blog.phzh.ch\/bibliothek\/2025\/01\/27\/nachhaltigkeit-in-der-bibliothek\/","title":{"rendered":"Nachhaltigkeit in der Bibliothek"},"content":{"rendered":"\n<figure class=\"wp-block-image size-large\"><img loading=\"lazy\" decoding=\"async\" width=\"1024\" height=\"576\" src=\"https:\/\/blog.phzh.ch\/bibliothek\/files\/2025\/01\/AdobeStock_287985990-16-zu-9-1024x576.jpg\" alt=\"\" class=\"wp-image-2509\" srcset=\"https:\/\/blog.phzh.ch\/bibliothek\/files\/2025\/01\/AdobeStock_287985990-16-zu-9-1024x576.jpg 1024w, https:\/\/blog.phzh.ch\/bibliothek\/files\/2025\/01\/AdobeStock_287985990-16-zu-9-300x169.jpg 300w, https:\/\/blog.phzh.ch\/bibliothek\/files\/2025\/01\/AdobeStock_287985990-16-zu-9-768x432.jpg 768w, https:\/\/blog.phzh.ch\/bibliothek\/files\/2025\/01\/AdobeStock_287985990-16-zu-9-1536x864.jpg 1536w, https:\/\/blog.phzh.ch\/bibliothek\/files\/2025\/01\/AdobeStock_287985990-16-zu-9-2048x1152.jpg 2048w\" sizes=\"auto, (max-width: 1024px) 100vw, 1024px\" \/><\/figure>\n\n\n\n<p><strong>Bildungseinrichtungen \u2013 und ihnen angeschlossene Bibliotheken \u2013 sind wichtige F\u00f6rderinstitutionen eines nachhaltigen Bewusstseins in der Gesellschaft. Sie verdeutlichen die komplexen Zusammenh\u00e4nge zwischen heutigem Handeln und morgiger Realit\u00e4t und unterst\u00fctzen den Kompetenzaufbau.<\/strong><\/p>\n\n\n\n<p>Hochschulbibliotheken tragen zu diesem \u00fcbergeordneten Bildungsauftrag bei, indem sie einerseits ein breites Spektrum an Medien und Materialien f\u00fcr die Forschung, Lehre und Weiterbildung zur Verf\u00fcgung stellen, etwa zu \u00abBildung f\u00fcr Nachhaltige Entwicklung\u00bb, andererseits Services und R\u00e4umlichkeiten nachhaltig gestalten, Nachhaltigkeit zum Thema von Aktionen und Events machen sowie Vernetzung und Austausch anregen.<\/p>\n\n\n\n<p>Auch die Bibliothek der PH Z\u00fcrich war in den letzten Jahren immer wieder aktiv in diesem Bereich. Hier ein \u00dcberblick.<\/p>\n\n\n\n<p><strong>Bibliotheken als Teil einer nachhaltigen Gesellschaft<\/strong><\/p>\n\n\n\n<p>Durch den inh\u00e4renten Sharing-Gedanken und als \u00f6ffentliche Arbeitsorte und Institutionen des freien Wissensaustausches sind Bibliotheken schon in ihrer Grundfunktion Botschafter der Nachhaltigkeit. Als frei zug\u00e4ngliche \u00abDritte Orte\u00bb ohne Konsumzwang gew\u00e4hrleisten sie Zugang zu hochwertiger Information und Bildung, f\u00f6rdern die Inklusion und Chancengleichheit und stossen durch offenes Publizieren in <a href=\"https:\/\/zenodo.org\/communities\/repositorium-phzh\/?page=1&amp;size=20\" target=\"_blank\" rel=\"noreferrer noopener\">Bibliotheks- und Hochschulrepositorien<\/a> Forschung und Innovation an.<\/p>\n\n\n\n<p>Die <a href=\"https:\/\/www.eda.admin.ch\/agenda2030\/de\/home\/agenda-2030\/die-17-ziele-fuer-eine-nachhaltige-entwicklung.html\" target=\"_blank\" rel=\"noreferrer noopener\">17 Ziele f\u00fcr nachhaltige Entwicklung der UNO-Agenda 2030<\/a> zeigen das Aufgabenspektrum \u00f6ffentlich getragener Institutionen, unter anderem eben auch der Bibliotheken, in allen gesellschaftlichen Bereichen auf. Die Bibliothek der PH Z\u00fcrich setzte in den vergangenen f\u00fcnf Jahren stark auf Aktionen und Veranstaltungen, die im Austausch und mit Beitrag ihrer Nutzenden nachhaltig Awareness schaffen sollten:<\/p>\n\n\n\n<div class=\"wp-block-media-text has-media-on-the-right is-stacked-on-mobile\" style=\"grid-template-columns:auto 42%\"><div class=\"wp-block-media-text__content\">\n<p>Anfang 2020 pr\u00e4sentierte sie eine multimediale und interaktive Ausstellung zu:<\/p>\n<\/div><figure class=\"wp-block-media-text__media\"><img loading=\"lazy\" decoding=\"async\" width=\"1024\" height=\"575\" src=\"https:\/\/blog.phzh.ch\/bibliothek\/files\/2024\/12\/Ausstellung-Slider1_2020_AGO-1024x575.jpg\" alt=\"\" class=\"wp-image-2468 size-full\" srcset=\"https:\/\/blog.phzh.ch\/bibliothek\/files\/2024\/12\/Ausstellung-Slider1_2020_AGO-1024x575.jpg 1024w, https:\/\/blog.phzh.ch\/bibliothek\/files\/2024\/12\/Ausstellung-Slider1_2020_AGO-300x169.jpg 300w, https:\/\/blog.phzh.ch\/bibliothek\/files\/2024\/12\/Ausstellung-Slider1_2020_AGO-768x431.jpg 768w, https:\/\/blog.phzh.ch\/bibliothek\/files\/2024\/12\/Ausstellung-Slider1_2020_AGO-1536x863.jpg 1536w, https:\/\/blog.phzh.ch\/bibliothek\/files\/2024\/12\/Ausstellung-Slider1_2020_AGO-2048x1150.jpg 2048w\" sizes=\"auto, (max-width: 1024px) 100vw, 1024px\" \/><\/figure><\/div>\n\n\n\n<pre class=\"wp-block-preformatted\">Nachhaltigkeit in der Schule: Bereiche \u00abSchau hin!\u00bb (Kinoecke, Film: The True Cost; B\u00fcchertisch), \u00abH\u00f6r zu!\u00bb (Tablets mit interaktiven H\u00f6rspielen), \u00abSei kreativ!\u00bb (Comic-Wand, Tablet), \u00abSpiel mit!\u00bb (Spieltische, Spiele \u00abChallenge accepted\u00bb und \u00abSDGeek\u00bb)<br><br>Nachhaltigkeit in Bibliotheken: Bereich \u00abLies nach!\u00bb (Baum mit Nachhaltigkeitszitaten, IFLA-Brosch\u00fcre zu Agenda 2030)<br><br>Nachhaltigkeit im Alltag: Bereich \u00abSprichs aus!\u00bb (digitale Ideenwand, bestehend aus ganz pers\u00f6nlichen Posts der Bibliotheksbesucher:innen zur Nachhaltigkeit)<\/pre>\n\n\n\n<p>Begleitet wurde das Ganze durch einen Workshop \u00abSystem Change in der Agro Food Branche \u2013 aber wie?\u00bb im Rahmen der Nachhaltigkeitswoche Z\u00fcrich. Besucher:innen wurde in dieser Zeit wortw\u00f6rtlich der \u00abgr\u00fcne Teppich\u00bb (im Eingangsbereich der Bibliothek) ausgerollt.<\/p>\n\n\n\n<p>Ab 2021 startete die Bibliothek der PH Z\u00fcrich die <a href=\"https:\/\/blog.phzh.ch\/bibliothek\/2021\/09\/14\/ichbinalle-neue-themenreihe-der-bibliothek\/\">Aktionsreihe #ichbinalle<\/a> und organisierte, vor allem zu den genannten 17 Nachhaltigkeitszielen, diverse Aktionen, Events und Ausstellungen:<\/p>\n\n\n\n<div class=\"wp-block-media-text is-stacked-on-mobile is-vertically-aligned-top\" style=\"grid-template-columns:42% auto\"><figure class=\"wp-block-media-text__media\"><img loading=\"lazy\" decoding=\"async\" width=\"1024\" height=\"942\" src=\"https:\/\/blog.phzh.ch\/bibliothek\/files\/2024\/12\/Poster-Ausstellungen-17-Ziele-1024x942.jpg\" alt=\"\" class=\"wp-image-2475 size-full\" srcset=\"https:\/\/blog.phzh.ch\/bibliothek\/files\/2024\/12\/Poster-Ausstellungen-17-Ziele-1024x942.jpg 1024w, https:\/\/blog.phzh.ch\/bibliothek\/files\/2024\/12\/Poster-Ausstellungen-17-Ziele-300x276.jpg 300w, https:\/\/blog.phzh.ch\/bibliothek\/files\/2024\/12\/Poster-Ausstellungen-17-Ziele-768x707.jpg 768w, https:\/\/blog.phzh.ch\/bibliothek\/files\/2024\/12\/Poster-Ausstellungen-17-Ziele.jpg 1337w\" sizes=\"auto, (max-width: 1024px) 100vw, 1024px\" \/><\/figure><div class=\"wp-block-media-text__content\">\n<p style=\"font-size:13px\"><strong><a href=\"https:\/\/blog.phzh.ch\/bibliothek\/2021\/09\/14\/ichbinalle-neue-themenreihe-der-bibliothek\/\">Medienausstellung \u00abMein Land, dein Land\u00bb<\/a><\/strong> Ziel 15<br><strong><a href=\"https:\/\/blog.phzh.ch\/bibliothek\/2021\/11\/16\/themenreihe-geht-in-die-naechste-runde\/\">Medienausstellung \u00abGute Besserung, Welt!\u00bb<\/a><\/strong> Ziel 3<br><strong><a href=\"https:\/\/blog.phzh.ch\/bibliothek\/2022\/03\/08\/die-nachhaltigkeitswoche-ist-gestartet\/\">Medienausstellung \u00abAus den Augen, aus dem Sinn\u00bb<\/a><\/strong> Ziel 12 (im Rahmen der Nachhaltigkeitswoche Z\u00fcrich)<br><strong><a href=\"https:\/\/blog.phzh.ch\/bibliothek\/2022\/08\/30\/thema-welthunger-im-fokus\/\">Medienausstellung \u00abGenug f\u00fcr alle\u00bb<\/a> <\/strong>Ziel 2<br><strong><a href=\"https:\/\/blog.phzh.ch\/bibliothek\/2022\/11\/11\/waterworld-von-der-bedeutung-des-wassers\/\">Medienausstellung \u00abWaterworld\u00bb<\/a> <\/strong>Ziel 6<br><strong><a href=\"https:\/\/blog.phzh.ch\/bibliothek\/2023\/03\/10\/die-welt-am-rand\/\">Medienausstellung \u00abDie Welt am Rand\u00bb<\/a> <\/strong>Ziel 1 (im Rahmen der Nachhaltigkeitswoche Z\u00fcrich)<br><strong><a href=\"https:\/\/blog.phzh.ch\/bibliothek\/2024\/02\/21\/veranstaltungshinweise\/\">Medienausstellung \u00abNachhaltige Bildung\u00bb<\/a><\/strong> (im Rahmen der Nachhaltigkeitswoche Z\u00fcrich)<\/p>\n\n\n\n<p><\/p>\n<\/div><\/div>\n\n\n\n<figure class=\"wp-block-gallery has-nested-images columns-default is-cropped wp-block-gallery-1 is-layout-flex wp-block-gallery-is-layout-flex\">\n<figure class=\"wp-block-image size-large\"><img loading=\"lazy\" decoding=\"async\" width=\"1024\" height=\"768\" data-id=\"1732\" src=\"https:\/\/blog.phzh.ch\/bibliothek\/files\/2022\/11\/Erzaehlmorgen-phzh-2022-1024x768.jpg\" alt=\"\" class=\"wp-image-1732\" srcset=\"https:\/\/blog.phzh.ch\/bibliothek\/files\/2022\/11\/Erzaehlmorgen-phzh-2022-1024x768.jpg 1024w, https:\/\/blog.phzh.ch\/bibliothek\/files\/2022\/11\/Erzaehlmorgen-phzh-2022-300x225.jpg 300w, https:\/\/blog.phzh.ch\/bibliothek\/files\/2022\/11\/Erzaehlmorgen-phzh-2022-768x576.jpg 768w, https:\/\/blog.phzh.ch\/bibliothek\/files\/2022\/11\/Erzaehlmorgen-phzh-2022-1536x1152.jpg 1536w, https:\/\/blog.phzh.ch\/bibliothek\/files\/2022\/11\/Erzaehlmorgen-phzh-2022-2048x1536.jpg 2048w\" sizes=\"auto, (max-width: 1024px) 100vw, 1024px\" \/><\/figure>\n\n\n\n<figure class=\"wp-block-image size-large\"><img loading=\"lazy\" decoding=\"async\" width=\"1024\" height=\"683\" data-id=\"2167\" src=\"https:\/\/blog.phzh.ch\/bibliothek\/files\/2024\/02\/LAAG3021-Farbe-1024x683.jpg\" alt=\"\" class=\"wp-image-2167\" srcset=\"https:\/\/blog.phzh.ch\/bibliothek\/files\/2024\/02\/LAAG3021-Farbe-1024x683.jpg 1024w, https:\/\/blog.phzh.ch\/bibliothek\/files\/2024\/02\/LAAG3021-Farbe-300x200.jpg 300w, https:\/\/blog.phzh.ch\/bibliothek\/files\/2024\/02\/LAAG3021-Farbe-768x512.jpg 768w, https:\/\/blog.phzh.ch\/bibliothek\/files\/2024\/02\/LAAG3021-Farbe-1536x1024.jpg 1536w, https:\/\/blog.phzh.ch\/bibliothek\/files\/2024\/02\/LAAG3021-Farbe-2048x1365.jpg 2048w\" sizes=\"auto, (max-width: 1024px) 100vw, 1024px\" \/><\/figure>\n<\/figure>\n\n\n\n<p>Ebenfalls fand in diesem Zeitraum dreimal die sogenannte <a href=\"https:\/\/blog.phzh.ch\/bibliothek\/2021\/11\/16\/themenreihe-geht-in-die-naechste-runde\/\">\u00abStorytime\u00bb<\/a> in der Bibliothek statt: Englisch-Studierende lasen Primarschulklassen aus dem Bibliotheksbestand vor und zeigten, wie man Geschichten rund um Nachhaltigkeit im Unterricht zum Leben erweckt. Teilweise begleitete sie dabei der humanoide Bibliotheksroboter \u00abPhibi\u00bb, der an diesem und <a href=\"https:\/\/blog.phzh.ch\/bibliothek\/2023\/08\/22\/menschen-maschinen\/\">diversen weiteren Anl\u00e4ssen<\/a> spielerisch die Diskussion rund um k\u00fcnstliche Intelligenz, Robotik und Technik in Bildung und Gesellschaft er\u00f6ffnete.<\/p>\n\n\n\n<p>Erg\u00e4nzt wurden die Anl\u00e4sse um eigens von den Studierenden entworfene Unterrichtsideen f\u00fcr die Primarstufe, die sie auf dem Bibliotheksblog mit anderen (angehenden) Lehrpersonen teilten. Ausgangspunkt waren ebenfalls nachhaltige Kinderb\u00fccher aus dem Bestand der Hochschulbibliothek wie <a href=\"https:\/\/blog.phzh.ch\/bibliothek\/2021\/11\/16\/themenreihe-geht-in-die-naechste-runde\/\">\u00abMy Name is Not Refugee\u00bb<\/a>, <a href=\"https:\/\/blog.phzh.ch\/bibliothek\/2022\/03\/08\/die-nachhaltigkeitswoche-ist-gestartet\/\">\u00abI will not ever never eat a tomato\u00bb, \u00abMost people\u00bb<\/a>, <a href=\"https:\/\/blog.phzh.ch\/bibliothek\/2022\/07\/26\/weitere-ideen-zu-nachhaltigem-unterricht\/\">\u00abA planet full of plastic\u00bb<\/a>, <a href=\"https:\/\/blog.phzh.ch\/bibliothek\/2022\/11\/11\/waterworld-von-der-bedeutung-des-wassers\/\">\u00abThe remember balloons\u00bb<\/a> oder <a href=\"https:\/\/blog.phzh.ch\/bibliothek\/2023\/03\/10\/die-welt-am-rand\/\">\u00abMary wears what she wants\u00bb<\/a>.<\/p>\n\n\n\n<p><strong>Ausblick<\/strong><\/p>\n\n\n\n<p>Auch weiterhin besch\u00e4ftigen sich zahlreiche Bibliotheksanl\u00e4sse mit Themen der Nachhaltigkeit und der UNO-Agenda 2030. Einige aktuelle Ausstellungen finden Sie auf der <a href=\"https:\/\/phzh.ch\/ueber-die-phzh\/campus\/bibliothek\/empfehlungen\/#phzh-anchor-target-0\" target=\"_blank\" rel=\"noreferrer noopener\">Bibliothekswebseite<\/a>.<\/p>\n","protected":false},"excerpt":{"rendered":"<p>Bildungseinrichtungen \u2013 und ihnen angeschlossene Bibliotheken \u2013 sind wichtige F\u00f6rderinstitutionen eines nachhaltigen Bewusstseins in der Gesellschaft. Sie verdeutlichen die komplexen Zusammenh\u00e4nge zwischen heutigem Handeln und morgiger Realit\u00e4t und unterst\u00fctzen den Kompetenzaufbau. Hochschulbibliotheken tragen zu diesem \u00fcbergeordneten Bildungsauftrag bei, indem sie einerseits ein breites Spektrum an Medien und Materialien f\u00fcr die Forschung, Lehre und Weiterbildung zur &hellip; <a href=\"https:\/\/blog.phzh.ch\/bibliothek\/2025\/01\/27\/nachhaltigkeit-in-der-bibliothek\/\" class=\"more-link\"><span class=\"screen-reader-text\">Nachhaltigkeit in der Bibliothek<\/span> weiterlesen<\/a><\/p>\n","protected":false},"author":1414,"featured_media":0,"comment_status":"open","ping_status":"open","sticky":false,"template":"","format":"standard","meta":{"sfsi_plus_gutenberg_text_before_share":"","sfsi_plus_gutenberg_show_text_before_share":"","sfsi_plus_gutenberg_icon_type":"","sfsi_plus_gutenberg_icon_alignemt":"","sfsi_plus_gutenburg_max_per_row":"","_s2mail":"yes","footnotes":""},"categories":[39],"tags":[],"class_list":["post-2463","post","type-post","status-publish","format-standard","hentry","category-allgemein"],"yoast_head":"<!-- This site is optimized with the Yoast SEO plugin v26.8 - https:\/\/yoast.com\/product\/yoast-seo-wordpress\/ -->\n<title>Nachhaltigkeit in der Bibliothek - biblioPHil<\/title>\n<meta name=\"robots\" content=\"index, follow, max-snippet:-1, max-image-preview:large, max-video-preview:-1\" \/>\n<link rel=\"canonical\" href=\"https:\/\/blog.phzh.ch\/bibliothek\/2025\/01\/27\/nachhaltigkeit-in-der-bibliothek\/\" \/>\n<meta property=\"og:locale\" content=\"de_DE\" \/>\n<meta property=\"og:type\" content=\"article\" \/>\n<meta property=\"og:title\" content=\"Nachhaltigkeit in der Bibliothek - biblioPHil\" \/>\n<meta property=\"og:description\" content=\"Bildungseinrichtungen \u2013 und ihnen angeschlossene Bibliotheken \u2013 sind wichtige F\u00f6rderinstitutionen eines nachhaltigen Bewusstseins in der Gesellschaft. Sie verdeutlichen die komplexen Zusammenh\u00e4nge zwischen heutigem Handeln und morgiger Realit\u00e4t und unterst\u00fctzen den Kompetenzaufbau. Hochschulbibliotheken tragen zu diesem \u00fcbergeordneten Bildungsauftrag bei, indem sie einerseits ein breites Spektrum an Medien und Materialien f\u00fcr die Forschung, Lehre und Weiterbildung zur &hellip; Nachhaltigkeit in der Bibliothek weiterlesen\" \/>\n<meta property=\"og:url\" content=\"https:\/\/blog.phzh.ch\/bibliothek\/2025\/01\/27\/nachhaltigkeit-in-der-bibliothek\/\" \/>\n<meta property=\"og:site_name\" content=\"biblioPHil\" \/>\n<meta property=\"article:published_time\" content=\"2025-01-27T08:34:55+00:00\" \/>\n<meta property=\"article:modified_time\" content=\"2025-01-27T09:08:19+00:00\" \/>\n<meta property=\"og:image\" content=\"https:\/\/blog.phzh.ch\/bibliothek\/files\/2025\/01\/AdobeStock_287985990-16-zu-9-scaled.jpg\" \/>\n\t<meta property=\"og:image:width\" content=\"2560\" \/>\n\t<meta property=\"og:image:height\" content=\"1440\" \/>\n\t<meta property=\"og:image:type\" content=\"image\/jpeg\" \/>\n<meta name=\"author\" content=\"andreasgrossmann\" \/>\n<meta name=\"twitter:card\" content=\"summary_large_image\" \/>\n<meta name=\"twitter:label1\" content=\"Verfasst von\" \/>\n\t<meta name=\"twitter:data1\" content=\"andreasgrossmann\" \/>\n\t<meta name=\"twitter:label2\" content=\"Gesch\u00e4tzte Lesezeit\" \/>\n\t<meta name=\"twitter:data2\" content=\"4\u00a0Minuten\" \/>\n<script type=\"application\/ld+json\" class=\"yoast-schema-graph\">{\"@context\":\"https:\/\/schema.org\",\"@graph\":[{\"@type\":\"Article\",\"@id\":\"https:\/\/blog.phzh.ch\/bibliothek\/2025\/01\/27\/nachhaltigkeit-in-der-bibliothek\/#article\",\"isPartOf\":{\"@id\":\"https:\/\/blog.phzh.ch\/bibliothek\/2025\/01\/27\/nachhaltigkeit-in-der-bibliothek\/\"},\"author\":{\"name\":\"andreasgrossmann\",\"@id\":\"https:\/\/blog.phzh.ch\/bibliothek\/#\/schema\/person\/4360211b9221fbb6cef4a29576ba41f5\"},\"headline\":\"Nachhaltigkeit in der Bibliothek\",\"datePublished\":\"2025-01-27T08:34:55+00:00\",\"dateModified\":\"2025-01-27T09:08:19+00:00\",\"mainEntityOfPage\":{\"@id\":\"https:\/\/blog.phzh.ch\/bibliothek\/2025\/01\/27\/nachhaltigkeit-in-der-bibliothek\/\"},\"wordCount\":519,\"commentCount\":0,\"image\":{\"@id\":\"https:\/\/blog.phzh.ch\/bibliothek\/2025\/01\/27\/nachhaltigkeit-in-der-bibliothek\/#primaryimage\"},\"thumbnailUrl\":\"https:\/\/blog.phzh.ch\/bibliothek\/files\/2025\/01\/AdobeStock_287985990-16-zu-9-1024x576.jpg\",\"inLanguage\":\"de\",\"potentialAction\":[{\"@type\":\"CommentAction\",\"name\":\"Comment\",\"target\":[\"https:\/\/blog.phzh.ch\/bibliothek\/2025\/01\/27\/nachhaltigkeit-in-der-bibliothek\/#respond\"]}]},{\"@type\":\"WebPage\",\"@id\":\"https:\/\/blog.phzh.ch\/bibliothek\/2025\/01\/27\/nachhaltigkeit-in-der-bibliothek\/\",\"url\":\"https:\/\/blog.phzh.ch\/bibliothek\/2025\/01\/27\/nachhaltigkeit-in-der-bibliothek\/\",\"name\":\"Nachhaltigkeit in der Bibliothek - biblioPHil\",\"isPartOf\":{\"@id\":\"https:\/\/blog.phzh.ch\/bibliothek\/#website\"},\"primaryImageOfPage\":{\"@id\":\"https:\/\/blog.phzh.ch\/bibliothek\/2025\/01\/27\/nachhaltigkeit-in-der-bibliothek\/#primaryimage\"},\"image\":{\"@id\":\"https:\/\/blog.phzh.ch\/bibliothek\/2025\/01\/27\/nachhaltigkeit-in-der-bibliothek\/#primaryimage\"},\"thumbnailUrl\":\"https:\/\/blog.phzh.ch\/bibliothek\/files\/2025\/01\/AdobeStock_287985990-16-zu-9-1024x576.jpg\",\"datePublished\":\"2025-01-27T08:34:55+00:00\",\"dateModified\":\"2025-01-27T09:08:19+00:00\",\"author\":{\"@id\":\"https:\/\/blog.phzh.ch\/bibliothek\/#\/schema\/person\/4360211b9221fbb6cef4a29576ba41f5\"},\"breadcrumb\":{\"@id\":\"https:\/\/blog.phzh.ch\/bibliothek\/2025\/01\/27\/nachhaltigkeit-in-der-bibliothek\/#breadcrumb\"},\"inLanguage\":\"de\",\"potentialAction\":[{\"@type\":\"ReadAction\",\"target\":[\"https:\/\/blog.phzh.ch\/bibliothek\/2025\/01\/27\/nachhaltigkeit-in-der-bibliothek\/\"]}]},{\"@type\":\"ImageObject\",\"inLanguage\":\"de\",\"@id\":\"https:\/\/blog.phzh.ch\/bibliothek\/2025\/01\/27\/nachhaltigkeit-in-der-bibliothek\/#primaryimage\",\"url\":\"https:\/\/blog.phzh.ch\/bibliothek\/files\/2025\/01\/AdobeStock_287985990-16-zu-9-scaled.jpg\",\"contentUrl\":\"https:\/\/blog.phzh.ch\/bibliothek\/files\/2025\/01\/AdobeStock_287985990-16-zu-9-scaled.jpg\",\"width\":2560,\"height\":1440,\"caption\":\"Education concept with tree of knowledge planting on opening old big book\"},{\"@type\":\"BreadcrumbList\",\"@id\":\"https:\/\/blog.phzh.ch\/bibliothek\/2025\/01\/27\/nachhaltigkeit-in-der-bibliothek\/#breadcrumb\",\"itemListElement\":[{\"@type\":\"ListItem\",\"position\":1,\"name\":\"Home\",\"item\":\"https:\/\/blog.phzh.ch\/bibliothek\/\"},{\"@type\":\"ListItem\",\"position\":2,\"name\":\"Nachhaltigkeit in der Bibliothek\"}]},{\"@type\":\"WebSite\",\"@id\":\"https:\/\/blog.phzh.ch\/bibliothek\/#website\",\"url\":\"https:\/\/blog.phzh.ch\/bibliothek\/\",\"name\":\"biblioPHil\",\"description\":\"Blog der Bibliothek der PH Z\u00fcrich\",\"potentialAction\":[{\"@type\":\"SearchAction\",\"target\":{\"@type\":\"EntryPoint\",\"urlTemplate\":\"https:\/\/blog.phzh.ch\/bibliothek\/?s={search_term_string}\"},\"query-input\":{\"@type\":\"PropertyValueSpecification\",\"valueRequired\":true,\"valueName\":\"search_term_string\"}}],\"inLanguage\":\"de\"},{\"@type\":\"Person\",\"@id\":\"https:\/\/blog.phzh.ch\/bibliothek\/#\/schema\/person\/4360211b9221fbb6cef4a29576ba41f5\",\"name\":\"andreasgrossmann\",\"image\":{\"@type\":\"ImageObject\",\"inLanguage\":\"de\",\"@id\":\"https:\/\/blog.phzh.ch\/bibliothek\/#\/schema\/person\/image\/\",\"url\":\"https:\/\/secure.gravatar.com\/avatar\/05012106f8bf05a68e1ecc068b8fbee4?s=96&d=mm&r=g\",\"contentUrl\":\"https:\/\/secure.gravatar.com\/avatar\/05012106f8bf05a68e1ecc068b8fbee4?s=96&d=mm&r=g\",\"caption\":\"andreasgrossmann\"},\"url\":\"https:\/\/blog.phzh.ch\/bibliothek\/author\/andreasgrossmann\/\"}]}<\/script>\n<!-- \/ Yoast SEO plugin. -->","yoast_head_json":{"title":"Nachhaltigkeit in der Bibliothek - biblioPHil","robots":{"index":"index","follow":"follow","max-snippet":"max-snippet:-1","max-image-preview":"max-image-preview:large","max-video-preview":"max-video-preview:-1"},"canonical":"https:\/\/blog.phzh.ch\/bibliothek\/2025\/01\/27\/nachhaltigkeit-in-der-bibliothek\/","og_locale":"de_DE","og_type":"article","og_title":"Nachhaltigkeit in der Bibliothek - biblioPHil","og_description":"Bildungseinrichtungen \u2013 und ihnen angeschlossene Bibliotheken \u2013 sind wichtige F\u00f6rderinstitutionen eines nachhaltigen Bewusstseins in der Gesellschaft. Sie verdeutlichen die komplexen Zusammenh\u00e4nge zwischen heutigem Handeln und morgiger Realit\u00e4t und unterst\u00fctzen den Kompetenzaufbau. Hochschulbibliotheken tragen zu diesem \u00fcbergeordneten Bildungsauftrag bei, indem sie einerseits ein breites Spektrum an Medien und Materialien f\u00fcr die Forschung, Lehre und Weiterbildung zur &hellip; Nachhaltigkeit in der Bibliothek weiterlesen","og_url":"https:\/\/blog.phzh.ch\/bibliothek\/2025\/01\/27\/nachhaltigkeit-in-der-bibliothek\/","og_site_name":"biblioPHil","article_published_time":"2025-01-27T08:34:55+00:00","article_modified_time":"2025-01-27T09:08:19+00:00","og_image":[{"width":2560,"height":1440,"url":"https:\/\/blog.phzh.ch\/bibliothek\/files\/2025\/01\/AdobeStock_287985990-16-zu-9-scaled.jpg","type":"image\/jpeg"}],"author":"andreasgrossmann","twitter_card":"summary_large_image","twitter_misc":{"Verfasst von":"andreasgrossmann","Gesch\u00e4tzte Lesezeit":"4\u00a0Minuten"},"schema":{"@context":"https:\/\/schema.org","@graph":[{"@type":"Article","@id":"https:\/\/blog.phzh.ch\/bibliothek\/2025\/01\/27\/nachhaltigkeit-in-der-bibliothek\/#article","isPartOf":{"@id":"https:\/\/blog.phzh.ch\/bibliothek\/2025\/01\/27\/nachhaltigkeit-in-der-bibliothek\/"},"author":{"name":"andreasgrossmann","@id":"https:\/\/blog.phzh.ch\/bibliothek\/#\/schema\/person\/4360211b9221fbb6cef4a29576ba41f5"},"headline":"Nachhaltigkeit in der Bibliothek","datePublished":"2025-01-27T08:34:55+00:00","dateModified":"2025-01-27T09:08:19+00:00","mainEntityOfPage":{"@id":"https:\/\/blog.phzh.ch\/bibliothek\/2025\/01\/27\/nachhaltigkeit-in-der-bibliothek\/"},"wordCount":519,"commentCount":0,"image":{"@id":"https:\/\/blog.phzh.ch\/bibliothek\/2025\/01\/27\/nachhaltigkeit-in-der-bibliothek\/#primaryimage"},"thumbnailUrl":"https:\/\/blog.phzh.ch\/bibliothek\/files\/2025\/01\/AdobeStock_287985990-16-zu-9-1024x576.jpg","inLanguage":"de","potentialAction":[{"@type":"CommentAction","name":"Comment","target":["https:\/\/blog.phzh.ch\/bibliothek\/2025\/01\/27\/nachhaltigkeit-in-der-bibliothek\/#respond"]}]},{"@type":"WebPage","@id":"https:\/\/blog.phzh.ch\/bibliothek\/2025\/01\/27\/nachhaltigkeit-in-der-bibliothek\/","url":"https:\/\/blog.phzh.ch\/bibliothek\/2025\/01\/27\/nachhaltigkeit-in-der-bibliothek\/","name":"Nachhaltigkeit in der Bibliothek - biblioPHil","isPartOf":{"@id":"https:\/\/blog.phzh.ch\/bibliothek\/#website"},"primaryImageOfPage":{"@id":"https:\/\/blog.phzh.ch\/bibliothek\/2025\/01\/27\/nachhaltigkeit-in-der-bibliothek\/#primaryimage"},"image":{"@id":"https:\/\/blog.phzh.ch\/bibliothek\/2025\/01\/27\/nachhaltigkeit-in-der-bibliothek\/#primaryimage"},"thumbnailUrl":"https:\/\/blog.phzh.ch\/bibliothek\/files\/2025\/01\/AdobeStock_287985990-16-zu-9-1024x576.jpg","datePublished":"2025-01-27T08:34:55+00:00","dateModified":"2025-01-27T09:08:19+00:00","author":{"@id":"https:\/\/blog.phzh.ch\/bibliothek\/#\/schema\/person\/4360211b9221fbb6cef4a29576ba41f5"},"breadcrumb":{"@id":"https:\/\/blog.phzh.ch\/bibliothek\/2025\/01\/27\/nachhaltigkeit-in-der-bibliothek\/#breadcrumb"},"inLanguage":"de","potentialAction":[{"@type":"ReadAction","target":["https:\/\/blog.phzh.ch\/bibliothek\/2025\/01\/27\/nachhaltigkeit-in-der-bibliothek\/"]}]},{"@type":"ImageObject","inLanguage":"de","@id":"https:\/\/blog.phzh.ch\/bibliothek\/2025\/01\/27\/nachhaltigkeit-in-der-bibliothek\/#primaryimage","url":"https:\/\/blog.phzh.ch\/bibliothek\/files\/2025\/01\/AdobeStock_287985990-16-zu-9-scaled.jpg","contentUrl":"https:\/\/blog.phzh.ch\/bibliothek\/files\/2025\/01\/AdobeStock_287985990-16-zu-9-scaled.jpg","width":2560,"height":1440,"caption":"Education concept with tree of knowledge planting on opening old big book"},{"@type":"BreadcrumbList","@id":"https:\/\/blog.phzh.ch\/bibliothek\/2025\/01\/27\/nachhaltigkeit-in-der-bibliothek\/#breadcrumb","itemListElement":[{"@type":"ListItem","position":1,"name":"Home","item":"https:\/\/blog.phzh.ch\/bibliothek\/"},{"@type":"ListItem","position":2,"name":"Nachhaltigkeit in der Bibliothek"}]},{"@type":"WebSite","@id":"https:\/\/blog.phzh.ch\/bibliothek\/#website","url":"https:\/\/blog.phzh.ch\/bibliothek\/","name":"biblioPHil","description":"Blog der Bibliothek der PH Z\u00fcrich","potentialAction":[{"@type":"SearchAction","target":{"@type":"EntryPoint","urlTemplate":"https:\/\/blog.phzh.ch\/bibliothek\/?s={search_term_string}"},"query-input":{"@type":"PropertyValueSpecification","valueRequired":true,"valueName":"search_term_string"}}],"inLanguage":"de"},{"@type":"Person","@id":"https:\/\/blog.phzh.ch\/bibliothek\/#\/schema\/person\/4360211b9221fbb6cef4a29576ba41f5","name":"andreasgrossmann","image":{"@type":"ImageObject","inLanguage":"de","@id":"https:\/\/blog.phzh.ch\/bibliothek\/#\/schema\/person\/image\/","url":"https:\/\/secure.gravatar.com\/avatar\/05012106f8bf05a68e1ecc068b8fbee4?s=96&d=mm&r=g","contentUrl":"https:\/\/secure.gravatar.com\/avatar\/05012106f8bf05a68e1ecc068b8fbee4?s=96&d=mm&r=g","caption":"andreasgrossmann"},"url":"https:\/\/blog.phzh.ch\/bibliothek\/author\/andreasgrossmann\/"}]}},"_links":{"self":[{"href":"https:\/\/blog.phzh.ch\/bibliothek\/wp-json\/wp\/v2\/posts\/2463","targetHints":{"allow":["GET"]}}],"collection":[{"href":"https:\/\/blog.phzh.ch\/bibliothek\/wp-json\/wp\/v2\/posts"}],"about":[{"href":"https:\/\/blog.phzh.ch\/bibliothek\/wp-json\/wp\/v2\/types\/post"}],"author":[{"embeddable":true,"href":"https:\/\/blog.phzh.ch\/bibliothek\/wp-json\/wp\/v2\/users\/1414"}],"replies":[{"embeddable":true,"href":"https:\/\/blog.phzh.ch\/bibliothek\/wp-json\/wp\/v2\/comments?post=2463"}],"version-history":[{"count":26,"href":"https:\/\/blog.phzh.ch\/bibliothek\/wp-json\/wp\/v2\/posts\/2463\/revisions"}],"predecessor-version":[{"id":2512,"href":"https:\/\/blog.phzh.ch\/bibliothek\/wp-json\/wp\/v2\/posts\/2463\/revisions\/2512"}],"wp:attachment":[{"href":"https:\/\/blog.phzh.ch\/bibliothek\/wp-json\/wp\/v2\/media?parent=2463"}],"wp:term":[{"taxonomy":"category","embeddable":true,"href":"https:\/\/blog.phzh.ch\/bibliothek\/wp-json\/wp\/v2\/categories?post=2463"},{"taxonomy":"post_tag","embeddable":true,"href":"https:\/\/blog.phzh.ch\/bibliothek\/wp-json\/wp\/v2\/tags?post=2463"}],"curies":[{"name":"wp","href":"https:\/\/api.w.org\/{rel}","templated":true}]}}