{"id":2224,"date":"2024-07-30T11:40:15","date_gmt":"2024-07-30T09:40:15","guid":{"rendered":"https:\/\/blog.phzh.ch\/bibliothek\/?p=2224"},"modified":"2024-07-30T12:11:46","modified_gmt":"2024-07-30T10:11:46","slug":"bildungsgerechtigkeit-und-inklusion","status":"publish","type":"post","link":"https:\/\/blog.phzh.ch\/bibliothek\/2024\/07\/30\/bildungsgerechtigkeit-und-inklusion\/","title":{"rendered":"Bildungsgerechtigkeit und Inklusion"},"content":{"rendered":"\n<figure class=\"wp-block-image size-large is-resized\"><img loading=\"lazy\" decoding=\"async\" width=\"1024\" height=\"684\" src=\"https:\/\/blog.phzh.ch\/bibliothek\/files\/2024\/06\/Bildungsgerechtigkeit-I-1024x684.jpg\" alt=\"\" class=\"wp-image-2228\" style=\"width:673px;height:auto\" srcset=\"https:\/\/blog.phzh.ch\/bibliothek\/files\/2024\/06\/Bildungsgerechtigkeit-I-1024x684.jpg 1024w, https:\/\/blog.phzh.ch\/bibliothek\/files\/2024\/06\/Bildungsgerechtigkeit-I-300x200.jpg 300w, https:\/\/blog.phzh.ch\/bibliothek\/files\/2024\/06\/Bildungsgerechtigkeit-I-768x513.jpg 768w, https:\/\/blog.phzh.ch\/bibliothek\/files\/2024\/06\/Bildungsgerechtigkeit-I-1536x1026.jpg 1536w, https:\/\/blog.phzh.ch\/bibliothek\/files\/2024\/06\/Bildungsgerechtigkeit-I-2048x1367.jpg 2048w\" sizes=\"auto, (max-width: 1024px) 100vw, 1024px\" \/><\/figure>\n\n\n\n<p><strong>Im Sommer pr\u00e4sentiert die Bibliothek der PH Z\u00fcrich eine kuratierte Auswahl an Medientipps zum Thema \u00abBildungsgerechtigkeit und Inklusion\u00bb. Bestimmte Gruppen erfahren in ihrer schulischen Laufbahn bildungsbezogene Ungleichheiten. Was sind die Gr\u00fcnde daf\u00fcr?<\/strong><\/p>\n\n\n\n<p>Unter anderem k\u00f6nnen erschwerte Ausgangsbedingungen k\u00f6rperlicher, psychischer, sozio\u00f6konomischer oder sprachlicher Art eine Rolle spielen. Hier setzen Prozesse der Bildungsgerechtigkeit und Inklusion an: Ausgehend von den Rechten benachteiligter oder marginalisierter Gruppen st\u00e4rken sie deren Partizipation und befassen sich mit Bildung, Erziehung, Entwicklung und F\u00f6rderung <em>aller<\/em> Sch\u00fcler:innen. Ziel ist eine strukturelle Ver\u00e4nderung hin zu einer Schule, die der Vielfalt gerecht wird.<\/p>\n\n\n\n<p>Die Medienausstellung, vom 19. August bis 2. September 2024 <a href=\"https:\/\/phzh.mapongo.de\/viewer?p=1&amp;b=1&amp;f=5&amp;l=1515&amp;lang=de\">vor Ort<\/a> und <a href=\"https:\/\/tiny.phzh.ch\/Medienausstellung-inklusion\">online<\/a>, zeigt, dass es in der Diskussion um Bildungsgerechtigkeit nicht zuletzt um Deutungshoheiten geht, etwa darum, was verifizierte Benachteiligungen oder geteilte Gerechtigkeitsvorstellungen sind. Damit bleibt der Terminus in bildungspolitischen und erziehungswissenschaftlichen Debatten schillernd. P\u00e4dagogische Hochschulen k\u00f6nnen zur Bildungsgerechtigkeit und Partizipation benachteiligter Menschen beitragen, indem sie das Recht auf Bildung hochhalten \u2013 in einem nichtdiskriminierenden und auf Chancengleichheit ausgerichteten Bildungssystem, das individuelle Wege der F\u00f6rderung sucht und dabei die unterschiedlichen Voraussetzungen mitber\u00fccksichtigt. Die Hochschullehre bietet die Chance, Diversit\u00e4t zum Konstitutivum von Bildungsprozessen zu machen, und angehende P\u00e4dagog:innen in die Lage zu versetzen, inklusive Bewegungen anzustossen und zu begleiten.<\/p>\n\n\n\n<p>Beleuchtet werden in der Ausstellung die Diskrepanz zwischen Inklusionsanspruch und -realit\u00e4t und die Orientierungen von Lehrpersonen zu Bildungs(un-)gerechtigkeit. Inwiefern sind letztere f\u00fcr die berufliche Rolle handlungsleitend? Wie ver\u00e4nderten Corona-Pandemie, Digitalit\u00e4t und der Boom der k\u00fcnstlichen Intelligenz das Schulfeld? Ist das digitale Zeitalter ein Treiber von Ungleichheit und Ungerechtigkeit im Bildungssystem oder eine Chance, ebendiese zu \u00fcberwinden? Welche Lehren sind aus j\u00fcngeren Entwicklungen zu ziehen \u2013 f\u00fcr eine k\u00fcnftige Schule, die allen jungen Menschen gerecht wird? In dem Zusammenhang ger\u00e4t auch das komplexe Wechselspiel von Sozialr\u00e4umen und Bildungsprozessen in den Blick. Und die viel diskutierte Begabungsf\u00f6rderung, die sich vor dem Hintergrund der Inklusion und Bildungsgerechtigkeit analysieren l\u00e4sst.<\/p>\n\n\n\n<p>Unter der Pr\u00e4misse des uneingeschr\u00e4nkten Zugangs zu Bildung geht es letztlich bei allen Bestrebungen um das Ziel, jedem Individuum die optimale Entwicklung zu erm\u00f6glichen. Wo stehen wir, wo geht die Reise hin? Die Bibliothek freut sich auf Ihren Besuch! Haben Sie eigene Vorschl\u00e4ge, melden Sie sie uns mit einer E-Mail an <a href=\"mailto:bibliotheksberatung@phzh.ch\">bibliotheksberatung@phzh.ch<\/a>.<\/p>\n","protected":false},"excerpt":{"rendered":"<p>Im Sommer pr\u00e4sentiert die Bibliothek der PH Z\u00fcrich eine kuratierte Auswahl an Medientipps zum Thema \u00abBildungsgerechtigkeit und Inklusion\u00bb. Bestimmte Gruppen erfahren in ihrer schulischen Laufbahn bildungsbezogene Ungleichheiten. Was sind die Gr\u00fcnde daf\u00fcr? Unter anderem k\u00f6nnen erschwerte Ausgangsbedingungen k\u00f6rperlicher, psychischer, sozio\u00f6konomischer oder sprachlicher Art eine Rolle spielen. Hier setzen Prozesse der Bildungsgerechtigkeit und Inklusion an: Ausgehend &hellip; <a href=\"https:\/\/blog.phzh.ch\/bibliothek\/2024\/07\/30\/bildungsgerechtigkeit-und-inklusion\/\" class=\"more-link\"><span class=\"screen-reader-text\">Bildungsgerechtigkeit und Inklusion<\/span> weiterlesen<\/a><\/p>\n","protected":false},"author":1414,"featured_media":0,"comment_status":"open","ping_status":"open","sticky":false,"template":"","format":"standard","meta":{"sfsi_plus_gutenberg_text_before_share":"","sfsi_plus_gutenberg_show_text_before_share":"","sfsi_plus_gutenberg_icon_type":"","sfsi_plus_gutenberg_icon_alignemt":"","sfsi_plus_gutenburg_max_per_row":"","_s2mail":"yes","footnotes":""},"categories":[39],"tags":[],"class_list":["post-2224","post","type-post","status-publish","format-standard","hentry","category-allgemein"],"yoast_head":"<!-- This site is optimized with the Yoast SEO plugin v26.8 - https:\/\/yoast.com\/product\/yoast-seo-wordpress\/ -->\n<title>Bildungsgerechtigkeit und Inklusion - biblioPHil<\/title>\n<meta name=\"robots\" content=\"index, follow, max-snippet:-1, max-image-preview:large, max-video-preview:-1\" \/>\n<link rel=\"canonical\" href=\"https:\/\/blog.phzh.ch\/bibliothek\/2024\/07\/30\/bildungsgerechtigkeit-und-inklusion\/\" \/>\n<meta property=\"og:locale\" content=\"de_DE\" \/>\n<meta property=\"og:type\" content=\"article\" \/>\n<meta property=\"og:title\" content=\"Bildungsgerechtigkeit und Inklusion - biblioPHil\" \/>\n<meta property=\"og:description\" content=\"Im Sommer pr\u00e4sentiert die Bibliothek der PH Z\u00fcrich eine kuratierte Auswahl an Medientipps zum Thema \u00abBildungsgerechtigkeit und Inklusion\u00bb. Bestimmte Gruppen erfahren in ihrer schulischen Laufbahn bildungsbezogene Ungleichheiten. Was sind die Gr\u00fcnde daf\u00fcr? Unter anderem k\u00f6nnen erschwerte Ausgangsbedingungen k\u00f6rperlicher, psychischer, sozio\u00f6konomischer oder sprachlicher Art eine Rolle spielen. Hier setzen Prozesse der Bildungsgerechtigkeit und Inklusion an: Ausgehend &hellip; Bildungsgerechtigkeit und Inklusion weiterlesen\" \/>\n<meta property=\"og:url\" content=\"https:\/\/blog.phzh.ch\/bibliothek\/2024\/07\/30\/bildungsgerechtigkeit-und-inklusion\/\" \/>\n<meta property=\"og:site_name\" content=\"biblioPHil\" \/>\n<meta property=\"article:published_time\" content=\"2024-07-30T09:40:15+00:00\" \/>\n<meta property=\"article:modified_time\" content=\"2024-07-30T10:11:46+00:00\" \/>\n<meta property=\"og:image\" content=\"https:\/\/blog.phzh.ch\/bibliothek\/files\/2024\/06\/Bildungsgerechtigkeit-I-1024x684.jpg\" \/>\n<meta name=\"author\" content=\"andreasgrossmann\" \/>\n<meta name=\"twitter:card\" content=\"summary_large_image\" \/>\n<meta name=\"twitter:label1\" content=\"Verfasst von\" \/>\n\t<meta name=\"twitter:data1\" content=\"andreasgrossmann\" \/>\n\t<meta name=\"twitter:label2\" content=\"Gesch\u00e4tzte Lesezeit\" \/>\n\t<meta name=\"twitter:data2\" content=\"3\u00a0Minuten\" \/>\n<script type=\"application\/ld+json\" class=\"yoast-schema-graph\">{\"@context\":\"https:\/\/schema.org\",\"@graph\":[{\"@type\":\"Article\",\"@id\":\"https:\/\/blog.phzh.ch\/bibliothek\/2024\/07\/30\/bildungsgerechtigkeit-und-inklusion\/#article\",\"isPartOf\":{\"@id\":\"https:\/\/blog.phzh.ch\/bibliothek\/2024\/07\/30\/bildungsgerechtigkeit-und-inklusion\/\"},\"author\":{\"name\":\"andreasgrossmann\",\"@id\":\"https:\/\/blog.phzh.ch\/bibliothek\/#\/schema\/person\/4360211b9221fbb6cef4a29576ba41f5\"},\"headline\":\"Bildungsgerechtigkeit und Inklusion\",\"datePublished\":\"2024-07-30T09:40:15+00:00\",\"dateModified\":\"2024-07-30T10:11:46+00:00\",\"mainEntityOfPage\":{\"@id\":\"https:\/\/blog.phzh.ch\/bibliothek\/2024\/07\/30\/bildungsgerechtigkeit-und-inklusion\/\"},\"wordCount\":395,\"commentCount\":2,\"image\":{\"@id\":\"https:\/\/blog.phzh.ch\/bibliothek\/2024\/07\/30\/bildungsgerechtigkeit-und-inklusion\/#primaryimage\"},\"thumbnailUrl\":\"https:\/\/blog.phzh.ch\/bibliothek\/files\/2024\/06\/Bildungsgerechtigkeit-I-1024x684.jpg\",\"inLanguage\":\"de\",\"potentialAction\":[{\"@type\":\"CommentAction\",\"name\":\"Comment\",\"target\":[\"https:\/\/blog.phzh.ch\/bibliothek\/2024\/07\/30\/bildungsgerechtigkeit-und-inklusion\/#respond\"]}]},{\"@type\":\"WebPage\",\"@id\":\"https:\/\/blog.phzh.ch\/bibliothek\/2024\/07\/30\/bildungsgerechtigkeit-und-inklusion\/\",\"url\":\"https:\/\/blog.phzh.ch\/bibliothek\/2024\/07\/30\/bildungsgerechtigkeit-und-inklusion\/\",\"name\":\"Bildungsgerechtigkeit und Inklusion - biblioPHil\",\"isPartOf\":{\"@id\":\"https:\/\/blog.phzh.ch\/bibliothek\/#website\"},\"primaryImageOfPage\":{\"@id\":\"https:\/\/blog.phzh.ch\/bibliothek\/2024\/07\/30\/bildungsgerechtigkeit-und-inklusion\/#primaryimage\"},\"image\":{\"@id\":\"https:\/\/blog.phzh.ch\/bibliothek\/2024\/07\/30\/bildungsgerechtigkeit-und-inklusion\/#primaryimage\"},\"thumbnailUrl\":\"https:\/\/blog.phzh.ch\/bibliothek\/files\/2024\/06\/Bildungsgerechtigkeit-I-1024x684.jpg\",\"datePublished\":\"2024-07-30T09:40:15+00:00\",\"dateModified\":\"2024-07-30T10:11:46+00:00\",\"author\":{\"@id\":\"https:\/\/blog.phzh.ch\/bibliothek\/#\/schema\/person\/4360211b9221fbb6cef4a29576ba41f5\"},\"breadcrumb\":{\"@id\":\"https:\/\/blog.phzh.ch\/bibliothek\/2024\/07\/30\/bildungsgerechtigkeit-und-inklusion\/#breadcrumb\"},\"inLanguage\":\"de\",\"potentialAction\":[{\"@type\":\"ReadAction\",\"target\":[\"https:\/\/blog.phzh.ch\/bibliothek\/2024\/07\/30\/bildungsgerechtigkeit-und-inklusion\/\"]}]},{\"@type\":\"ImageObject\",\"inLanguage\":\"de\",\"@id\":\"https:\/\/blog.phzh.ch\/bibliothek\/2024\/07\/30\/bildungsgerechtigkeit-und-inklusion\/#primaryimage\",\"url\":\"https:\/\/blog.phzh.ch\/bibliothek\/files\/2024\/06\/Bildungsgerechtigkeit-I-scaled.jpg\",\"contentUrl\":\"https:\/\/blog.phzh.ch\/bibliothek\/files\/2024\/06\/Bildungsgerechtigkeit-I-scaled.jpg\",\"width\":2560,\"height\":1709},{\"@type\":\"BreadcrumbList\",\"@id\":\"https:\/\/blog.phzh.ch\/bibliothek\/2024\/07\/30\/bildungsgerechtigkeit-und-inklusion\/#breadcrumb\",\"itemListElement\":[{\"@type\":\"ListItem\",\"position\":1,\"name\":\"Home\",\"item\":\"https:\/\/blog.phzh.ch\/bibliothek\/\"},{\"@type\":\"ListItem\",\"position\":2,\"name\":\"Bildungsgerechtigkeit und Inklusion\"}]},{\"@type\":\"WebSite\",\"@id\":\"https:\/\/blog.phzh.ch\/bibliothek\/#website\",\"url\":\"https:\/\/blog.phzh.ch\/bibliothek\/\",\"name\":\"biblioPHil\",\"description\":\"Blog der Bibliothek der PH Z\u00fcrich\",\"potentialAction\":[{\"@type\":\"SearchAction\",\"target\":{\"@type\":\"EntryPoint\",\"urlTemplate\":\"https:\/\/blog.phzh.ch\/bibliothek\/?s={search_term_string}\"},\"query-input\":{\"@type\":\"PropertyValueSpecification\",\"valueRequired\":true,\"valueName\":\"search_term_string\"}}],\"inLanguage\":\"de\"},{\"@type\":\"Person\",\"@id\":\"https:\/\/blog.phzh.ch\/bibliothek\/#\/schema\/person\/4360211b9221fbb6cef4a29576ba41f5\",\"name\":\"andreasgrossmann\",\"image\":{\"@type\":\"ImageObject\",\"inLanguage\":\"de\",\"@id\":\"https:\/\/blog.phzh.ch\/bibliothek\/#\/schema\/person\/image\/\",\"url\":\"https:\/\/secure.gravatar.com\/avatar\/05012106f8bf05a68e1ecc068b8fbee4?s=96&d=mm&r=g\",\"contentUrl\":\"https:\/\/secure.gravatar.com\/avatar\/05012106f8bf05a68e1ecc068b8fbee4?s=96&d=mm&r=g\",\"caption\":\"andreasgrossmann\"},\"url\":\"https:\/\/blog.phzh.ch\/bibliothek\/author\/andreasgrossmann\/\"}]}<\/script>\n<!-- \/ Yoast SEO plugin. -->","yoast_head_json":{"title":"Bildungsgerechtigkeit und Inklusion - biblioPHil","robots":{"index":"index","follow":"follow","max-snippet":"max-snippet:-1","max-image-preview":"max-image-preview:large","max-video-preview":"max-video-preview:-1"},"canonical":"https:\/\/blog.phzh.ch\/bibliothek\/2024\/07\/30\/bildungsgerechtigkeit-und-inklusion\/","og_locale":"de_DE","og_type":"article","og_title":"Bildungsgerechtigkeit und Inklusion - biblioPHil","og_description":"Im Sommer pr\u00e4sentiert die Bibliothek der PH Z\u00fcrich eine kuratierte Auswahl an Medientipps zum Thema \u00abBildungsgerechtigkeit und Inklusion\u00bb. Bestimmte Gruppen erfahren in ihrer schulischen Laufbahn bildungsbezogene Ungleichheiten. Was sind die Gr\u00fcnde daf\u00fcr? Unter anderem k\u00f6nnen erschwerte Ausgangsbedingungen k\u00f6rperlicher, psychischer, sozio\u00f6konomischer oder sprachlicher Art eine Rolle spielen. Hier setzen Prozesse der Bildungsgerechtigkeit und Inklusion an: Ausgehend &hellip; Bildungsgerechtigkeit und Inklusion weiterlesen","og_url":"https:\/\/blog.phzh.ch\/bibliothek\/2024\/07\/30\/bildungsgerechtigkeit-und-inklusion\/","og_site_name":"biblioPHil","article_published_time":"2024-07-30T09:40:15+00:00","article_modified_time":"2024-07-30T10:11:46+00:00","og_image":[{"url":"https:\/\/blog.phzh.ch\/bibliothek\/files\/2024\/06\/Bildungsgerechtigkeit-I-1024x684.jpg","type":"","width":"","height":""}],"author":"andreasgrossmann","twitter_card":"summary_large_image","twitter_misc":{"Verfasst von":"andreasgrossmann","Gesch\u00e4tzte Lesezeit":"3\u00a0Minuten"},"schema":{"@context":"https:\/\/schema.org","@graph":[{"@type":"Article","@id":"https:\/\/blog.phzh.ch\/bibliothek\/2024\/07\/30\/bildungsgerechtigkeit-und-inklusion\/#article","isPartOf":{"@id":"https:\/\/blog.phzh.ch\/bibliothek\/2024\/07\/30\/bildungsgerechtigkeit-und-inklusion\/"},"author":{"name":"andreasgrossmann","@id":"https:\/\/blog.phzh.ch\/bibliothek\/#\/schema\/person\/4360211b9221fbb6cef4a29576ba41f5"},"headline":"Bildungsgerechtigkeit und Inklusion","datePublished":"2024-07-30T09:40:15+00:00","dateModified":"2024-07-30T10:11:46+00:00","mainEntityOfPage":{"@id":"https:\/\/blog.phzh.ch\/bibliothek\/2024\/07\/30\/bildungsgerechtigkeit-und-inklusion\/"},"wordCount":395,"commentCount":2,"image":{"@id":"https:\/\/blog.phzh.ch\/bibliothek\/2024\/07\/30\/bildungsgerechtigkeit-und-inklusion\/#primaryimage"},"thumbnailUrl":"https:\/\/blog.phzh.ch\/bibliothek\/files\/2024\/06\/Bildungsgerechtigkeit-I-1024x684.jpg","inLanguage":"de","potentialAction":[{"@type":"CommentAction","name":"Comment","target":["https:\/\/blog.phzh.ch\/bibliothek\/2024\/07\/30\/bildungsgerechtigkeit-und-inklusion\/#respond"]}]},{"@type":"WebPage","@id":"https:\/\/blog.phzh.ch\/bibliothek\/2024\/07\/30\/bildungsgerechtigkeit-und-inklusion\/","url":"https:\/\/blog.phzh.ch\/bibliothek\/2024\/07\/30\/bildungsgerechtigkeit-und-inklusion\/","name":"Bildungsgerechtigkeit und Inklusion - biblioPHil","isPartOf":{"@id":"https:\/\/blog.phzh.ch\/bibliothek\/#website"},"primaryImageOfPage":{"@id":"https:\/\/blog.phzh.ch\/bibliothek\/2024\/07\/30\/bildungsgerechtigkeit-und-inklusion\/#primaryimage"},"image":{"@id":"https:\/\/blog.phzh.ch\/bibliothek\/2024\/07\/30\/bildungsgerechtigkeit-und-inklusion\/#primaryimage"},"thumbnailUrl":"https:\/\/blog.phzh.ch\/bibliothek\/files\/2024\/06\/Bildungsgerechtigkeit-I-1024x684.jpg","datePublished":"2024-07-30T09:40:15+00:00","dateModified":"2024-07-30T10:11:46+00:00","author":{"@id":"https:\/\/blog.phzh.ch\/bibliothek\/#\/schema\/person\/4360211b9221fbb6cef4a29576ba41f5"},"breadcrumb":{"@id":"https:\/\/blog.phzh.ch\/bibliothek\/2024\/07\/30\/bildungsgerechtigkeit-und-inklusion\/#breadcrumb"},"inLanguage":"de","potentialAction":[{"@type":"ReadAction","target":["https:\/\/blog.phzh.ch\/bibliothek\/2024\/07\/30\/bildungsgerechtigkeit-und-inklusion\/"]}]},{"@type":"ImageObject","inLanguage":"de","@id":"https:\/\/blog.phzh.ch\/bibliothek\/2024\/07\/30\/bildungsgerechtigkeit-und-inklusion\/#primaryimage","url":"https:\/\/blog.phzh.ch\/bibliothek\/files\/2024\/06\/Bildungsgerechtigkeit-I-scaled.jpg","contentUrl":"https:\/\/blog.phzh.ch\/bibliothek\/files\/2024\/06\/Bildungsgerechtigkeit-I-scaled.jpg","width":2560,"height":1709},{"@type":"BreadcrumbList","@id":"https:\/\/blog.phzh.ch\/bibliothek\/2024\/07\/30\/bildungsgerechtigkeit-und-inklusion\/#breadcrumb","itemListElement":[{"@type":"ListItem","position":1,"name":"Home","item":"https:\/\/blog.phzh.ch\/bibliothek\/"},{"@type":"ListItem","position":2,"name":"Bildungsgerechtigkeit und Inklusion"}]},{"@type":"WebSite","@id":"https:\/\/blog.phzh.ch\/bibliothek\/#website","url":"https:\/\/blog.phzh.ch\/bibliothek\/","name":"biblioPHil","description":"Blog der Bibliothek der PH Z\u00fcrich","potentialAction":[{"@type":"SearchAction","target":{"@type":"EntryPoint","urlTemplate":"https:\/\/blog.phzh.ch\/bibliothek\/?s={search_term_string}"},"query-input":{"@type":"PropertyValueSpecification","valueRequired":true,"valueName":"search_term_string"}}],"inLanguage":"de"},{"@type":"Person","@id":"https:\/\/blog.phzh.ch\/bibliothek\/#\/schema\/person\/4360211b9221fbb6cef4a29576ba41f5","name":"andreasgrossmann","image":{"@type":"ImageObject","inLanguage":"de","@id":"https:\/\/blog.phzh.ch\/bibliothek\/#\/schema\/person\/image\/","url":"https:\/\/secure.gravatar.com\/avatar\/05012106f8bf05a68e1ecc068b8fbee4?s=96&d=mm&r=g","contentUrl":"https:\/\/secure.gravatar.com\/avatar\/05012106f8bf05a68e1ecc068b8fbee4?s=96&d=mm&r=g","caption":"andreasgrossmann"},"url":"https:\/\/blog.phzh.ch\/bibliothek\/author\/andreasgrossmann\/"}]}},"_links":{"self":[{"href":"https:\/\/blog.phzh.ch\/bibliothek\/wp-json\/wp\/v2\/posts\/2224","targetHints":{"allow":["GET"]}}],"collection":[{"href":"https:\/\/blog.phzh.ch\/bibliothek\/wp-json\/wp\/v2\/posts"}],"about":[{"href":"https:\/\/blog.phzh.ch\/bibliothek\/wp-json\/wp\/v2\/types\/post"}],"author":[{"embeddable":true,"href":"https:\/\/blog.phzh.ch\/bibliothek\/wp-json\/wp\/v2\/users\/1414"}],"replies":[{"embeddable":true,"href":"https:\/\/blog.phzh.ch\/bibliothek\/wp-json\/wp\/v2\/comments?post=2224"}],"version-history":[{"count":20,"href":"https:\/\/blog.phzh.ch\/bibliothek\/wp-json\/wp\/v2\/posts\/2224\/revisions"}],"predecessor-version":[{"id":2261,"href":"https:\/\/blog.phzh.ch\/bibliothek\/wp-json\/wp\/v2\/posts\/2224\/revisions\/2261"}],"wp:attachment":[{"href":"https:\/\/blog.phzh.ch\/bibliothek\/wp-json\/wp\/v2\/media?parent=2224"}],"wp:term":[{"taxonomy":"category","embeddable":true,"href":"https:\/\/blog.phzh.ch\/bibliothek\/wp-json\/wp\/v2\/categories?post=2224"},{"taxonomy":"post_tag","embeddable":true,"href":"https:\/\/blog.phzh.ch\/bibliothek\/wp-json\/wp\/v2\/tags?post=2224"}],"curies":[{"name":"wp","href":"https:\/\/api.w.org\/{rel}","templated":true}]}}