{"id":1514,"date":"2022-03-08T11:00:00","date_gmt":"2022-03-08T10:00:00","guid":{"rendered":"https:\/\/blog.phzh.ch\/bibliothek\/?p=1514"},"modified":"2024-08-06T12:41:51","modified_gmt":"2024-08-06T10:41:51","slug":"die-nachhaltigkeitswoche-ist-gestartet","status":"publish","type":"post","link":"https:\/\/blog.phzh.ch\/bibliothek\/2022\/03\/08\/die-nachhaltigkeitswoche-ist-gestartet\/","title":{"rendered":"Die Nachhaltigkeitswoche ist gestartet"},"content":{"rendered":"\n<figure class=\"wp-block-image size-large is-resized\"><img loading=\"lazy\" decoding=\"async\" width=\"1024\" height=\"683\" src=\"https:\/\/blog.phzh.ch\/bibliothek\/files\/2022\/03\/Ziel-12-Nachhaltigkeit-2-1024x683.jpg\" alt=\"\" class=\"wp-image-1519\" style=\"width:668px;height:445px\" srcset=\"https:\/\/blog.phzh.ch\/bibliothek\/files\/2022\/03\/Ziel-12-Nachhaltigkeit-2-1024x683.jpg 1024w, https:\/\/blog.phzh.ch\/bibliothek\/files\/2022\/03\/Ziel-12-Nachhaltigkeit-2-300x200.jpg 300w, https:\/\/blog.phzh.ch\/bibliothek\/files\/2022\/03\/Ziel-12-Nachhaltigkeit-2-768x512.jpg 768w, https:\/\/blog.phzh.ch\/bibliothek\/files\/2022\/03\/Ziel-12-Nachhaltigkeit-2-1536x1024.jpg 1536w, https:\/\/blog.phzh.ch\/bibliothek\/files\/2022\/03\/Ziel-12-Nachhaltigkeit-2-2048x1366.jpg 2048w\" sizes=\"auto, (max-width: 1024px) 100vw, 1024px\" \/><\/figure>\n\n\n\n<p><strong>Vom 7. bis 12. M\u00e4rz 2022 findet unter dem Motto \u00abact now\u00bb bereits zum 10. Mal die Nachhaltigkeitswoche Z\u00fcrich statt. Rund 50 Veranstaltungen beleuchten das Thema Nachhaltigkeit aus zahlreichen Blickwinkeln und fordern zum Handeln auf. Auch die Bibliothek der PH Z\u00fcrich ist wieder dabei!<\/strong><\/p>\n\n\n\n<p>Die <a rel=\"noreferrer noopener\" href=\"https:\/\/nachhaltigkeitswoche.ch\/en\/home\/\" data-type=\"URL\" data-id=\"https:\/\/nachhaltigkeitswoche.ch\/en\/home\/\" target=\"_blank\">Nachhaltigkeitswoche Z\u00fcrich<\/a> bietet Anlass, die bibliothekseigene <a href=\"https:\/\/blog.phzh.ch\/bibliothek\/2021\/09\/14\/ichbinalle-neue-themenreihe-der-bibliothek\/\" data-type=\"URL\" data-id=\"https:\/\/blog.phzh.ch\/bibliothek\/2021\/09\/14\/ichbinalle-neue-themenreihe-der-bibliothek\/\" target=\"_blank\" rel=\"noreferrer noopener\">Themenreihe #ichbinalle<\/a> fortzuf\u00fchren. Pr\u00e4sentiert werden eine Medienausstellung und zwei weitere Unterrichtsideen von Studierenden. Sie zeigen ganz unterschiedliche Wege, sich mit dem wichtigen Thema in Unterricht und Schule auseinanderzusetzen: spielerisch, kreativ und anregend.<\/p>\n\n\n\n<p><strong>Neue Ausstellung \u00abAus den Augen, aus dem Sinn\u00bb<\/strong><\/p>\n\n\n\n<p>Die Menschheit konsumiert mehr als die \u00d6kosysteme bereitstellen k\u00f6nnen. Auf dem Weltmarkt f\u00fchrt die Verschwendung von Nahrung, Technik und Mode zu einer Verteilungsschieflage. Am anderen Ende stehen Mangel, Billigproduktion und prek\u00e4re Arbeitsbedingungen. Das alles ist wenig nachhaltig. Und hinterl\u00e4sst einen massiven Abfallberg, an dessen Gipfeln sich die Grenzen des gesellschaftlichen und wirtschaftlichen Wachstums abzeichnen.<\/p>\n\n\n\n<div class=\"wp-block-media-text alignwide is-stacked-on-mobile\"><figure class=\"wp-block-media-text__media\"><img loading=\"lazy\" decoding=\"async\" width=\"1024\" height=\"576\" src=\"https:\/\/blog.phzh.ch\/bibliothek\/files\/2022\/03\/Ausstellung-BB-Ziel-12-Agenda-2030-1-klein-1-1024x576.jpg\" alt=\"\" class=\"wp-image-1533 size-full\" srcset=\"https:\/\/blog.phzh.ch\/bibliothek\/files\/2022\/03\/Ausstellung-BB-Ziel-12-Agenda-2030-1-klein-1-1024x576.jpg 1024w, https:\/\/blog.phzh.ch\/bibliothek\/files\/2022\/03\/Ausstellung-BB-Ziel-12-Agenda-2030-1-klein-1-300x169.jpg 300w, https:\/\/blog.phzh.ch\/bibliothek\/files\/2022\/03\/Ausstellung-BB-Ziel-12-Agenda-2030-1-klein-1-768x432.jpg 768w, https:\/\/blog.phzh.ch\/bibliothek\/files\/2022\/03\/Ausstellung-BB-Ziel-12-Agenda-2030-1-klein-1-1536x864.jpg 1536w, https:\/\/blog.phzh.ch\/bibliothek\/files\/2022\/03\/Ausstellung-BB-Ziel-12-Agenda-2030-1-klein-1-2048x1152.jpg 2048w\" sizes=\"auto, (max-width: 1024px) 100vw, 1024px\" \/><\/figure><div class=\"wp-block-media-text__content\">\n<p>Die Ausstellung im Rahmen der 10. Nachhaltigkeitswoche Z\u00fcrich pr\u00e4sentiert <a href=\"https:\/\/tiny.phzh.ch\/virtuelleausstellungen\" target=\"_blank\" rel=\"noreferrer noopener\">physische und virtuelle Medientipps zum Ziel 12 der UNO Agenda 2030<\/a>. Unbedingt besuchen!<\/p>\n<\/div><\/div>\n\n\n\n<p><strong>Unterrichtsideen<\/strong><\/p>\n\n\n\n<p><a href=\"https:\/\/blog.phzh.ch\/bibliothek\/2021\/11\/16\/themenreihe-geht-in-die-naechste-runde\/\" data-type=\"URL\" data-id=\"https:\/\/blog.phzh.ch\/bibliothek\/2021\/11\/16\/themenreihe-geht-in-die-naechste-runde\/\">Studierende haben ausserdem zu zwei weiteren Kinderb\u00fcchern Schulmaterial erarbeitet. <\/a>Schauen Sie sich gerne folgende <\/p>\n\n\n\n<div class=\"wp-block-file\"><a href=\"https:\/\/blog.phzh.ch\/bibliothek\/files\/2022\/03\/Unterrichtsideen.pdf\">Unterrichtsideen<\/a><a href=\"https:\/\/blog.phzh.ch\/bibliothek\/files\/2022\/03\/Unterrichtsideen.pdf\" class=\"wp-block-file__button wp-element-button\" download>Herunterladen<\/a><\/div>\n\n\n\n<p>zu <a rel=\"noreferrer noopener\" href=\"https:\/\/slsp-zph.primo.exlibrisgroup.com\/permalink\/41SLSP_PHZ\/184tvb6\/alma990093827100205521\" data-type=\"URL\" data-id=\"https:\/\/slsp-zph.primo.exlibrisgroup.com\/permalink\/41SLSP_PHZ\/184tvb6\/alma990093827100205521\" target=\"_blank\">I will not ever never eat a tomato<\/a> und die <\/p>\n\n\n\n<div class=\"wp-block-file\"><a href=\"https:\/\/blog.phzh.ch\/bibliothek\/files\/2022\/03\/Unterrichtsideen-1.pdf\">Unterrichtsideen<\/a><a href=\"https:\/\/blog.phzh.ch\/bibliothek\/files\/2022\/03\/Unterrichtsideen-1.pdf\" class=\"wp-block-file__button wp-element-button\" download>Herunterladen<\/a><\/div>\n\n\n\n<p>zu <a rel=\"noreferrer noopener\" href=\"https:\/\/slsp-zph.primo.exlibrisgroup.com\/permalink\/41SLSP_PHZ\/184tvb6\/alma99116767138405521\" data-type=\"URL\" data-id=\"https:\/\/slsp-zph.primo.exlibrisgroup.com\/permalink\/41SLSP_PHZ\/184tvb6\/alma99116767138405521\" target=\"_blank\">Most people<\/a> an. Viel Spass bei der Vorbereitung einer nachhaltigen Unterrichtsstunde!<\/p>\n","protected":false},"excerpt":{"rendered":"<p>Vom 7. bis 12. M\u00e4rz 2022 findet unter dem Motto \u00abact now\u00bb bereits zum 10. Mal die Nachhaltigkeitswoche Z\u00fcrich statt. Rund 50 Veranstaltungen beleuchten das Thema Nachhaltigkeit aus zahlreichen Blickwinkeln und fordern zum Handeln auf. Auch die Bibliothek der PH Z\u00fcrich ist wieder dabei! Die Nachhaltigkeitswoche Z\u00fcrich bietet Anlass, die bibliothekseigene Themenreihe #ichbinalle fortzuf\u00fchren. Pr\u00e4sentiert &hellip; <a href=\"https:\/\/blog.phzh.ch\/bibliothek\/2022\/03\/08\/die-nachhaltigkeitswoche-ist-gestartet\/\" class=\"more-link\"><span class=\"screen-reader-text\">Die Nachhaltigkeitswoche ist gestartet<\/span> weiterlesen<\/a><\/p>\n","protected":false},"author":1414,"featured_media":0,"comment_status":"open","ping_status":"open","sticky":false,"template":"","format":"standard","meta":{"sfsi_plus_gutenberg_text_before_share":"","sfsi_plus_gutenberg_show_text_before_share":"","sfsi_plus_gutenberg_icon_type":"","sfsi_plus_gutenberg_icon_alignemt":"","sfsi_plus_gutenburg_max_per_row":"","_s2mail":"yes","footnotes":""},"categories":[39],"tags":[],"class_list":["post-1514","post","type-post","status-publish","format-standard","hentry","category-allgemein"],"yoast_head":"<!-- This site is optimized with the Yoast SEO plugin v26.8 - https:\/\/yoast.com\/product\/yoast-seo-wordpress\/ -->\n<title>Die Nachhaltigkeitswoche ist gestartet - biblioPHil<\/title>\n<meta name=\"robots\" content=\"index, follow, max-snippet:-1, max-image-preview:large, max-video-preview:-1\" \/>\n<link rel=\"canonical\" href=\"https:\/\/blog.phzh.ch\/bibliothek\/2022\/03\/08\/die-nachhaltigkeitswoche-ist-gestartet\/\" \/>\n<meta property=\"og:locale\" content=\"de_DE\" \/>\n<meta property=\"og:type\" content=\"article\" \/>\n<meta property=\"og:title\" content=\"Die Nachhaltigkeitswoche ist gestartet - biblioPHil\" \/>\n<meta property=\"og:description\" content=\"Vom 7. bis 12. M\u00e4rz 2022 findet unter dem Motto \u00abact now\u00bb bereits zum 10. Mal die Nachhaltigkeitswoche Z\u00fcrich statt. Rund 50 Veranstaltungen beleuchten das Thema Nachhaltigkeit aus zahlreichen Blickwinkeln und fordern zum Handeln auf. Auch die Bibliothek der PH Z\u00fcrich ist wieder dabei! Die Nachhaltigkeitswoche Z\u00fcrich bietet Anlass, die bibliothekseigene Themenreihe #ichbinalle fortzuf\u00fchren. Pr\u00e4sentiert &hellip; Die Nachhaltigkeitswoche ist gestartet weiterlesen\" \/>\n<meta property=\"og:url\" content=\"https:\/\/blog.phzh.ch\/bibliothek\/2022\/03\/08\/die-nachhaltigkeitswoche-ist-gestartet\/\" \/>\n<meta property=\"og:site_name\" content=\"biblioPHil\" \/>\n<meta property=\"article:published_time\" content=\"2022-03-08T10:00:00+00:00\" \/>\n<meta property=\"article:modified_time\" content=\"2024-08-06T10:41:51+00:00\" \/>\n<meta property=\"og:image\" content=\"https:\/\/blog.phzh.ch\/bibliothek\/files\/2022\/03\/Ziel-12-Nachhaltigkeit-2-1024x683.jpg\" \/>\n<meta name=\"author\" content=\"andreasgrossmann\" \/>\n<meta name=\"twitter:card\" content=\"summary_large_image\" \/>\n<meta name=\"twitter:label1\" content=\"Verfasst von\" \/>\n\t<meta name=\"twitter:data1\" content=\"andreasgrossmann\" \/>\n\t<meta name=\"twitter:label2\" content=\"Gesch\u00e4tzte Lesezeit\" \/>\n\t<meta name=\"twitter:data2\" content=\"2\u00a0Minuten\" \/>\n<script type=\"application\/ld+json\" class=\"yoast-schema-graph\">{\"@context\":\"https:\/\/schema.org\",\"@graph\":[{\"@type\":\"Article\",\"@id\":\"https:\/\/blog.phzh.ch\/bibliothek\/2022\/03\/08\/die-nachhaltigkeitswoche-ist-gestartet\/#article\",\"isPartOf\":{\"@id\":\"https:\/\/blog.phzh.ch\/bibliothek\/2022\/03\/08\/die-nachhaltigkeitswoche-ist-gestartet\/\"},\"author\":{\"name\":\"andreasgrossmann\",\"@id\":\"https:\/\/blog.phzh.ch\/bibliothek\/#\/schema\/person\/4360211b9221fbb6cef4a29576ba41f5\"},\"headline\":\"Die Nachhaltigkeitswoche ist gestartet\",\"datePublished\":\"2022-03-08T10:00:00+00:00\",\"dateModified\":\"2024-08-06T10:41:51+00:00\",\"mainEntityOfPage\":{\"@id\":\"https:\/\/blog.phzh.ch\/bibliothek\/2022\/03\/08\/die-nachhaltigkeitswoche-ist-gestartet\/\"},\"wordCount\":218,\"commentCount\":4,\"image\":{\"@id\":\"https:\/\/blog.phzh.ch\/bibliothek\/2022\/03\/08\/die-nachhaltigkeitswoche-ist-gestartet\/#primaryimage\"},\"thumbnailUrl\":\"https:\/\/blog.phzh.ch\/bibliothek\/files\/2022\/03\/Ziel-12-Nachhaltigkeit-2-1024x683.jpg\",\"inLanguage\":\"de\",\"potentialAction\":[{\"@type\":\"CommentAction\",\"name\":\"Comment\",\"target\":[\"https:\/\/blog.phzh.ch\/bibliothek\/2022\/03\/08\/die-nachhaltigkeitswoche-ist-gestartet\/#respond\"]}]},{\"@type\":\"WebPage\",\"@id\":\"https:\/\/blog.phzh.ch\/bibliothek\/2022\/03\/08\/die-nachhaltigkeitswoche-ist-gestartet\/\",\"url\":\"https:\/\/blog.phzh.ch\/bibliothek\/2022\/03\/08\/die-nachhaltigkeitswoche-ist-gestartet\/\",\"name\":\"Die Nachhaltigkeitswoche ist gestartet - biblioPHil\",\"isPartOf\":{\"@id\":\"https:\/\/blog.phzh.ch\/bibliothek\/#website\"},\"primaryImageOfPage\":{\"@id\":\"https:\/\/blog.phzh.ch\/bibliothek\/2022\/03\/08\/die-nachhaltigkeitswoche-ist-gestartet\/#primaryimage\"},\"image\":{\"@id\":\"https:\/\/blog.phzh.ch\/bibliothek\/2022\/03\/08\/die-nachhaltigkeitswoche-ist-gestartet\/#primaryimage\"},\"thumbnailUrl\":\"https:\/\/blog.phzh.ch\/bibliothek\/files\/2022\/03\/Ziel-12-Nachhaltigkeit-2-1024x683.jpg\",\"datePublished\":\"2022-03-08T10:00:00+00:00\",\"dateModified\":\"2024-08-06T10:41:51+00:00\",\"author\":{\"@id\":\"https:\/\/blog.phzh.ch\/bibliothek\/#\/schema\/person\/4360211b9221fbb6cef4a29576ba41f5\"},\"breadcrumb\":{\"@id\":\"https:\/\/blog.phzh.ch\/bibliothek\/2022\/03\/08\/die-nachhaltigkeitswoche-ist-gestartet\/#breadcrumb\"},\"inLanguage\":\"de\",\"potentialAction\":[{\"@type\":\"ReadAction\",\"target\":[\"https:\/\/blog.phzh.ch\/bibliothek\/2022\/03\/08\/die-nachhaltigkeitswoche-ist-gestartet\/\"]}]},{\"@type\":\"ImageObject\",\"inLanguage\":\"de\",\"@id\":\"https:\/\/blog.phzh.ch\/bibliothek\/2022\/03\/08\/die-nachhaltigkeitswoche-ist-gestartet\/#primaryimage\",\"url\":\"https:\/\/blog.phzh.ch\/bibliothek\/files\/2022\/03\/Ziel-12-Nachhaltigkeit-2-scaled.jpg\",\"contentUrl\":\"https:\/\/blog.phzh.ch\/bibliothek\/files\/2022\/03\/Ziel-12-Nachhaltigkeit-2-scaled.jpg\",\"width\":2560,\"height\":1707},{\"@type\":\"BreadcrumbList\",\"@id\":\"https:\/\/blog.phzh.ch\/bibliothek\/2022\/03\/08\/die-nachhaltigkeitswoche-ist-gestartet\/#breadcrumb\",\"itemListElement\":[{\"@type\":\"ListItem\",\"position\":1,\"name\":\"Home\",\"item\":\"https:\/\/blog.phzh.ch\/bibliothek\/\"},{\"@type\":\"ListItem\",\"position\":2,\"name\":\"Die Nachhaltigkeitswoche ist gestartet\"}]},{\"@type\":\"WebSite\",\"@id\":\"https:\/\/blog.phzh.ch\/bibliothek\/#website\",\"url\":\"https:\/\/blog.phzh.ch\/bibliothek\/\",\"name\":\"biblioPHil\",\"description\":\"Blog der Bibliothek der PH Z\u00fcrich\",\"potentialAction\":[{\"@type\":\"SearchAction\",\"target\":{\"@type\":\"EntryPoint\",\"urlTemplate\":\"https:\/\/blog.phzh.ch\/bibliothek\/?s={search_term_string}\"},\"query-input\":{\"@type\":\"PropertyValueSpecification\",\"valueRequired\":true,\"valueName\":\"search_term_string\"}}],\"inLanguage\":\"de\"},{\"@type\":\"Person\",\"@id\":\"https:\/\/blog.phzh.ch\/bibliothek\/#\/schema\/person\/4360211b9221fbb6cef4a29576ba41f5\",\"name\":\"andreasgrossmann\",\"image\":{\"@type\":\"ImageObject\",\"inLanguage\":\"de\",\"@id\":\"https:\/\/blog.phzh.ch\/bibliothek\/#\/schema\/person\/image\/\",\"url\":\"https:\/\/secure.gravatar.com\/avatar\/05012106f8bf05a68e1ecc068b8fbee4?s=96&d=mm&r=g\",\"contentUrl\":\"https:\/\/secure.gravatar.com\/avatar\/05012106f8bf05a68e1ecc068b8fbee4?s=96&d=mm&r=g\",\"caption\":\"andreasgrossmann\"},\"url\":\"https:\/\/blog.phzh.ch\/bibliothek\/author\/andreasgrossmann\/\"}]}<\/script>\n<!-- \/ Yoast SEO plugin. -->","yoast_head_json":{"title":"Die Nachhaltigkeitswoche ist gestartet - biblioPHil","robots":{"index":"index","follow":"follow","max-snippet":"max-snippet:-1","max-image-preview":"max-image-preview:large","max-video-preview":"max-video-preview:-1"},"canonical":"https:\/\/blog.phzh.ch\/bibliothek\/2022\/03\/08\/die-nachhaltigkeitswoche-ist-gestartet\/","og_locale":"de_DE","og_type":"article","og_title":"Die Nachhaltigkeitswoche ist gestartet - biblioPHil","og_description":"Vom 7. bis 12. M\u00e4rz 2022 findet unter dem Motto \u00abact now\u00bb bereits zum 10. Mal die Nachhaltigkeitswoche Z\u00fcrich statt. Rund 50 Veranstaltungen beleuchten das Thema Nachhaltigkeit aus zahlreichen Blickwinkeln und fordern zum Handeln auf. Auch die Bibliothek der PH Z\u00fcrich ist wieder dabei! Die Nachhaltigkeitswoche Z\u00fcrich bietet Anlass, die bibliothekseigene Themenreihe #ichbinalle fortzuf\u00fchren. Pr\u00e4sentiert &hellip; Die Nachhaltigkeitswoche ist gestartet weiterlesen","og_url":"https:\/\/blog.phzh.ch\/bibliothek\/2022\/03\/08\/die-nachhaltigkeitswoche-ist-gestartet\/","og_site_name":"biblioPHil","article_published_time":"2022-03-08T10:00:00+00:00","article_modified_time":"2024-08-06T10:41:51+00:00","og_image":[{"url":"https:\/\/blog.phzh.ch\/bibliothek\/files\/2022\/03\/Ziel-12-Nachhaltigkeit-2-1024x683.jpg","type":"","width":"","height":""}],"author":"andreasgrossmann","twitter_card":"summary_large_image","twitter_misc":{"Verfasst von":"andreasgrossmann","Gesch\u00e4tzte Lesezeit":"2\u00a0Minuten"},"schema":{"@context":"https:\/\/schema.org","@graph":[{"@type":"Article","@id":"https:\/\/blog.phzh.ch\/bibliothek\/2022\/03\/08\/die-nachhaltigkeitswoche-ist-gestartet\/#article","isPartOf":{"@id":"https:\/\/blog.phzh.ch\/bibliothek\/2022\/03\/08\/die-nachhaltigkeitswoche-ist-gestartet\/"},"author":{"name":"andreasgrossmann","@id":"https:\/\/blog.phzh.ch\/bibliothek\/#\/schema\/person\/4360211b9221fbb6cef4a29576ba41f5"},"headline":"Die Nachhaltigkeitswoche ist gestartet","datePublished":"2022-03-08T10:00:00+00:00","dateModified":"2024-08-06T10:41:51+00:00","mainEntityOfPage":{"@id":"https:\/\/blog.phzh.ch\/bibliothek\/2022\/03\/08\/die-nachhaltigkeitswoche-ist-gestartet\/"},"wordCount":218,"commentCount":4,"image":{"@id":"https:\/\/blog.phzh.ch\/bibliothek\/2022\/03\/08\/die-nachhaltigkeitswoche-ist-gestartet\/#primaryimage"},"thumbnailUrl":"https:\/\/blog.phzh.ch\/bibliothek\/files\/2022\/03\/Ziel-12-Nachhaltigkeit-2-1024x683.jpg","inLanguage":"de","potentialAction":[{"@type":"CommentAction","name":"Comment","target":["https:\/\/blog.phzh.ch\/bibliothek\/2022\/03\/08\/die-nachhaltigkeitswoche-ist-gestartet\/#respond"]}]},{"@type":"WebPage","@id":"https:\/\/blog.phzh.ch\/bibliothek\/2022\/03\/08\/die-nachhaltigkeitswoche-ist-gestartet\/","url":"https:\/\/blog.phzh.ch\/bibliothek\/2022\/03\/08\/die-nachhaltigkeitswoche-ist-gestartet\/","name":"Die Nachhaltigkeitswoche ist gestartet - biblioPHil","isPartOf":{"@id":"https:\/\/blog.phzh.ch\/bibliothek\/#website"},"primaryImageOfPage":{"@id":"https:\/\/blog.phzh.ch\/bibliothek\/2022\/03\/08\/die-nachhaltigkeitswoche-ist-gestartet\/#primaryimage"},"image":{"@id":"https:\/\/blog.phzh.ch\/bibliothek\/2022\/03\/08\/die-nachhaltigkeitswoche-ist-gestartet\/#primaryimage"},"thumbnailUrl":"https:\/\/blog.phzh.ch\/bibliothek\/files\/2022\/03\/Ziel-12-Nachhaltigkeit-2-1024x683.jpg","datePublished":"2022-03-08T10:00:00+00:00","dateModified":"2024-08-06T10:41:51+00:00","author":{"@id":"https:\/\/blog.phzh.ch\/bibliothek\/#\/schema\/person\/4360211b9221fbb6cef4a29576ba41f5"},"breadcrumb":{"@id":"https:\/\/blog.phzh.ch\/bibliothek\/2022\/03\/08\/die-nachhaltigkeitswoche-ist-gestartet\/#breadcrumb"},"inLanguage":"de","potentialAction":[{"@type":"ReadAction","target":["https:\/\/blog.phzh.ch\/bibliothek\/2022\/03\/08\/die-nachhaltigkeitswoche-ist-gestartet\/"]}]},{"@type":"ImageObject","inLanguage":"de","@id":"https:\/\/blog.phzh.ch\/bibliothek\/2022\/03\/08\/die-nachhaltigkeitswoche-ist-gestartet\/#primaryimage","url":"https:\/\/blog.phzh.ch\/bibliothek\/files\/2022\/03\/Ziel-12-Nachhaltigkeit-2-scaled.jpg","contentUrl":"https:\/\/blog.phzh.ch\/bibliothek\/files\/2022\/03\/Ziel-12-Nachhaltigkeit-2-scaled.jpg","width":2560,"height":1707},{"@type":"BreadcrumbList","@id":"https:\/\/blog.phzh.ch\/bibliothek\/2022\/03\/08\/die-nachhaltigkeitswoche-ist-gestartet\/#breadcrumb","itemListElement":[{"@type":"ListItem","position":1,"name":"Home","item":"https:\/\/blog.phzh.ch\/bibliothek\/"},{"@type":"ListItem","position":2,"name":"Die Nachhaltigkeitswoche ist gestartet"}]},{"@type":"WebSite","@id":"https:\/\/blog.phzh.ch\/bibliothek\/#website","url":"https:\/\/blog.phzh.ch\/bibliothek\/","name":"biblioPHil","description":"Blog der Bibliothek der PH Z\u00fcrich","potentialAction":[{"@type":"SearchAction","target":{"@type":"EntryPoint","urlTemplate":"https:\/\/blog.phzh.ch\/bibliothek\/?s={search_term_string}"},"query-input":{"@type":"PropertyValueSpecification","valueRequired":true,"valueName":"search_term_string"}}],"inLanguage":"de"},{"@type":"Person","@id":"https:\/\/blog.phzh.ch\/bibliothek\/#\/schema\/person\/4360211b9221fbb6cef4a29576ba41f5","name":"andreasgrossmann","image":{"@type":"ImageObject","inLanguage":"de","@id":"https:\/\/blog.phzh.ch\/bibliothek\/#\/schema\/person\/image\/","url":"https:\/\/secure.gravatar.com\/avatar\/05012106f8bf05a68e1ecc068b8fbee4?s=96&d=mm&r=g","contentUrl":"https:\/\/secure.gravatar.com\/avatar\/05012106f8bf05a68e1ecc068b8fbee4?s=96&d=mm&r=g","caption":"andreasgrossmann"},"url":"https:\/\/blog.phzh.ch\/bibliothek\/author\/andreasgrossmann\/"}]}},"_links":{"self":[{"href":"https:\/\/blog.phzh.ch\/bibliothek\/wp-json\/wp\/v2\/posts\/1514","targetHints":{"allow":["GET"]}}],"collection":[{"href":"https:\/\/blog.phzh.ch\/bibliothek\/wp-json\/wp\/v2\/posts"}],"about":[{"href":"https:\/\/blog.phzh.ch\/bibliothek\/wp-json\/wp\/v2\/types\/post"}],"author":[{"embeddable":true,"href":"https:\/\/blog.phzh.ch\/bibliothek\/wp-json\/wp\/v2\/users\/1414"}],"replies":[{"embeddable":true,"href":"https:\/\/blog.phzh.ch\/bibliothek\/wp-json\/wp\/v2\/comments?post=1514"}],"version-history":[{"count":10,"href":"https:\/\/blog.phzh.ch\/bibliothek\/wp-json\/wp\/v2\/posts\/1514\/revisions"}],"predecessor-version":[{"id":2270,"href":"https:\/\/blog.phzh.ch\/bibliothek\/wp-json\/wp\/v2\/posts\/1514\/revisions\/2270"}],"wp:attachment":[{"href":"https:\/\/blog.phzh.ch\/bibliothek\/wp-json\/wp\/v2\/media?parent=1514"}],"wp:term":[{"taxonomy":"category","embeddable":true,"href":"https:\/\/blog.phzh.ch\/bibliothek\/wp-json\/wp\/v2\/categories?post=1514"},{"taxonomy":"post_tag","embeddable":true,"href":"https:\/\/blog.phzh.ch\/bibliothek\/wp-json\/wp\/v2\/tags?post=1514"}],"curies":[{"name":"wp","href":"https:\/\/api.w.org\/{rel}","templated":true}]}}